{"id":83167,"date":"2023-10-16T00:00:00","date_gmt":"2023-10-15T22:00:00","guid":{"rendered":"https:\/\/www.inmsol.com\/blog\/levoluzione-dei-modi-di-dire-in-spagnolo\/"},"modified":"2024-04-27T10:15:19","modified_gmt":"2024-04-27T08:15:19","slug":"levoluzione-dei-modi-di-dire-in-spagnolo","status":"publish","type":"post","link":"https:\/\/www.inmsol.com\/it\/blog-it-it\/levoluzione-dei-modi-di-dire-in-spagnolo\/","title":{"rendered":"L\u2019evoluzione dei modi di dire in spagnolo"},"content":{"rendered":"<p><span style=\"font-weight: 400;\">Non hai mai sentito dire \u201cm\u00e1s vale tarde que nunca\u201d o &#8220;a quien madruga, Dios lo ayuda&#8221;?\u00a0 Cero che si! I modi di dire in spagnolo (<a href=\"https:\/\/psicologiaymente.com\/reflexiones\/refranes-cortos\" target=\"_blank\" rel=\"noopener\">refranes<\/a>) sono delle perle di saggezza tramandate con il passaparola, una generazione dopo l&#8217;altra.Questi tesori di saggezza popolare hanno molto da insegnarci, molto pi\u00f9 di quanto immaginiamo.<\/span><\/p>\n<p><span style=\"font-weight: 400;\">Ti sei mai chiesto come si sono evoluti questi detti popolari nel tempo? Ognuno ha la sua storia, la sua origine e il suo significato legato alla tradizione e alla saggezza popolare. Alcuni hanno origini secolari, altri invece sono pi\u00f9 recenti, adatti ai cambi della societ\u00e0 moderna.\u00a0<\/span><\/p>\n<p><span style=\"font-weight: 400;\">Con il passare del tempo anche i modi di dire cambiano. Alcuni si modificano leggermente adattandosi al linguaggio contemporaneo, altri invece cadono in disuso e vengono sostituiti da nuovi detti popolari. Tuttavia, nonostante i cambi e le trasformazioni, i modi di dire continuare ad essere una parte fondamentale della nostra cultura ed offrono insegnamenti utili sulla vita dell\u2019uomo.<\/span><\/p>\n<h2><b>Origine dei modi di dire\u00a0<\/b><\/h2>\n<p><img fetchpriority=\"high\" decoding=\"async\" class=\"size-medium wp-image-72199 alignleft\" src=\"https:\/\/www.inmsol.com\/wp-content\/uploads\/2024\/04\/Refranes-en-Espanol-400x300-2.png\" alt=\"\" width=\"400\" height=\"300\" \/><\/p>\n<p><span style=\"font-weight: 400;\">L\u2019origine va ricercata nel cuore della storia ispanica. Molti derivano dalla tradizione orale, trasmessi da padre in figlio e da generazione in generazione. Dal medioevo all\u2019attualit\u00e0, i modi di dire sono un riflesso della cultura e delle credenze popolari.\u00a0<\/span><\/p>\n<p><span style=\"font-weight: 400;\">Alcuni hanno origine nell\u2019epoca romana, mentre altri sono pi\u00f9 recenti. Possono anche essere originari di altre culture, influenzati dalla mitologia greca o dai racconti orientali. Senza insistere sulla loro origine, ci\u00f2 che \u00e8 certo \u00e8 che i modi di dire sono sono un\u2019eredit\u00e0 importante della saggezza popolare, senza tempo e universali .<\/span><\/p>\n<p><b>Significato dei modi di dire\u00a0<\/b><\/p>\n<p><span style=\"font-weight: 400;\">Sono molto di pi\u00f9 che frasi semplici o detti popolari. Ognuno ha un significato profondo e un insegnamento da dare. Molti ci offrono dei consigli pratici e saggi su come affrontare diverse situazioni della vita, mentre che altri ci invitano a riflettere su temi come l\u2019amore, l\u2019amicizia o la felicit\u00e0.\u00a0<\/span><\/p>\n<p><span style=\"font-weight: 400;\">In pi\u00f9, si possono usare anche nelle conversazioni quotidiane, aggiungendo un tocco di umore, originalit\u00e0 e saggezza. \u00c8 un modo di connetterci alla nostra cultura e alle nostre radici, in pi\u00f9 ci aiutano a capire meglio il nostro passato e il nostro presente.\u00a0<\/span><\/p>\n<h2><b>Esempi di modi di dire e significati<\/b><\/h2>\n<ol>\n<li style=\"font-weight: 400;\" aria-level=\"1\"><b>&#8220;A caballo regalado no se le miran los dientes&#8221;:<\/b><span style=\"font-weight: 400;\"> ci insegna ad apprezzare i regali o i favori che riceviamo, senza giudicare cercando dei difetti.\u00a0<\/span><\/li>\n<li style=\"font-weight: 400;\" aria-level=\"1\"><b>&#8220;No hay mal que por bien no venga&#8221;:<\/b><span style=\"font-weight: 400;\"> ci ricorda di avere un atteggiamento positivo anche nelle situazioni difficili, in quanto le difficolt\u00e0 possono spesso condurre a risultati positivi.\u00a0<\/span><\/li>\n<li style=\"font-weight: 400;\" aria-level=\"1\"><b>&#8220;M\u00e1s vale tarde que nunca&#8221;:<\/b><span style=\"font-weight: 400;\"> non \u00e8 mai tardi per fare qualcosa ed \u00e8 meglio\u00a0 farlo con ritardo che non farlo proprio.\u00a0<\/span><\/li>\n<li style=\"font-weight: 400;\" aria-level=\"1\"><b>&#8220;Quien mucho abarca poco aprieta&#8221;:<\/b><span style=\"font-weight: 400;\"> ci avverte sopra i rischi di prendersi troppe responsabilit\u00e0 tutte insieme, consigliando di concentrarsi in pochi compiti e farli bene\u00a0<\/span><\/li>\n<li style=\"font-weight: 400;\" aria-level=\"1\"><b>&#8220;No se puede tener todo en la vida&#8221;:<\/b><span style=\"font-weight: 400;\"> ci aiuta ad accettare che non possiamo avere tutto, ma dobbiamo apprezzare quanto gi\u00e0 abbiamo.\u00a0<\/span><\/li>\n<\/ol>\n<p><span style=\"font-weight: 400;\">Questi modi di dire sono solo un esempio della ricchezza e della diversit\u00e0 della saggezza popolare ispanica. Sono un modo di trasmettere conoscenza ed esperienza, continuando ad essere rilevanti ed utili nella vita di tutti i giorni.\u00a0<\/span><\/p>\n<h2><b>Evoluzione linguistica\u00a0<\/b><\/h2>\n<p><span style=\"font-weight: 400;\">Se ti dicessi \u201cAl buen callar, llaman Sancho\u201d, ti starei ricordando che in certe situazioni \u00e8 meglio restare in silenzio. \u00c8 incredibile come i modi di dire si siano evoluti con il passare del tempo! In origine erano pi\u00f9 lunghi ma con il tempo si sono ridotti. Ora sono precisi e diretti, capace di esprimersi in poche parole.\u00a0\u00a0<\/span><\/p>\n<p><span style=\"font-weight: 400;\">Un esempio di questa evoluzione \u00e8 il modo di dire &#8220;A caballo regalado no le mires el diente\u201d per cui inizialmente si diceva &#8220;A caballo dado no hay que mirarle el diente&#8221;. Lo stesso vale per &#8220;Quien a buen \u00e1rbol se arrima, buena sombra le cobija&#8221;, che si diceva &#8220;Quien a buen \u00e1rbol se arrima, buena sombra le cobija y buen fruto le da&#8221;.<\/span><\/p>\n<p><span style=\"font-weight: 400;\">Questi cambi, nonostante sembrino minimi, riflettono il dinamismo del linguaggio e la tendenza verso l\u2019economia linguistica. Anche se pu\u00f2 cambiare la forma, il messaggio resta lo stesso, dimostrando la resistenza della saggezza popolare.\u00a0<\/span><\/p>\n<h3><b>Esempi specifici<\/b><\/h3>\n<ul>\n<li style=\"font-weight: 400;\" aria-level=\"1\"><span style=\"font-weight: 400;\">Antico: &#8220;En boca cerrada, no entran moscas&#8221;<\/span><\/li>\n<li style=\"font-weight: 400;\" aria-level=\"1\"><span style=\"font-weight: 400;\">Moderno: &#8220;El que mucho postea, poco vive&#8221;<\/span><\/li>\n<\/ul>\n<p>&nbsp;<\/p>\n<h2><b>Temi che cambiano\u00a0<\/b><\/h2>\n<p><span style=\"font-weight: 400;\">Nel passato i modi di dire si basavano principalmente sulla natura, l\u2019agricoltura e la morale. Ad esempio, il detto &#8220;Abril, aguas mil&#8221; riflette l&#8217;importanza dell\u2019acqua nell\u2019agricoltura e l\u2019importanza della pioggia nel mese di aprile. Tuttavia, non credere che i modi di dire siano rimasti legati al passato. I pi\u00f9 moderni si riferiscono ad un\u2019ampia gamma di temi: dalle relazioni amorose a quelle quotidiane della citt\u00e0. Con il suo linguaggio preciso, i modi di dire continuano ad essere un modo di trasmettere insegnamenti alle generazioni attuali.\u00a0<\/span><\/p>\n<p>&nbsp;<\/p>\n<p><b>Influenze culturali e sociali<\/b><\/p>\n<p><span style=\"font-weight: 400;\">Essendo un riflesso della societ\u00e0, anche i modi di dire sono cambiati con il passare degli anni. Se prima si diceva &#8220;cr\u00eda cuervos y te sacar\u00e1n los ojos&#8221;, per esprimere sfiducia ed avvertire i pericoli di fidarsi di persone poco oneste, in una societ\u00e0 pi\u00f9 ottimista come quella di oggi, abbiamo dei modi di dire come &#8220;comparte tus sue\u00f1os y volar\u00e1s m\u00e1s alto&#8221;.<\/span><\/p>\n<p><span style=\"font-weight: 400;\">Questo nuovo modo di dire \u00e8 un invito a condividere i nostri obiettivi e le nostre aspirazioni con gli altri. Rispecchia l\u2019importanza della collaborazione e del lavoro di squadra nel mondo moderno.\u00a0<\/span><\/p>\n<h2><b>Regionalismi e variazioni<\/b><\/h2>\n<p><span style=\"font-weight: 400;\">Qui la questione si fa interessante! Se in Spagna puoi sentire &#8220;al mal tiempo, buena cara&#8221;, che invita ad essere positivi anche di fronte alle difficolt\u00e0, in America Latina sentirai dire &#8220;no hay mal que por bien no venga&#8221;, per cui da ogni situazione negativa pu\u00f2 nascere qualcosa di positivo.\u00a0<\/span><\/p>\n<p><span style=\"font-weight: 400;\">Ogni regione aggiunge il suo contributo e le sue espressioni ricche di saggezza. \u00c8 affascinante come ogni cultura arricchisca il nostro modo di vedere ed affrontare la vita.\u00a0<\/span><\/p>\n<h2><b>Adattarsi alla tecnologia e alla vita moderna\u00a0<\/b><\/h2>\n<p><span style=\"font-weight: 400;\">Il mondo digitale ha lasciato la sua impronta! Oggi incontriamo delle perle come &#8220;no todo lo que brilla es un like&#8221;, che ci ricordi che l\u2019apparenza non rispecchia sempre la realt\u00e1.\u00a0<\/span><\/p>\n<p><span style=\"font-weight: 400;\">Ascoltiamo anche espressioni come &#8220;mejor wifi conectado que un coraz\u00f3n desconectado&#8221;, che invitano a valorizzare l&#8217;importanza della connessione digitale nella nostra vita. Queste frasi sono un invito a riflettere sull\u2019impatto della tecnologia nelle nostre vite e su come sia cambiato il modo di comunicare e di relazionarsi nel mondo attuale.\u00a0<\/span><\/p>\n<h2><b>Rilevanza nella cultura attuale\u00a0<\/b><\/h2>\n<p><span style=\"font-weight: 400;\">Alzi la mano chi non ha mai usato un modo di dire in una conversazione tra amici. Queste espressioni popolari continuano ad essere un ingrediente speciale delle nostre conversazioni, aggiungendo un tocco unico.\u00a0<\/span><\/p>\n<p><span style=\"font-weight: 400;\">I modi di dire si adattano e cambiano durante il tempo, trasmettendo valori ed insegnamenti di generazioni in generazione. Sono delle pillole di conoscenza che ci accompagnano ogni giorno, ricordandoci l\u2019importanza della tradizione.<\/span><\/p>\n<p><span style=\"font-weight: 400;\">Per cui la prossima volta che ti trovi in una discussione piacevole, non avere paura di usare un modo di dire. Non si sa mai quale perla di saggezza potrebbe nascere!\u00a0<\/span><\/p>\n<h2><b>Impatto nella letteratura e nei mezzi di comunicazione<\/b><\/h2>\n<p><span style=\"font-weight: 400;\">Dai romanzi pi\u00f9 antichi della letteratura classica fino alle canzoni pop orecchiabili di oggi, i modi di dire hanno lasciato un\u2019impronta indelebile nella societ\u00e0. Sono questi i piccoli particolari che aggiungono umanit\u00e0 e ci connettono alle nostre radici culturali pi\u00f9 profonde.\u00a0<\/span><\/p>\n<p><span style=\"font-weight: 400;\">Con il passare delle generazioni, i modi di dire sono sopravvissuti come un modo di trasmettere insegnamenti, valori e tradizioni, superando le barriere culturali del tempo e dello spazio.\u00a0<\/span><\/p>\n<p><span style=\"font-weight: 400;\">La loro influenza \u00e8 tale che sono diventati parte integrante delle nostre conversazioni, aggiungendo colore e significato.\u00a0<\/span><\/p>\n<p><span style=\"font-weight: 400;\">Sono dei veri gioielli linguistici che ci ricordano la ricchezza della nostra cultura e ci invitano a riflettere sulla vita.\u00a0<\/span><\/p>\n<ul>\n<li style=\"font-weight: 400;\" aria-level=\"1\"><span style=\"font-weight: 400;\">Saggezza popolare: &#8220;A quien madruga, Dios lo ayuda&#8221;<\/span><\/li>\n<li style=\"font-weight: 400;\" aria-level=\"1\"><span style=\"font-weight: 400;\">Letteratura classica: &#8220;El amor todo lo vence&#8221; &#8211; Miguel de Cervantes<\/span><\/li>\n<li style=\"font-weight: 400;\" aria-level=\"1\"><span style=\"font-weight: 400;\">Canzoni popolari: &#8220;Color esperanza&#8221; &#8211; Diego Torres (&#8220;S\u00e9 que las ventanas se pueden abrir, cambiar el aire depende de ti&#8221;)<\/span><\/li>\n<\/ul>\n<p><span style=\"font-weight: 400;\">Nella letteratura i modi di dire sono stati utilizzati per arricchire e rendere pi\u00f9 interessanti i personaggi. Autori come William Shakespeare, Charles Dickens e Jane Austen li hanno usati perfettamente nelle loro opere per esprimere il carattere e le credenze dei loro protagonisti.\u00a0<\/span><\/p>\n<h2><b>Domande frequenti\u00a0<\/b><\/h2>\n<h4><b>Cosa \u00e8 un modo di dire?\u00a0<\/b><\/h4>\n<p><span style=\"font-weight: 400;\">\u00c8 un&#8217;espressione fissa, di origine popolare, che trasmette saggezza, una morale o una semplice osservazione sulla vita.\u00a0<\/span><\/p>\n<h4><b>Perch\u00e9 \u00e8 importante conoscerli?<\/b><\/h4>\n<p><span style=\"font-weight: 400;\">Aiutano a capire la cultura, la storia e i valori di una societ\u00e0.\u00a0<\/span><\/p>\n<h4><b>Hanno perso importanza con la digitalizzazione?<\/b><\/h4>\n<p><span style=\"font-weight: 400;\">No, si sono semplicemente adattati e reinventati per l\u2019era digitale.\u00a0<\/span><\/p>\n<h2><b>Modi di dire nell\u2019insegnamento dello spagnolo<\/b><\/h2>\n<p><span style=\"font-weight: 400;\">Sono uno<a href=\"https:\/\/www.inmsol.com\/it\/recursos-gramaticales\/\" target=\"_blank\" rel=\"noopener\"> strumento didattico<\/a> di valore per l\u2019apprendimento dello spagnolo come lingua straniera. Utilizzare i modi di dire permette agli studenti di capire meglio gli usi e le connotazioni delle parole. In pi\u00f9, lo studio e la discussione dei modi di dire pu\u00f2 migliorare la fluidit\u00e0 verbale. Quando gli studenti si immergono nel mondo dei detti popolari, stanno anche esplorando la cultura e le espressioni linguistiche proprie dei paesi ispanici. Ogni modo di dire ha la sua storia, e scoprirle significa connettersi pi\u00f9 a fondo con la cultura.\u00a0<\/span><\/p>\n<p><span style=\"font-weight: 400;\">Inoltre offrono agli studenti la possibilit\u00e0 di sviluppare il pensiero critico. Analizzando il significato e l\u2019applicazione dei modi di dire, gli studenti imparano ad interpretare informazioni in modo riflessivo. Questa capacit\u00e0 di pensiero e di analisi \u00e8 fondamentale nel mondo di oggi, dove comunicazione e comprensione culturale sono sempre pi\u00f9 importanti.\u00a0<\/span><\/p>\n<p><span style=\"font-weight: 400;\">In<a href=\"https:\/\/www.inmsol.com\/it\/\" target=\"_blank\" rel=\"noopener\"> iNMSOL<\/a>, i modi di dire sono un&#8217;importante risorsa didattica per migliorare la comprensione culturale. Attraverso attivit\u00e0 interattive e dinamiche, gli studenti li applicano in situazioni reali. Questo permetter\u00e0 loro non solo di migliorare il dominio della lingua, ma anche di apprezzare pi\u00f9 in profondit\u00e0 la diversit\u00e0 culturale dei paesi ispanici.\u00a0<\/span><\/p>\n<h2><b>Conclusione<\/b><\/h2>\n<p><span style=\"font-weight: 400;\">Da &#8220;donde hubo fuego, cenizas quedan&#8221; passando per\u00a0 &#8220;amor de chat, r\u00e1pido se va&#8221;. I modi di dire in spagnolo si sono evoluti durante i secoli, riflettendo l\u2019essenza della cultura ispanica.\u00a0<\/span><\/p>\n<p><span style=\"font-weight: 400;\">Questi piccoli gioielli linguistici sono l\u2019anima della comunicazione, dando voce all\u2019esperienza accumulato da generazioni. Con il loro incanto atemporale resisteranno nel tempo, adattandosi al progresso e lasciando un&#8217;impronta nella memoria di tutti.\u00a0<\/span><\/p>\n<p><span style=\"font-weight: 400;\">A tutti i modi di dire che verrano e a quelli che hanno lasciato il loro segno indelebile nella nostra cultura. Ol\u00e9!<\/span><\/p>\n","protected":false},"excerpt":{"rendered":"<p>Non hai mai sentito dire \u201cm\u00e1s vale tarde que nunca\u201d o &#8220;a quien madruga, Dios lo ayuda&#8221;?\u00a0 Cero che si! I modi di dire in spagnolo (refranes) sono delle perle di saggezza tramandate con il passaparola, una generazione dopo l&#8217;altra.Questi tesori di saggezza popolare hanno&#8230;<\/p>\n","protected":false},"author":66,"featured_media":82004,"comment_status":"closed","ping_status":"closed","sticky":false,"template":"","format":"standard","meta":{"_acf_changed":false,"footnotes":""},"categories":[6,34],"tags":[],"class_list":["post-83167","post","type-post","status-publish","format-standard","has-post-thumbnail","hentry","category-blog-it-it","category-cultura-letteratura-storia-spagna"],"acf":[],"yoast_head":"<!-- This site is optimized with the Yoast SEO plugin v27.5 - https:\/\/yoast.com\/product\/yoast-seo-wordpress\/ -->\n<title>L\u2019evoluzione dei modi di dire in spagnolo &#8226; iNMSOL<\/title>\n<meta name=\"robots\" content=\"index, follow, max-snippet:-1, max-image-preview:large, max-video-preview:-1\" \/>\n<link rel=\"canonical\" href=\"https:\/\/www.inmsol.com\/it\/blog-it-it\/levoluzione-dei-modi-di-dire-in-spagnolo\/\" \/>\n<meta property=\"og:locale\" content=\"it_IT\" \/>\n<meta property=\"og:type\" content=\"article\" \/>\n<meta property=\"og:title\" content=\"L\u2019evoluzione dei modi di dire in spagnolo &#8226; iNMSOL\" \/>\n<meta property=\"og:description\" content=\"Non hai mai sentito dire \u201cm\u00e1s vale tarde que nunca\u201d o &#8220;a quien madruga, Dios lo ayuda&#8221;?\u00a0 Cero che si! I modi di dire in spagnolo (refranes) sono delle perle di saggezza tramandate con il passaparola, una generazione dopo l&#8217;altra.Questi tesori di saggezza popolare hanno...\" \/>\n<meta property=\"og:url\" content=\"https:\/\/www.inmsol.com\/it\/blog-it-it\/levoluzione-dei-modi-di-dire-in-spagnolo\/\" \/>\n<meta property=\"og:site_name\" content=\"iNMSOL\" \/>\n<meta property=\"article:publisher\" content=\"https:\/\/www.facebook.com\/spanishcourses\" \/>\n<meta property=\"article:published_time\" content=\"2023-10-15T22:00:00+00:00\" \/>\n<meta property=\"article:modified_time\" content=\"2024-04-27T08:15:19+00:00\" \/>\n<meta property=\"og:image\" content=\"https:\/\/www.inmsol.com\/wp-content\/uploads\/2024\/04\/Refranes-en-Espanol.png\" \/>\n\t<meta property=\"og:image:width\" content=\"800\" \/>\n\t<meta property=\"og:image:height\" content=\"600\" \/>\n\t<meta property=\"og:image:type\" content=\"image\/png\" \/>\n<meta name=\"author\" content=\"Pablo MantenimientoWeb\" \/>\n<meta name=\"twitter:label1\" content=\"Scritto da\" \/>\n\t<meta name=\"twitter:data1\" content=\"Pablo MantenimientoWeb\" \/>\n\t<meta name=\"twitter:label2\" content=\"Tempo di lettura stimato\" \/>\n\t<meta name=\"twitter:data2\" content=\"8 minuti\" \/>\n<script type=\"application\/ld+json\" class=\"yoast-schema-graph\">{\"@context\":\"https:\\\/\\\/schema.org\",\"@graph\":[{\"@type\":\"Article\",\"@id\":\"https:\\\/\\\/www.inmsol.com\\\/it\\\/blog-it-it\\\/levoluzione-dei-modi-di-dire-in-spagnolo\\\/#article\",\"isPartOf\":{\"@id\":\"https:\\\/\\\/www.inmsol.com\\\/it\\\/blog-it-it\\\/levoluzione-dei-modi-di-dire-in-spagnolo\\\/\"},\"author\":{\"name\":\"Pablo MantenimientoWeb\",\"@id\":\"https:\\\/\\\/www.inmsol.com\\\/it\\\/#\\\/schema\\\/person\\\/c45e4acd53ba4bb0faa787aa3413efff\"},\"headline\":\"L\u2019evoluzione dei modi di dire in spagnolo\",\"datePublished\":\"2023-10-15T22:00:00+00:00\",\"dateModified\":\"2024-04-27T08:15:19+00:00\",\"mainEntityOfPage\":{\"@id\":\"https:\\\/\\\/www.inmsol.com\\\/it\\\/blog-it-it\\\/levoluzione-dei-modi-di-dire-in-spagnolo\\\/\"},\"wordCount\":1722,\"publisher\":{\"@id\":\"https:\\\/\\\/www.inmsol.com\\\/it\\\/#organization\"},\"image\":{\"@id\":\"https:\\\/\\\/www.inmsol.com\\\/it\\\/blog-it-it\\\/levoluzione-dei-modi-di-dire-in-spagnolo\\\/#primaryimage\"},\"thumbnailUrl\":\"https:\\\/\\\/www.inmsol.com\\\/wp-content\\\/uploads\\\/2024\\\/04\\\/Refranes-en-Espanol.png\",\"articleSection\":[\"Blog\",\"Cultura, Letteratura e Storia della Spagna e Latinoamerica\"],\"inLanguage\":\"it-IT\"},{\"@type\":\"WebPage\",\"@id\":\"https:\\\/\\\/www.inmsol.com\\\/it\\\/blog-it-it\\\/levoluzione-dei-modi-di-dire-in-spagnolo\\\/\",\"url\":\"https:\\\/\\\/www.inmsol.com\\\/it\\\/blog-it-it\\\/levoluzione-dei-modi-di-dire-in-spagnolo\\\/\",\"name\":\"L\u2019evoluzione dei modi di dire in spagnolo &#8226; iNMSOL\",\"isPartOf\":{\"@id\":\"https:\\\/\\\/www.inmsol.com\\\/it\\\/#website\"},\"primaryImageOfPage\":{\"@id\":\"https:\\\/\\\/www.inmsol.com\\\/it\\\/blog-it-it\\\/levoluzione-dei-modi-di-dire-in-spagnolo\\\/#primaryimage\"},\"image\":{\"@id\":\"https:\\\/\\\/www.inmsol.com\\\/it\\\/blog-it-it\\\/levoluzione-dei-modi-di-dire-in-spagnolo\\\/#primaryimage\"},\"thumbnailUrl\":\"https:\\\/\\\/www.inmsol.com\\\/wp-content\\\/uploads\\\/2024\\\/04\\\/Refranes-en-Espanol.png\",\"datePublished\":\"2023-10-15T22:00:00+00:00\",\"dateModified\":\"2024-04-27T08:15:19+00:00\",\"breadcrumb\":{\"@id\":\"https:\\\/\\\/www.inmsol.com\\\/it\\\/blog-it-it\\\/levoluzione-dei-modi-di-dire-in-spagnolo\\\/#breadcrumb\"},\"inLanguage\":\"it-IT\",\"potentialAction\":[{\"@type\":\"ReadAction\",\"target\":[\"https:\\\/\\\/www.inmsol.com\\\/it\\\/blog-it-it\\\/levoluzione-dei-modi-di-dire-in-spagnolo\\\/\"]}]},{\"@type\":\"ImageObject\",\"inLanguage\":\"it-IT\",\"@id\":\"https:\\\/\\\/www.inmsol.com\\\/it\\\/blog-it-it\\\/levoluzione-dei-modi-di-dire-in-spagnolo\\\/#primaryimage\",\"url\":\"https:\\\/\\\/www.inmsol.com\\\/wp-content\\\/uploads\\\/2024\\\/04\\\/Refranes-en-Espanol.png\",\"contentUrl\":\"https:\\\/\\\/www.inmsol.com\\\/wp-content\\\/uploads\\\/2024\\\/04\\\/Refranes-en-Espanol.png\",\"width\":800,\"height\":600},{\"@type\":\"BreadcrumbList\",\"@id\":\"https:\\\/\\\/www.inmsol.com\\\/it\\\/blog-it-it\\\/levoluzione-dei-modi-di-dire-in-spagnolo\\\/#breadcrumb\",\"itemListElement\":[{\"@type\":\"ListItem\",\"position\":1,\"name\":\"Accredited Center by Instituto Cervantes\",\"item\":\"https:\\\/\\\/www.inmsol.com\\\/it\\\/pagina-ejemplo\\\/\"},{\"@type\":\"ListItem\",\"position\":2,\"name\":\"Blog\",\"item\":\"https:\\\/\\\/www.inmsol.com\\\/it\\\/category\\\/blog-it-it\\\/\"},{\"@type\":\"ListItem\",\"position\":3,\"name\":\"Cultura, Letteratura e Storia della Spagna e Latinoamerica\",\"item\":\"https:\\\/\\\/www.inmsol.com\\\/it\\\/category\\\/blog-it-it\\\/cultura-letteratura-storia-spagna\\\/\"},{\"@type\":\"ListItem\",\"position\":4,\"name\":\"L\u2019evoluzione dei modi di dire in spagnolo\"}]},{\"@type\":\"WebSite\",\"@id\":\"https:\\\/\\\/www.inmsol.com\\\/it\\\/#website\",\"url\":\"https:\\\/\\\/www.inmsol.com\\\/it\\\/\",\"name\":\"iNMSOL\",\"description\":\"Impara lo spagnolo con noi - Centro di studio accreditato con l'Istituto Cervantes\",\"publisher\":{\"@id\":\"https:\\\/\\\/www.inmsol.com\\\/it\\\/#organization\"},\"potentialAction\":[{\"@type\":\"SearchAction\",\"target\":{\"@type\":\"EntryPoint\",\"urlTemplate\":\"https:\\\/\\\/www.inmsol.com\\\/it\\\/?s={search_term_string}\"},\"query-input\":{\"@type\":\"PropertyValueSpecification\",\"valueRequired\":true,\"valueName\":\"search_term_string\"}}],\"inLanguage\":\"it-IT\"},{\"@type\":\"Organization\",\"@id\":\"https:\\\/\\\/www.inmsol.com\\\/it\\\/#organization\",\"name\":\"Instituto Mediterr\u00e1neo Sol\",\"url\":\"https:\\\/\\\/www.inmsol.com\\\/it\\\/\",\"logo\":{\"@type\":\"ImageObject\",\"inLanguage\":\"it-IT\",\"@id\":\"https:\\\/\\\/www.inmsol.com\\\/it\\\/#\\\/schema\\\/logo\\\/image\\\/\",\"url\":\"https:\\\/\\\/www.inmsol.com\\\/wp-content\\\/uploads\\\/2023\\\/06\\\/logo-inmsol-1.png\",\"contentUrl\":\"https:\\\/\\\/www.inmsol.com\\\/wp-content\\\/uploads\\\/2023\\\/06\\\/logo-inmsol-1.png\",\"width\":136,\"height\":73,\"caption\":\"Instituto Mediterr\u00e1neo Sol\"},\"image\":{\"@id\":\"https:\\\/\\\/www.inmsol.com\\\/it\\\/#\\\/schema\\\/logo\\\/image\\\/\"},\"sameAs\":[\"https:\\\/\\\/www.facebook.com\\\/spanishcourses\",\"https:\\\/\\\/x.com\\\/StudyInGranada\",\"http:\\\/\\\/instagram.com\\\/imsolgranada\",\"https:\\\/\\\/es.linkedin.com\\\/company\\\/imsol-granada\",\"https:\\\/\\\/www.pinterest.es\\\/inmsol\\\/\",\"https:\\\/\\\/www.youtube.com\\\/channel\\\/UChz-Qn_7coFMosY85iYMO4g\"]},{\"@type\":\"Person\",\"@id\":\"https:\\\/\\\/www.inmsol.com\\\/it\\\/#\\\/schema\\\/person\\\/c45e4acd53ba4bb0faa787aa3413efff\",\"name\":\"Pablo MantenimientoWeb\",\"image\":{\"@type\":\"ImageObject\",\"inLanguage\":\"it-IT\",\"@id\":\"https:\\\/\\\/secure.gravatar.com\\\/avatar\\\/53593f419e354d5e381bb9873f66d5fd482fbc6d09991fc9de56eb6e230159f2?s=96&d=mm&r=g\",\"url\":\"https:\\\/\\\/secure.gravatar.com\\\/avatar\\\/53593f419e354d5e381bb9873f66d5fd482fbc6d09991fc9de56eb6e230159f2?s=96&d=mm&r=g\",\"contentUrl\":\"https:\\\/\\\/secure.gravatar.com\\\/avatar\\\/53593f419e354d5e381bb9873f66d5fd482fbc6d09991fc9de56eb6e230159f2?s=96&d=mm&r=g\",\"caption\":\"Pablo MantenimientoWeb\"},\"sameAs\":[\"https:\\\/\\\/mantenimientoweb.pro\"],\"url\":\"https:\\\/\\\/www.inmsol.com\\\/it\\\/author\\\/mantenimientoweb\\\/\"}]}<\/script>\n<!-- \/ Yoast SEO plugin. -->","yoast_head_json":{"title":"L\u2019evoluzione dei modi di dire in spagnolo &#8226; iNMSOL","robots":{"index":"index","follow":"follow","max-snippet":"max-snippet:-1","max-image-preview":"max-image-preview:large","max-video-preview":"max-video-preview:-1"},"canonical":"https:\/\/www.inmsol.com\/it\/blog-it-it\/levoluzione-dei-modi-di-dire-in-spagnolo\/","og_locale":"it_IT","og_type":"article","og_title":"L\u2019evoluzione dei modi di dire in spagnolo &#8226; iNMSOL","og_description":"Non hai mai sentito dire \u201cm\u00e1s vale tarde que nunca\u201d o &#8220;a quien madruga, Dios lo ayuda&#8221;?\u00a0 Cero che si! I modi di dire in spagnolo (refranes) sono delle perle di saggezza tramandate con il passaparola, una generazione dopo l&#8217;altra.Questi tesori di saggezza popolare hanno...","og_url":"https:\/\/www.inmsol.com\/it\/blog-it-it\/levoluzione-dei-modi-di-dire-in-spagnolo\/","og_site_name":"iNMSOL","article_publisher":"https:\/\/www.facebook.com\/spanishcourses","article_published_time":"2023-10-15T22:00:00+00:00","article_modified_time":"2024-04-27T08:15:19+00:00","og_image":[{"width":800,"height":600,"url":"https:\/\/www.inmsol.com\/wp-content\/uploads\/2024\/04\/Refranes-en-Espanol.png","type":"image\/png"}],"author":"Pablo MantenimientoWeb","twitter_misc":{"Scritto da":"Pablo MantenimientoWeb","Tempo di lettura stimato":"8 minuti"},"schema":{"@context":"https:\/\/schema.org","@graph":[{"@type":"Article","@id":"https:\/\/www.inmsol.com\/it\/blog-it-it\/levoluzione-dei-modi-di-dire-in-spagnolo\/#article","isPartOf":{"@id":"https:\/\/www.inmsol.com\/it\/blog-it-it\/levoluzione-dei-modi-di-dire-in-spagnolo\/"},"author":{"name":"Pablo MantenimientoWeb","@id":"https:\/\/www.inmsol.com\/it\/#\/schema\/person\/c45e4acd53ba4bb0faa787aa3413efff"},"headline":"L\u2019evoluzione dei modi di dire in spagnolo","datePublished":"2023-10-15T22:00:00+00:00","dateModified":"2024-04-27T08:15:19+00:00","mainEntityOfPage":{"@id":"https:\/\/www.inmsol.com\/it\/blog-it-it\/levoluzione-dei-modi-di-dire-in-spagnolo\/"},"wordCount":1722,"publisher":{"@id":"https:\/\/www.inmsol.com\/it\/#organization"},"image":{"@id":"https:\/\/www.inmsol.com\/it\/blog-it-it\/levoluzione-dei-modi-di-dire-in-spagnolo\/#primaryimage"},"thumbnailUrl":"https:\/\/www.inmsol.com\/wp-content\/uploads\/2024\/04\/Refranes-en-Espanol.png","articleSection":["Blog","Cultura, Letteratura e Storia della Spagna e Latinoamerica"],"inLanguage":"it-IT"},{"@type":"WebPage","@id":"https:\/\/www.inmsol.com\/it\/blog-it-it\/levoluzione-dei-modi-di-dire-in-spagnolo\/","url":"https:\/\/www.inmsol.com\/it\/blog-it-it\/levoluzione-dei-modi-di-dire-in-spagnolo\/","name":"L\u2019evoluzione dei modi di dire in spagnolo &#8226; iNMSOL","isPartOf":{"@id":"https:\/\/www.inmsol.com\/it\/#website"},"primaryImageOfPage":{"@id":"https:\/\/www.inmsol.com\/it\/blog-it-it\/levoluzione-dei-modi-di-dire-in-spagnolo\/#primaryimage"},"image":{"@id":"https:\/\/www.inmsol.com\/it\/blog-it-it\/levoluzione-dei-modi-di-dire-in-spagnolo\/#primaryimage"},"thumbnailUrl":"https:\/\/www.inmsol.com\/wp-content\/uploads\/2024\/04\/Refranes-en-Espanol.png","datePublished":"2023-10-15T22:00:00+00:00","dateModified":"2024-04-27T08:15:19+00:00","breadcrumb":{"@id":"https:\/\/www.inmsol.com\/it\/blog-it-it\/levoluzione-dei-modi-di-dire-in-spagnolo\/#breadcrumb"},"inLanguage":"it-IT","potentialAction":[{"@type":"ReadAction","target":["https:\/\/www.inmsol.com\/it\/blog-it-it\/levoluzione-dei-modi-di-dire-in-spagnolo\/"]}]},{"@type":"ImageObject","inLanguage":"it-IT","@id":"https:\/\/www.inmsol.com\/it\/blog-it-it\/levoluzione-dei-modi-di-dire-in-spagnolo\/#primaryimage","url":"https:\/\/www.inmsol.com\/wp-content\/uploads\/2024\/04\/Refranes-en-Espanol.png","contentUrl":"https:\/\/www.inmsol.com\/wp-content\/uploads\/2024\/04\/Refranes-en-Espanol.png","width":800,"height":600},{"@type":"BreadcrumbList","@id":"https:\/\/www.inmsol.com\/it\/blog-it-it\/levoluzione-dei-modi-di-dire-in-spagnolo\/#breadcrumb","itemListElement":[{"@type":"ListItem","position":1,"name":"Accredited Center by Instituto Cervantes","item":"https:\/\/www.inmsol.com\/it\/pagina-ejemplo\/"},{"@type":"ListItem","position":2,"name":"Blog","item":"https:\/\/www.inmsol.com\/it\/category\/blog-it-it\/"},{"@type":"ListItem","position":3,"name":"Cultura, Letteratura e Storia della Spagna e Latinoamerica","item":"https:\/\/www.inmsol.com\/it\/category\/blog-it-it\/cultura-letteratura-storia-spagna\/"},{"@type":"ListItem","position":4,"name":"L\u2019evoluzione dei modi di dire in spagnolo"}]},{"@type":"WebSite","@id":"https:\/\/www.inmsol.com\/it\/#website","url":"https:\/\/www.inmsol.com\/it\/","name":"iNMSOL","description":"Impara lo spagnolo con noi - Centro di studio accreditato con l'Istituto Cervantes","publisher":{"@id":"https:\/\/www.inmsol.com\/it\/#organization"},"potentialAction":[{"@type":"SearchAction","target":{"@type":"EntryPoint","urlTemplate":"https:\/\/www.inmsol.com\/it\/?s={search_term_string}"},"query-input":{"@type":"PropertyValueSpecification","valueRequired":true,"valueName":"search_term_string"}}],"inLanguage":"it-IT"},{"@type":"Organization","@id":"https:\/\/www.inmsol.com\/it\/#organization","name":"Instituto Mediterr\u00e1neo Sol","url":"https:\/\/www.inmsol.com\/it\/","logo":{"@type":"ImageObject","inLanguage":"it-IT","@id":"https:\/\/www.inmsol.com\/it\/#\/schema\/logo\/image\/","url":"https:\/\/www.inmsol.com\/wp-content\/uploads\/2023\/06\/logo-inmsol-1.png","contentUrl":"https:\/\/www.inmsol.com\/wp-content\/uploads\/2023\/06\/logo-inmsol-1.png","width":136,"height":73,"caption":"Instituto Mediterr\u00e1neo Sol"},"image":{"@id":"https:\/\/www.inmsol.com\/it\/#\/schema\/logo\/image\/"},"sameAs":["https:\/\/www.facebook.com\/spanishcourses","https:\/\/x.com\/StudyInGranada","http:\/\/instagram.com\/imsolgranada","https:\/\/es.linkedin.com\/company\/imsol-granada","https:\/\/www.pinterest.es\/inmsol\/","https:\/\/www.youtube.com\/channel\/UChz-Qn_7coFMosY85iYMO4g"]},{"@type":"Person","@id":"https:\/\/www.inmsol.com\/it\/#\/schema\/person\/c45e4acd53ba4bb0faa787aa3413efff","name":"Pablo MantenimientoWeb","image":{"@type":"ImageObject","inLanguage":"it-IT","@id":"https:\/\/secure.gravatar.com\/avatar\/53593f419e354d5e381bb9873f66d5fd482fbc6d09991fc9de56eb6e230159f2?s=96&d=mm&r=g","url":"https:\/\/secure.gravatar.com\/avatar\/53593f419e354d5e381bb9873f66d5fd482fbc6d09991fc9de56eb6e230159f2?s=96&d=mm&r=g","contentUrl":"https:\/\/secure.gravatar.com\/avatar\/53593f419e354d5e381bb9873f66d5fd482fbc6d09991fc9de56eb6e230159f2?s=96&d=mm&r=g","caption":"Pablo MantenimientoWeb"},"sameAs":["https:\/\/mantenimientoweb.pro"],"url":"https:\/\/www.inmsol.com\/it\/author\/mantenimientoweb\/"}]}},"_links":{"self":[{"href":"https:\/\/www.inmsol.com\/it\/wp-json\/wp\/v2\/posts\/83167","targetHints":{"allow":["GET"]}}],"collection":[{"href":"https:\/\/www.inmsol.com\/it\/wp-json\/wp\/v2\/posts"}],"about":[{"href":"https:\/\/www.inmsol.com\/it\/wp-json\/wp\/v2\/types\/post"}],"author":[{"embeddable":true,"href":"https:\/\/www.inmsol.com\/it\/wp-json\/wp\/v2\/users\/66"}],"replies":[{"embeddable":true,"href":"https:\/\/www.inmsol.com\/it\/wp-json\/wp\/v2\/comments?post=83167"}],"version-history":[{"count":0,"href":"https:\/\/www.inmsol.com\/it\/wp-json\/wp\/v2\/posts\/83167\/revisions"}],"wp:featuredmedia":[{"embeddable":true,"href":"https:\/\/www.inmsol.com\/it\/wp-json\/wp\/v2\/media\/82004"}],"wp:attachment":[{"href":"https:\/\/www.inmsol.com\/it\/wp-json\/wp\/v2\/media?parent=83167"}],"wp:term":[{"taxonomy":"category","embeddable":true,"href":"https:\/\/www.inmsol.com\/it\/wp-json\/wp\/v2\/categories?post=83167"},{"taxonomy":"post_tag","embeddable":true,"href":"https:\/\/www.inmsol.com\/it\/wp-json\/wp\/v2\/tags?post=83167"}],"curies":[{"name":"wp","href":"https:\/\/api.w.org\/{rel}","templated":true}]}}