{"id":86692,"date":"2025-02-25T17:54:18","date_gmt":"2025-02-25T16:54:18","guid":{"rendered":"https:\/\/www.inmsol.com\/?p=86692"},"modified":"2026-02-25T10:39:18","modified_gmt":"2026-02-25T09:39:18","slug":"ii-arte-fiera-lateral-granada","status":"publish","type":"post","link":"https:\/\/www.inmsol.com\/it\/blog-it-it\/ii-arte-fiera-lateral-granada\/","title":{"rendered":"Fiera Lateral Granada 2025: II Edizione Arte e Cultura"},"content":{"rendered":"<h2 class=\"\">Fiera Lateral Granada: un Evento Culturale Imperdibile<\/h2>\n<p>La Fiera Lateral di Granada si terr\u00e0 nella citt\u00e1 dal 25 Febbraio al 2 Marzo 2025. La seconda edizione dell&#8217;evento sar\u00e0 ospitata dal\u00a0 <a href=\"https:\/\/centroculturalcomares.com\/\" target=\"_blank\" rel=\"noopener\">Centro Cultural Comares<\/a>, situato in Calle Santa Escol\u00e1stica n\u00ba 3, nel distretto del Realejo. L&#8217; obiettivo principale della<strong> II Art Fair<\/strong> di Granada \u00e8 <strong>evidenziare la creativit\u00e0 locale e la cultura contemporanea della citt\u00e0<\/strong>.<\/p>\n<p><a href=\"https:\/\/www.inmsol.com\/wp-content\/uploads\/2025\/02\/Lateral-principal.jpg\" target=\"_blank\" rel=\"noopener\"><img fetchpriority=\"high\" decoding=\"async\" class=\"aligncenter wp-image-86707 size-full\" title=\"fiera lateral granada\" src=\"https:\/\/www.inmsol.com\/wp-content\/uploads\/2025\/02\/Lateral-principal.jpg\" alt=\"fiera lateral granada\" width=\"1202\" height=\"600\" srcset=\"https:\/\/www.inmsol.com\/wp-content\/uploads\/2025\/02\/Lateral-principal.jpg 1202w, https:\/\/www.inmsol.com\/wp-content\/uploads\/2025\/02\/Lateral-principal-460x230.jpg 460w, https:\/\/www.inmsol.com\/wp-content\/uploads\/2025\/02\/Lateral-principal-1024x511.jpg 1024w, https:\/\/www.inmsol.com\/wp-content\/uploads\/2025\/02\/Lateral-principal-150x75.jpg 150w, https:\/\/www.inmsol.com\/wp-content\/uploads\/2025\/02\/Lateral-principal-768x383.jpg 768w, https:\/\/www.inmsol.com\/wp-content\/uploads\/2025\/02\/Lateral-principal-1000x500.jpg 1000w, https:\/\/www.inmsol.com\/wp-content\/uploads\/2025\/02\/Lateral-principal-700x349.jpg 700w, https:\/\/www.inmsol.com\/wp-content\/uploads\/2025\/02\/Lateral-principal-800x399.jpg 800w, https:\/\/www.inmsol.com\/wp-content\/uploads\/2025\/02\/Lateral-principal-64x32.jpg 64w\" sizes=\"(max-width: 1202px) 100vw, 1202px\" \/><\/a><\/p>\n<p>Riunendo pi\u00f9 di venti spazi creativi, gallerie d\u2019arte, laboratori e associazioni culturali, questa manifestazione \u00e8 un must per gli amanti della cultura! <a href=\"https:\/\/www.inmsol.com\/it\/\" target=\"_blank\" rel=\"noopener\">iNMSOL<\/a> vi racconta di pi\u00f9:<\/p>\n<h3>Cosa si pu\u00f2 vedere alla Fiera LATERAL?<\/h3>\n<p>Ecco il programma generale delle attivit\u00e0:<\/p>\n<ul>\n<li><strong>Apertura giornaliera:<\/strong> 11:00<\/li>\n<li><strong>Laboratori per famiglie:<\/strong> 11:00 \u2013 Attivit\u00e0 per bambini e giovani, che comprendono varie discipline artistiche.<\/li>\n<li><strong>Dimostrazioni artistiche dal vivo:<\/strong> 12:00 \u2013 Esibizioni di tecniche come ceramica, pittura, fotografia, stampa e arti audiovisive.<\/li>\n<li><strong>Visite guidate:<\/strong> 13:00 e 19:00 \u2013 Tour informativi condotti dalla Brigata Lateral.<\/li>\n<\/ul>\n<h3><img decoding=\"async\" class=\"aligncenter size-full wp-image-86721\" src=\"https:\/\/www.inmsol.com\/wp-content\/uploads\/2025\/02\/Programa-Lateral.jpg\" alt=\"\" width=\"1202\" height=\"600\" srcset=\"https:\/\/www.inmsol.com\/wp-content\/uploads\/2025\/02\/Programa-Lateral.jpg 1202w, https:\/\/www.inmsol.com\/wp-content\/uploads\/2025\/02\/Programa-Lateral-460x230.jpg 460w, https:\/\/www.inmsol.com\/wp-content\/uploads\/2025\/02\/Programa-Lateral-1024x511.jpg 1024w, https:\/\/www.inmsol.com\/wp-content\/uploads\/2025\/02\/Programa-Lateral-150x75.jpg 150w, https:\/\/www.inmsol.com\/wp-content\/uploads\/2025\/02\/Programa-Lateral-768x383.jpg 768w, https:\/\/www.inmsol.com\/wp-content\/uploads\/2025\/02\/Programa-Lateral-1000x500.jpg 1000w, https:\/\/www.inmsol.com\/wp-content\/uploads\/2025\/02\/Programa-Lateral-700x349.jpg 700w, https:\/\/www.inmsol.com\/wp-content\/uploads\/2025\/02\/Programa-Lateral-800x399.jpg 800w, https:\/\/www.inmsol.com\/wp-content\/uploads\/2025\/02\/Programa-Lateral-64x32.jpg 64w\" sizes=\"(max-width: 1202px) 100vw, 1202px\" \/><\/h3>\n<ul>\n<li><strong>Degustazioni di vino e cibo:<\/strong> 14:00 \u2013 Esperienze gastronomiche con abbinamenti tra vini e piatti locali. (Prenotazione obbligatoria; costo: 30 \u20ac).<\/li>\n<li><strong>Presentazioni culturali (\u201cCapsule\u201d):<\/strong> 17:00 \u2013 Brevi presentazioni di progetti culturali con impatto sociale.<\/li>\n<li><strong>Performance nell\u2019atrio:<\/strong> 20:00 \u2013 Ciclo di performance live curato da Isabel Le\u00f3n, con artisti emergenti che esplorano varie discipline.<\/li>\n<li><strong>Programma musicale in giardino (\u201cEl Jard\u00edn Suena\u201d):<\/strong> 21:00 \u2013 DJ set e concerti live a chiusura di ogni giornata.<\/li>\n<\/ul>\n<p><img decoding=\"async\" class=\"aligncenter size-full wp-image-86728\" src=\"https:\/\/www.inmsol.com\/wp-content\/uploads\/2025\/02\/Plano.jpg\" alt=\"\" width=\"1202\" height=\"600\" srcset=\"https:\/\/www.inmsol.com\/wp-content\/uploads\/2025\/02\/Plano.jpg 1202w, https:\/\/www.inmsol.com\/wp-content\/uploads\/2025\/02\/Plano-460x230.jpg 460w, https:\/\/www.inmsol.com\/wp-content\/uploads\/2025\/02\/Plano-1024x511.jpg 1024w, https:\/\/www.inmsol.com\/wp-content\/uploads\/2025\/02\/Plano-150x75.jpg 150w, https:\/\/www.inmsol.com\/wp-content\/uploads\/2025\/02\/Plano-768x383.jpg 768w, https:\/\/www.inmsol.com\/wp-content\/uploads\/2025\/02\/Plano-1000x500.jpg 1000w, https:\/\/www.inmsol.com\/wp-content\/uploads\/2025\/02\/Plano-700x349.jpg 700w, https:\/\/www.inmsol.com\/wp-content\/uploads\/2025\/02\/Plano-800x399.jpg 800w, https:\/\/www.inmsol.com\/wp-content\/uploads\/2025\/02\/Plano-64x32.jpg 64w\" sizes=\"(max-width: 1202px) 100vw, 1202px\" \/><\/p>\n<h2 class=\"\">Artisti e Spazi della Fiera LATERAL Granada<\/h2>\n<p>Tra gli spazi creativi e le gallerie partecipanti ci sono:<\/p>\n<ul>\n<li><strong>Arrabal y C\u00eda<\/strong><\/li>\n<li><strong>Cefe Navarro<\/strong><\/li>\n<li><strong>Christian Walter<\/strong><\/li>\n<li><strong>El Nido<\/strong><\/li>\n<li><strong>El Silo El\u00e9ctrico<\/strong><\/li>\n<li><strong>Deriva<\/strong><\/li>\n<li><strong>Espacio Cartuja<\/strong><\/li>\n<li><strong>Espacio Lavadero<\/strong><\/li>\n<li><strong>Media Luna<\/strong><\/li>\n<li><strong>Fablabimagen<\/strong><\/li>\n<li><strong>Futura Basura<\/strong><\/li>\n<li><strong>La 43<\/strong><\/li>\n<li><strong>La Cajita de Cerillas<\/strong><\/li>\n<li><strong>La Emp\u00edrica<\/strong><\/li>\n<li><strong>La Escondida<\/strong><\/li>\n<li><strong>La Estamper\u00eda<\/strong><\/li>\n<li><strong>La Ra\u00edz<\/strong><\/li>\n<li><strong>Maya Vergel<\/strong><\/li>\n<li><strong>Menfis<\/strong><\/li>\n<li><strong>Proyecto Camale\u00f3n<\/strong><\/li>\n<li><strong>Ruiz Linares<\/strong><\/li>\n<li><strong>SCAN<\/strong><\/li>\n<li><strong>Tony Potter<\/strong><\/li>\n<li><strong>V.E.S. Arte<\/strong><\/li>\n<li><strong>Vinauro<\/strong><\/li>\n<\/ul>\n<h3><strong>Non perderti questa fiera d\u2019arte unica!<\/strong><\/h3>\n<p><strong>Dettagli principali:<\/strong><\/p>\n<ul>\n<li><strong>Luogo:<\/strong> Centro Cultural Comares, Calle Santa Escol\u00e1stica n\u00b0 3, Realejo, Granada<\/li>\n<li><strong>Ingresso:<\/strong> Tutte le attivit\u00e0 sono gratuite, ad eccezione dell\u2019<strong>Incontro con i collezionisti<\/strong> (su invito) e dei laboratori\/degustazioni (richiesta prenotazione e pagamento).<\/li>\n<li><strong>Iscrizioni:<\/strong> Per laboratori e degustazioni, \u00e8 possibile registrarsi tramite Bizum, bonifico bancario o pagamento in contanti nei luoghi designati.<\/li>\n<\/ul>\n<p><a href=\"https:\/\/www.inmsol.com\/wp-content\/uploads\/2025\/02\/Centro-cultural-comares.jpg\" target=\"_blank\" rel=\"noopener\"><img loading=\"lazy\" decoding=\"async\" class=\"aligncenter wp-image-86714 size-full\" title=\"fiera lateral granada\" src=\"https:\/\/www.inmsol.com\/wp-content\/uploads\/2025\/02\/Centro-cultural-comares.jpg\" alt=\"fiera lateral granada\" width=\"1202\" height=\"600\" srcset=\"https:\/\/www.inmsol.com\/wp-content\/uploads\/2025\/02\/Centro-cultural-comares.jpg 1202w, https:\/\/www.inmsol.com\/wp-content\/uploads\/2025\/02\/Centro-cultural-comares-460x230.jpg 460w, https:\/\/www.inmsol.com\/wp-content\/uploads\/2025\/02\/Centro-cultural-comares-1024x511.jpg 1024w, https:\/\/www.inmsol.com\/wp-content\/uploads\/2025\/02\/Centro-cultural-comares-150x75.jpg 150w, https:\/\/www.inmsol.com\/wp-content\/uploads\/2025\/02\/Centro-cultural-comares-768x383.jpg 768w, https:\/\/www.inmsol.com\/wp-content\/uploads\/2025\/02\/Centro-cultural-comares-1000x500.jpg 1000w, https:\/\/www.inmsol.com\/wp-content\/uploads\/2025\/02\/Centro-cultural-comares-700x349.jpg 700w, https:\/\/www.inmsol.com\/wp-content\/uploads\/2025\/02\/Centro-cultural-comares-800x399.jpg 800w, https:\/\/www.inmsol.com\/wp-content\/uploads\/2025\/02\/Centro-cultural-comares-64x32.jpg 64w\" sizes=\"(max-width: 1202px) 100vw, 1202px\" \/><\/a><\/p>\n<p>La <strong>II Fiera d\u2019Arte LATERAL<\/strong> \u00e8 un\u2019occasione unica per immergersi nella vivace scena artistica di Granada e godere di un\u2019ampia gamma di <a href=\"https:\/\/www.inmsol.com\/it\/attivita-ed-escursioni\/\" target=\"_blank\" rel=\"noopener\">attivit\u00e0 culturali<\/a> per tutti i pubblici.<\/p>\n<p style=\"text-align: center;\"><strong>Ulteriori informazioni sono disp<\/strong><strong>onibili sul <a href=\"https:\/\/lateralgranada.com\/ii-feria-de-arte\/#informacion\" target=\"_blank\" rel=\"noopener\">sito ufficiale<\/a> dell\u2019evento!<\/strong><\/p>\n","protected":false},"excerpt":{"rendered":"<p>La II Fiera dell&#8217;Arte LATERAL in Granada si terr\u00e0 dal 25 febbraio al 2 marzo 2025 nel quartiere del Realejo. Non perderti questo evento!  <\/p>\n","protected":false},"author":31,"featured_media":86738,"comment_status":"open","ping_status":"closed","sticky":false,"template":"","format":"standard","meta":{"_acf_changed":false,"footnotes":""},"categories":[6,34,32,1430,398],"tags":[],"class_list":["post-86692","post","type-post","status-publish","format-standard","has-post-thumbnail","hentry","category-blog-it-it","category-cultura-letteratura-storia-spagna","category-eventi-granada-it-it","category-events-in-granada-it","category-posti-imperdibili-a-granada"],"acf":[],"yoast_head":"<!-- This site is optimized with the Yoast SEO plugin v27.5 - https:\/\/yoast.com\/product\/yoast-seo-wordpress\/ -->\n<title>Fiera Lateral Granada 2025: II Edizione Arte e Cultura &#8226; iNMSOL<\/title>\n<meta name=\"description\" content=\"La II Fiera dell&#039;Arte LATERAL in Granada si terr\u00e0 dal 25 febbraio al 2 marzo 2025 nel distrettto del Realejo. Non perderti questo evento!\" \/>\n<meta name=\"robots\" content=\"index, follow, max-snippet:-1, max-image-preview:large, max-video-preview:-1\" \/>\n<link rel=\"canonical\" href=\"https:\/\/www.inmsol.com\/it\/blog-it-it\/ii-arte-fiera-lateral-granada\/\" \/>\n<meta property=\"og:locale\" content=\"it_IT\" \/>\n<meta property=\"og:type\" content=\"article\" \/>\n<meta property=\"og:title\" content=\"Fiera Lateral Granada 2025: II Edizione Arte e Cultura &#8226; iNMSOL\" \/>\n<meta property=\"og:description\" content=\"La II Fiera dell&#039;Arte LATERAL in Granada si terr\u00e0 dal 25 febbraio al 2 marzo 2025 nel distrettto del Realejo. Non perderti questo evento!\" \/>\n<meta property=\"og:url\" content=\"https:\/\/www.inmsol.com\/it\/blog-it-it\/ii-arte-fiera-lateral-granada\/\" \/>\n<meta property=\"og:site_name\" content=\"iNMSOL\" \/>\n<meta property=\"article:publisher\" content=\"https:\/\/www.facebook.com\/spanishcourses\" \/>\n<meta property=\"article:published_time\" content=\"2025-02-25T16:54:18+00:00\" \/>\n<meta property=\"article:modified_time\" content=\"2026-02-25T09:39:18+00:00\" \/>\n<meta property=\"og:image\" content=\"https:\/\/www.inmsol.com\/wp-content\/uploads\/2025\/02\/Feat-Lateral.jpg\" \/>\n\t<meta property=\"og:image:width\" content=\"1202\" \/>\n\t<meta property=\"og:image:height\" content=\"600\" \/>\n\t<meta property=\"og:image:type\" content=\"image\/jpeg\" \/>\n<meta name=\"author\" content=\"Rocio Mart\u00ednez\" \/>\n<meta name=\"twitter:label1\" content=\"Scritto da\" \/>\n\t<meta name=\"twitter:data1\" content=\"Rocio Mart\u00ednez\" \/>\n\t<meta name=\"twitter:label2\" content=\"Tempo di lettura stimato\" \/>\n\t<meta name=\"twitter:data2\" content=\"3 minuti\" \/>\n<script type=\"application\/ld+json\" class=\"yoast-schema-graph\">{\"@context\":\"https:\\\/\\\/schema.org\",\"@graph\":[{\"@type\":\"Article\",\"@id\":\"https:\\\/\\\/www.inmsol.com\\\/it\\\/blog-it-it\\\/ii-arte-fiera-lateral-granada\\\/#article\",\"isPartOf\":{\"@id\":\"https:\\\/\\\/www.inmsol.com\\\/it\\\/blog-it-it\\\/ii-arte-fiera-lateral-granada\\\/\"},\"author\":{\"name\":\"Rocio Mart\u00ednez\",\"@id\":\"https:\\\/\\\/www.inmsol.com\\\/it\\\/#\\\/schema\\\/person\\\/d041a9956283741a6ed56e0530eb28b5\"},\"headline\":\"Fiera Lateral Granada 2025: II Edizione Arte e Cultura\",\"datePublished\":\"2025-02-25T16:54:18+00:00\",\"dateModified\":\"2026-02-25T09:39:18+00:00\",\"mainEntityOfPage\":{\"@id\":\"https:\\\/\\\/www.inmsol.com\\\/it\\\/blog-it-it\\\/ii-arte-fiera-lateral-granada\\\/\"},\"wordCount\":387,\"commentCount\":0,\"publisher\":{\"@id\":\"https:\\\/\\\/www.inmsol.com\\\/it\\\/#organization\"},\"image\":{\"@id\":\"https:\\\/\\\/www.inmsol.com\\\/it\\\/blog-it-it\\\/ii-arte-fiera-lateral-granada\\\/#primaryimage\"},\"thumbnailUrl\":\"https:\\\/\\\/www.inmsol.com\\\/wp-content\\\/uploads\\\/2025\\\/02\\\/Feat-Lateral.jpg\",\"articleSection\":[\"Blog\",\"Cultura, Letteratura e Storia della Spagna e Latinoamerica\",\"Eventi a Granada\",\"Events in Granada\",\"Posti imperdibili a Granada\"],\"inLanguage\":\"it-IT\",\"potentialAction\":[{\"@type\":\"CommentAction\",\"name\":\"Comment\",\"target\":[\"https:\\\/\\\/www.inmsol.com\\\/it\\\/blog-it-it\\\/ii-arte-fiera-lateral-granada\\\/#respond\"]}]},{\"@type\":\"WebPage\",\"@id\":\"https:\\\/\\\/www.inmsol.com\\\/it\\\/blog-it-it\\\/ii-arte-fiera-lateral-granada\\\/\",\"url\":\"https:\\\/\\\/www.inmsol.com\\\/it\\\/blog-it-it\\\/ii-arte-fiera-lateral-granada\\\/\",\"name\":\"Fiera Lateral Granada 2025: II Edizione Arte e Cultura &#8226; iNMSOL\",\"isPartOf\":{\"@id\":\"https:\\\/\\\/www.inmsol.com\\\/it\\\/#website\"},\"primaryImageOfPage\":{\"@id\":\"https:\\\/\\\/www.inmsol.com\\\/it\\\/blog-it-it\\\/ii-arte-fiera-lateral-granada\\\/#primaryimage\"},\"image\":{\"@id\":\"https:\\\/\\\/www.inmsol.com\\\/it\\\/blog-it-it\\\/ii-arte-fiera-lateral-granada\\\/#primaryimage\"},\"thumbnailUrl\":\"https:\\\/\\\/www.inmsol.com\\\/wp-content\\\/uploads\\\/2025\\\/02\\\/Feat-Lateral.jpg\",\"datePublished\":\"2025-02-25T16:54:18+00:00\",\"dateModified\":\"2026-02-25T09:39:18+00:00\",\"description\":\"La II Fiera dell'Arte LATERAL in Granada si terr\u00e0 dal 25 febbraio al 2 marzo 2025 nel distrettto del Realejo. Non perderti questo evento!\",\"breadcrumb\":{\"@id\":\"https:\\\/\\\/www.inmsol.com\\\/it\\\/blog-it-it\\\/ii-arte-fiera-lateral-granada\\\/#breadcrumb\"},\"inLanguage\":\"it-IT\",\"potentialAction\":[{\"@type\":\"ReadAction\",\"target\":[\"https:\\\/\\\/www.inmsol.com\\\/it\\\/blog-it-it\\\/ii-arte-fiera-lateral-granada\\\/\"]}]},{\"@type\":\"ImageObject\",\"inLanguage\":\"it-IT\",\"@id\":\"https:\\\/\\\/www.inmsol.com\\\/it\\\/blog-it-it\\\/ii-arte-fiera-lateral-granada\\\/#primaryimage\",\"url\":\"https:\\\/\\\/www.inmsol.com\\\/wp-content\\\/uploads\\\/2025\\\/02\\\/Feat-Lateral.jpg\",\"contentUrl\":\"https:\\\/\\\/www.inmsol.com\\\/wp-content\\\/uploads\\\/2025\\\/02\\\/Feat-Lateral.jpg\",\"width\":1202,\"height\":600},{\"@type\":\"BreadcrumbList\",\"@id\":\"https:\\\/\\\/www.inmsol.com\\\/it\\\/blog-it-it\\\/ii-arte-fiera-lateral-granada\\\/#breadcrumb\",\"itemListElement\":[{\"@type\":\"ListItem\",\"position\":1,\"name\":\"Accredited Center by Instituto Cervantes\",\"item\":\"https:\\\/\\\/www.inmsol.com\\\/it\\\/pagina-ejemplo\\\/\"},{\"@type\":\"ListItem\",\"position\":2,\"name\":\"Blog\",\"item\":\"https:\\\/\\\/www.inmsol.com\\\/it\\\/category\\\/blog-it-it\\\/\"},{\"@type\":\"ListItem\",\"position\":3,\"name\":\"Fiera Lateral Granada 2025: II Edizione Arte e Cultura\"}]},{\"@type\":\"WebSite\",\"@id\":\"https:\\\/\\\/www.inmsol.com\\\/it\\\/#website\",\"url\":\"https:\\\/\\\/www.inmsol.com\\\/it\\\/\",\"name\":\"iNMSOL\",\"description\":\"Impara lo spagnolo con noi - Centro di studio accreditato con l'Istituto Cervantes\",\"publisher\":{\"@id\":\"https:\\\/\\\/www.inmsol.com\\\/it\\\/#organization\"},\"potentialAction\":[{\"@type\":\"SearchAction\",\"target\":{\"@type\":\"EntryPoint\",\"urlTemplate\":\"https:\\\/\\\/www.inmsol.com\\\/it\\\/?s={search_term_string}\"},\"query-input\":{\"@type\":\"PropertyValueSpecification\",\"valueRequired\":true,\"valueName\":\"search_term_string\"}}],\"inLanguage\":\"it-IT\"},{\"@type\":\"Organization\",\"@id\":\"https:\\\/\\\/www.inmsol.com\\\/it\\\/#organization\",\"name\":\"Instituto Mediterr\u00e1neo Sol\",\"url\":\"https:\\\/\\\/www.inmsol.com\\\/it\\\/\",\"logo\":{\"@type\":\"ImageObject\",\"inLanguage\":\"it-IT\",\"@id\":\"https:\\\/\\\/www.inmsol.com\\\/it\\\/#\\\/schema\\\/logo\\\/image\\\/\",\"url\":\"https:\\\/\\\/www.inmsol.com\\\/wp-content\\\/uploads\\\/2023\\\/06\\\/logo-inmsol-1.png\",\"contentUrl\":\"https:\\\/\\\/www.inmsol.com\\\/wp-content\\\/uploads\\\/2023\\\/06\\\/logo-inmsol-1.png\",\"width\":136,\"height\":73,\"caption\":\"Instituto Mediterr\u00e1neo Sol\"},\"image\":{\"@id\":\"https:\\\/\\\/www.inmsol.com\\\/it\\\/#\\\/schema\\\/logo\\\/image\\\/\"},\"sameAs\":[\"https:\\\/\\\/www.facebook.com\\\/spanishcourses\",\"https:\\\/\\\/x.com\\\/StudyInGranada\",\"http:\\\/\\\/instagram.com\\\/imsolgranada\",\"https:\\\/\\\/es.linkedin.com\\\/company\\\/imsol-granada\",\"https:\\\/\\\/www.pinterest.es\\\/inmsol\\\/\",\"https:\\\/\\\/www.youtube.com\\\/channel\\\/UChz-Qn_7coFMosY85iYMO4g\"]},{\"@type\":\"Person\",\"@id\":\"https:\\\/\\\/www.inmsol.com\\\/it\\\/#\\\/schema\\\/person\\\/d041a9956283741a6ed56e0530eb28b5\",\"name\":\"Rocio Mart\u00ednez\",\"image\":{\"@type\":\"ImageObject\",\"inLanguage\":\"it-IT\",\"@id\":\"https:\\\/\\\/secure.gravatar.com\\\/avatar\\\/95b9b0d999ef55a048952ade325bea9ee664237dc576277e59c3cc8fc6ea1123?s=96&d=mm&r=g\",\"url\":\"https:\\\/\\\/secure.gravatar.com\\\/avatar\\\/95b9b0d999ef55a048952ade325bea9ee664237dc576277e59c3cc8fc6ea1123?s=96&d=mm&r=g\",\"contentUrl\":\"https:\\\/\\\/secure.gravatar.com\\\/avatar\\\/95b9b0d999ef55a048952ade325bea9ee664237dc576277e59c3cc8fc6ea1123?s=96&d=mm&r=g\",\"caption\":\"Rocio Mart\u00ednez\"},\"url\":\"https:\\\/\\\/www.inmsol.com\\\/it\\\/author\\\/secretaria\\\/\"}]}<\/script>\n<!-- \/ Yoast SEO plugin. -->","yoast_head_json":{"title":"Fiera Lateral Granada 2025: II Edizione Arte e Cultura &#8226; iNMSOL","description":"La II Fiera dell'Arte LATERAL in Granada si terr\u00e0 dal 25 febbraio al 2 marzo 2025 nel distrettto del Realejo. Non perderti questo evento!","robots":{"index":"index","follow":"follow","max-snippet":"max-snippet:-1","max-image-preview":"max-image-preview:large","max-video-preview":"max-video-preview:-1"},"canonical":"https:\/\/www.inmsol.com\/it\/blog-it-it\/ii-arte-fiera-lateral-granada\/","og_locale":"it_IT","og_type":"article","og_title":"Fiera Lateral Granada 2025: II Edizione Arte e Cultura &#8226; iNMSOL","og_description":"La II Fiera dell'Arte LATERAL in Granada si terr\u00e0 dal 25 febbraio al 2 marzo 2025 nel distrettto del Realejo. Non perderti questo evento!","og_url":"https:\/\/www.inmsol.com\/it\/blog-it-it\/ii-arte-fiera-lateral-granada\/","og_site_name":"iNMSOL","article_publisher":"https:\/\/www.facebook.com\/spanishcourses","article_published_time":"2025-02-25T16:54:18+00:00","article_modified_time":"2026-02-25T09:39:18+00:00","og_image":[{"width":1202,"height":600,"url":"https:\/\/www.inmsol.com\/wp-content\/uploads\/2025\/02\/Feat-Lateral.jpg","type":"image\/jpeg"}],"author":"Rocio Mart\u00ednez","twitter_misc":{"Scritto da":"Rocio Mart\u00ednez","Tempo di lettura stimato":"3 minuti"},"schema":{"@context":"https:\/\/schema.org","@graph":[{"@type":"Article","@id":"https:\/\/www.inmsol.com\/it\/blog-it-it\/ii-arte-fiera-lateral-granada\/#article","isPartOf":{"@id":"https:\/\/www.inmsol.com\/it\/blog-it-it\/ii-arte-fiera-lateral-granada\/"},"author":{"name":"Rocio Mart\u00ednez","@id":"https:\/\/www.inmsol.com\/it\/#\/schema\/person\/d041a9956283741a6ed56e0530eb28b5"},"headline":"Fiera Lateral Granada 2025: II Edizione Arte e Cultura","datePublished":"2025-02-25T16:54:18+00:00","dateModified":"2026-02-25T09:39:18+00:00","mainEntityOfPage":{"@id":"https:\/\/www.inmsol.com\/it\/blog-it-it\/ii-arte-fiera-lateral-granada\/"},"wordCount":387,"commentCount":0,"publisher":{"@id":"https:\/\/www.inmsol.com\/it\/#organization"},"image":{"@id":"https:\/\/www.inmsol.com\/it\/blog-it-it\/ii-arte-fiera-lateral-granada\/#primaryimage"},"thumbnailUrl":"https:\/\/www.inmsol.com\/wp-content\/uploads\/2025\/02\/Feat-Lateral.jpg","articleSection":["Blog","Cultura, Letteratura e Storia della Spagna e Latinoamerica","Eventi a Granada","Events in Granada","Posti imperdibili a Granada"],"inLanguage":"it-IT","potentialAction":[{"@type":"CommentAction","name":"Comment","target":["https:\/\/www.inmsol.com\/it\/blog-it-it\/ii-arte-fiera-lateral-granada\/#respond"]}]},{"@type":"WebPage","@id":"https:\/\/www.inmsol.com\/it\/blog-it-it\/ii-arte-fiera-lateral-granada\/","url":"https:\/\/www.inmsol.com\/it\/blog-it-it\/ii-arte-fiera-lateral-granada\/","name":"Fiera Lateral Granada 2025: II Edizione Arte e Cultura &#8226; iNMSOL","isPartOf":{"@id":"https:\/\/www.inmsol.com\/it\/#website"},"primaryImageOfPage":{"@id":"https:\/\/www.inmsol.com\/it\/blog-it-it\/ii-arte-fiera-lateral-granada\/#primaryimage"},"image":{"@id":"https:\/\/www.inmsol.com\/it\/blog-it-it\/ii-arte-fiera-lateral-granada\/#primaryimage"},"thumbnailUrl":"https:\/\/www.inmsol.com\/wp-content\/uploads\/2025\/02\/Feat-Lateral.jpg","datePublished":"2025-02-25T16:54:18+00:00","dateModified":"2026-02-25T09:39:18+00:00","description":"La II Fiera dell'Arte LATERAL in Granada si terr\u00e0 dal 25 febbraio al 2 marzo 2025 nel distrettto del Realejo. Non perderti questo evento!","breadcrumb":{"@id":"https:\/\/www.inmsol.com\/it\/blog-it-it\/ii-arte-fiera-lateral-granada\/#breadcrumb"},"inLanguage":"it-IT","potentialAction":[{"@type":"ReadAction","target":["https:\/\/www.inmsol.com\/it\/blog-it-it\/ii-arte-fiera-lateral-granada\/"]}]},{"@type":"ImageObject","inLanguage":"it-IT","@id":"https:\/\/www.inmsol.com\/it\/blog-it-it\/ii-arte-fiera-lateral-granada\/#primaryimage","url":"https:\/\/www.inmsol.com\/wp-content\/uploads\/2025\/02\/Feat-Lateral.jpg","contentUrl":"https:\/\/www.inmsol.com\/wp-content\/uploads\/2025\/02\/Feat-Lateral.jpg","width":1202,"height":600},{"@type":"BreadcrumbList","@id":"https:\/\/www.inmsol.com\/it\/blog-it-it\/ii-arte-fiera-lateral-granada\/#breadcrumb","itemListElement":[{"@type":"ListItem","position":1,"name":"Accredited Center by Instituto Cervantes","item":"https:\/\/www.inmsol.com\/it\/pagina-ejemplo\/"},{"@type":"ListItem","position":2,"name":"Blog","item":"https:\/\/www.inmsol.com\/it\/category\/blog-it-it\/"},{"@type":"ListItem","position":3,"name":"Fiera Lateral Granada 2025: II Edizione Arte e Cultura"}]},{"@type":"WebSite","@id":"https:\/\/www.inmsol.com\/it\/#website","url":"https:\/\/www.inmsol.com\/it\/","name":"iNMSOL","description":"Impara lo spagnolo con noi - Centro di studio accreditato con l'Istituto Cervantes","publisher":{"@id":"https:\/\/www.inmsol.com\/it\/#organization"},"potentialAction":[{"@type":"SearchAction","target":{"@type":"EntryPoint","urlTemplate":"https:\/\/www.inmsol.com\/it\/?s={search_term_string}"},"query-input":{"@type":"PropertyValueSpecification","valueRequired":true,"valueName":"search_term_string"}}],"inLanguage":"it-IT"},{"@type":"Organization","@id":"https:\/\/www.inmsol.com\/it\/#organization","name":"Instituto Mediterr\u00e1neo Sol","url":"https:\/\/www.inmsol.com\/it\/","logo":{"@type":"ImageObject","inLanguage":"it-IT","@id":"https:\/\/www.inmsol.com\/it\/#\/schema\/logo\/image\/","url":"https:\/\/www.inmsol.com\/wp-content\/uploads\/2023\/06\/logo-inmsol-1.png","contentUrl":"https:\/\/www.inmsol.com\/wp-content\/uploads\/2023\/06\/logo-inmsol-1.png","width":136,"height":73,"caption":"Instituto Mediterr\u00e1neo Sol"},"image":{"@id":"https:\/\/www.inmsol.com\/it\/#\/schema\/logo\/image\/"},"sameAs":["https:\/\/www.facebook.com\/spanishcourses","https:\/\/x.com\/StudyInGranada","http:\/\/instagram.com\/imsolgranada","https:\/\/es.linkedin.com\/company\/imsol-granada","https:\/\/www.pinterest.es\/inmsol\/","https:\/\/www.youtube.com\/channel\/UChz-Qn_7coFMosY85iYMO4g"]},{"@type":"Person","@id":"https:\/\/www.inmsol.com\/it\/#\/schema\/person\/d041a9956283741a6ed56e0530eb28b5","name":"Rocio Mart\u00ednez","image":{"@type":"ImageObject","inLanguage":"it-IT","@id":"https:\/\/secure.gravatar.com\/avatar\/95b9b0d999ef55a048952ade325bea9ee664237dc576277e59c3cc8fc6ea1123?s=96&d=mm&r=g","url":"https:\/\/secure.gravatar.com\/avatar\/95b9b0d999ef55a048952ade325bea9ee664237dc576277e59c3cc8fc6ea1123?s=96&d=mm&r=g","contentUrl":"https:\/\/secure.gravatar.com\/avatar\/95b9b0d999ef55a048952ade325bea9ee664237dc576277e59c3cc8fc6ea1123?s=96&d=mm&r=g","caption":"Rocio Mart\u00ednez"},"url":"https:\/\/www.inmsol.com\/it\/author\/secretaria\/"}]}},"_links":{"self":[{"href":"https:\/\/www.inmsol.com\/it\/wp-json\/wp\/v2\/posts\/86692","targetHints":{"allow":["GET"]}}],"collection":[{"href":"https:\/\/www.inmsol.com\/it\/wp-json\/wp\/v2\/posts"}],"about":[{"href":"https:\/\/www.inmsol.com\/it\/wp-json\/wp\/v2\/types\/post"}],"author":[{"embeddable":true,"href":"https:\/\/www.inmsol.com\/it\/wp-json\/wp\/v2\/users\/31"}],"replies":[{"embeddable":true,"href":"https:\/\/www.inmsol.com\/it\/wp-json\/wp\/v2\/comments?post=86692"}],"version-history":[{"count":5,"href":"https:\/\/www.inmsol.com\/it\/wp-json\/wp\/v2\/posts\/86692\/revisions"}],"predecessor-version":[{"id":89813,"href":"https:\/\/www.inmsol.com\/it\/wp-json\/wp\/v2\/posts\/86692\/revisions\/89813"}],"wp:featuredmedia":[{"embeddable":true,"href":"https:\/\/www.inmsol.com\/it\/wp-json\/wp\/v2\/media\/86738"}],"wp:attachment":[{"href":"https:\/\/www.inmsol.com\/it\/wp-json\/wp\/v2\/media?parent=86692"}],"wp:term":[{"taxonomy":"category","embeddable":true,"href":"https:\/\/www.inmsol.com\/it\/wp-json\/wp\/v2\/categories?post=86692"},{"taxonomy":"post_tag","embeddable":true,"href":"https:\/\/www.inmsol.com\/it\/wp-json\/wp\/v2\/tags?post=86692"}],"curies":[{"name":"wp","href":"https:\/\/api.w.org\/{rel}","templated":true}]}}