{"id":86837,"date":"2025-02-26T11:23:37","date_gmt":"2025-02-26T10:23:37","guid":{"rendered":"https:\/\/www.inmsol.com\/?p=86837"},"modified":"2026-02-20T14:59:14","modified_gmt":"2026-02-20T13:59:14","slug":"convenzione-fedele-2025","status":"publish","type":"post","link":"https:\/\/www.inmsol.com\/it\/blog-it-it\/convenzione-fedele-2025\/","title":{"rendered":"Convenzione FEDELE 2025: iNMSOL come Centro Federato"},"content":{"rendered":"<div class=\"paragraph\"><strong>Convenzione FEDELE 2025<\/strong>: abbiamo partecipato alla <strong>Convenci\u00f3n Anual FEDELE 2025<\/strong> di M\u00e1laga come centro federato.<\/div>\n<div><\/div>\n<div class=\"paragraph\">La <strong>Convenzione Annuale FEDELE 2025<\/strong> si \u00e8 tenuta a M\u00e1laga il <strong>19 e 20 febbraio<\/strong>. Questo evento ha riunito tutti i centri membri <strong>FEDELE<\/strong>, tra cui\u00a0 <a href=\"https:\/\/www.inmsol.com\/it\/\" target=\"_blank\" rel=\"noopener\">iNMSOL<\/a>.<\/div>\n<p><a href=\"https:\/\/www.inmsol.com\/wp-content\/uploads\/2025\/02\/Convencion-FEDELE-5.jpg\" target=\"_blank\" rel=\"noopener\"><img fetchpriority=\"high\" decoding=\"async\" class=\"aligncenter wp-image-86807 size-full\" title=\"Convegno Annuale Scuole Spagnolo M\u00e1laga\" src=\"https:\/\/www.inmsol.com\/wp-content\/uploads\/2025\/02\/Convencion-FEDELE-5.jpg\" alt=\"Convegno Annuale Scuole Spagnolo M\u00e1laga\" width=\"1202\" height=\"600\" srcset=\"https:\/\/www.inmsol.com\/wp-content\/uploads\/2025\/02\/Convencion-FEDELE-5.jpg 1202w, https:\/\/www.inmsol.com\/wp-content\/uploads\/2025\/02\/Convencion-FEDELE-5-460x230.jpg 460w, https:\/\/www.inmsol.com\/wp-content\/uploads\/2025\/02\/Convencion-FEDELE-5-1024x511.jpg 1024w, https:\/\/www.inmsol.com\/wp-content\/uploads\/2025\/02\/Convencion-FEDELE-5-150x75.jpg 150w, https:\/\/www.inmsol.com\/wp-content\/uploads\/2025\/02\/Convencion-FEDELE-5-768x383.jpg 768w, https:\/\/www.inmsol.com\/wp-content\/uploads\/2025\/02\/Convencion-FEDELE-5-1000x500.jpg 1000w, https:\/\/www.inmsol.com\/wp-content\/uploads\/2025\/02\/Convencion-FEDELE-5-700x349.jpg 700w, https:\/\/www.inmsol.com\/wp-content\/uploads\/2025\/02\/Convencion-FEDELE-5-800x399.jpg 800w, https:\/\/www.inmsol.com\/wp-content\/uploads\/2025\/02\/Convencion-FEDELE-5-64x32.jpg 64w\" sizes=\"(max-width: 1202px) 100vw, 1202px\" \/><\/a><\/p>\n<h2 class=\"\">Conosci la Federazione<\/h2>\n<div class=\"paragraph\"><a href=\"https:\/\/fedele.org\/\" target=\"_blank\" rel=\"noopener\"><strong>FEDELE<\/strong><\/a> \u00e8 la Federazione Spagnola di Associazioni di Scuole di Spagnolo per Stranieri. Sei associazioni compongono <strong>FEDELE<\/strong>, che comprendono un centinaio di Scuole di Spagnolo come lingua straniera.<\/div>\n<div class=\"paragraph\">Negli ultimi <strong>25 anni<\/strong>, l&#8217;obiettivo principale di <strong class=\"\">FEDELE<\/strong> \u00e8 stato promuovere uno status di <strong>qualit\u00e0 e professionalit\u00e0<\/strong>. Anche che le aziende del settore nell&#8217;<strong>insegnamento dello spagnolo in Spagna<\/strong> perseguano uno scopo comune: offrire un&#8217;esperienza di <strong>immersione linguistica e culturale di qualit\u00e0<\/strong> a studenti di tutto il mondo.<\/div>\n<h2>Convenzione FEDELE:\u00a0Il Convegno del 2025<\/h2>\n<div class=\"paragraph\">La <strong>convenzione FEDELE<\/strong>, che si celebra ogni anno, serve a discutere gli ultimi progressi e sfide nel settore del <strong class=\"\">turismo linguistico<\/strong> a livello nazionale e internazionale. Tra vari temi si condivide il <strong>rapporto annuale del settore<\/strong>.<\/div>\n<p><a href=\"https:\/\/www.inmsol.com\/wp-content\/uploads\/2025\/02\/Convencion-FEDELE-1.jpg\" target=\"_blank\" rel=\"noopener\"><img decoding=\"async\" class=\"aligncenter wp-image-86814 size-full\" title=\"Convenzione FEDELE 2025\" src=\"https:\/\/www.inmsol.com\/wp-content\/uploads\/2025\/02\/Convencion-FEDELE-1.jpg\" alt=\"Convenzione FEDELE 2025\" width=\"1202\" height=\"600\" srcset=\"https:\/\/www.inmsol.com\/wp-content\/uploads\/2025\/02\/Convencion-FEDELE-1.jpg 1202w, https:\/\/www.inmsol.com\/wp-content\/uploads\/2025\/02\/Convencion-FEDELE-1-460x230.jpg 460w, https:\/\/www.inmsol.com\/wp-content\/uploads\/2025\/02\/Convencion-FEDELE-1-1024x511.jpg 1024w, https:\/\/www.inmsol.com\/wp-content\/uploads\/2025\/02\/Convencion-FEDELE-1-150x75.jpg 150w, https:\/\/www.inmsol.com\/wp-content\/uploads\/2025\/02\/Convencion-FEDELE-1-768x383.jpg 768w, https:\/\/www.inmsol.com\/wp-content\/uploads\/2025\/02\/Convencion-FEDELE-1-1000x500.jpg 1000w, https:\/\/www.inmsol.com\/wp-content\/uploads\/2025\/02\/Convencion-FEDELE-1-700x349.jpg 700w, https:\/\/www.inmsol.com\/wp-content\/uploads\/2025\/02\/Convencion-FEDELE-1-800x399.jpg 800w, https:\/\/www.inmsol.com\/wp-content\/uploads\/2025\/02\/Convencion-FEDELE-1-64x32.jpg 64w\" sizes=\"(max-width: 1202px) 100vw, 1202px\" \/><\/a><\/p>\n<p><a href=\"https:\/\/www.inmsol.com\/wp-content\/uploads\/2025\/02\/Convencion-FEDELE-3.jpg\" target=\"_blank\" rel=\"noopener\"><img decoding=\"async\" class=\"aligncenter wp-image-86821 size-full\" title=\"Convenzione FEDELE 2025\" src=\"https:\/\/www.inmsol.com\/wp-content\/uploads\/2025\/02\/Convencion-FEDELE-3.jpg\" alt=\"Convenzione FEDELE 2025\" width=\"1202\" height=\"600\" srcset=\"https:\/\/www.inmsol.com\/wp-content\/uploads\/2025\/02\/Convencion-FEDELE-3.jpg 1202w, https:\/\/www.inmsol.com\/wp-content\/uploads\/2025\/02\/Convencion-FEDELE-3-460x230.jpg 460w, https:\/\/www.inmsol.com\/wp-content\/uploads\/2025\/02\/Convencion-FEDELE-3-1024x511.jpg 1024w, https:\/\/www.inmsol.com\/wp-content\/uploads\/2025\/02\/Convencion-FEDELE-3-150x75.jpg 150w, https:\/\/www.inmsol.com\/wp-content\/uploads\/2025\/02\/Convencion-FEDELE-3-768x383.jpg 768w, https:\/\/www.inmsol.com\/wp-content\/uploads\/2025\/02\/Convencion-FEDELE-3-1000x500.jpg 1000w, https:\/\/www.inmsol.com\/wp-content\/uploads\/2025\/02\/Convencion-FEDELE-3-700x349.jpg 700w, https:\/\/www.inmsol.com\/wp-content\/uploads\/2025\/02\/Convencion-FEDELE-3-800x399.jpg 800w, https:\/\/www.inmsol.com\/wp-content\/uploads\/2025\/02\/Convencion-FEDELE-3-64x32.jpg 64w\" sizes=\"(max-width: 1202px) 100vw, 1202px\" \/><\/a><\/p>\n<h2 class=\"\">Rapporto Settoriale Turismo Linguistico<\/h2>\n<div class=\"paragraph\">Durante la <strong>convenzione FEDELE 2025<\/strong>, \u00e8 stato presentato il <strong class=\"\">Rapporto Settoriale in Turismo Linguistico<\/strong> relativo all&#8217;anno 2024. Questo rapporto ha evidenziato che le scuole andaluse di spagnolo per stranieri:<\/div>\n<ul>\n<li>\n<div class=\"paragraph\">Hanno generato un <strong class=\"\">impatto economico di oltre 94,7 milioni di euro nel 2024<\/strong><\/div>\n<\/li>\n<li>\n<div class=\"paragraph\">\u00c8 un <strong>incremento del 10%<\/strong> rispetto all&#8217;anno precedente!<\/div>\n<\/li>\n<li>\n<div class=\"paragraph\">L&#8217;<strong>Andalusia<\/strong> si \u00e8 posizionata come <strong>principale destinazione del paese<\/strong> per numero di studenti, con circa <strong>63.000 studenti<\/strong><\/div>\n<\/li>\n<\/ul>\n<div class=\"paragraph\">La direttrice generale di Promozione e Sviluppo del Turismo, <strong>Gemma del Corral<\/strong>, ha partecipato all&#8217;apertura della <strong>Convenzione<\/strong>, evidenziando il contributo di queste aziende come &#8220;ambasciatrici della cultura e della destinazione Andalusia&#8221;. Ha sottolineato che, oltre a promuovere la lingua, queste istituzioni diffondono le tradizioni, il patrimonio e la storia della regione.<\/div>\n<div class=\"paragraph\">La scelta di <strong class=\"\">M\u00e1laga<\/strong> come sede per questa edizione \u00e8 stata particolarmente significativa, poich\u00e9 coincide con il <strong class=\"\">25\u00ba anniversario di FEDELE<\/strong> e riconosce la citt\u00e0 come culla dello spirito associativo delle scuole di spagnolo come lingua straniera.<\/div>\n<div><\/div>\n<div class=\"paragraph\">\u00c8 stato un piacere condividere le nostre esperienze alla <strong>Convenzione FEDELE 2025<\/strong>!<\/div>\n<p><a href=\"https:\/\/www.inmsol.com\/wp-content\/uploads\/2025\/02\/Convencion-FEDELE-2.jpg\" target=\"_blank\" rel=\"noopener\"><img loading=\"lazy\" decoding=\"async\" class=\"aligncenter wp-image-86828 size-full\" title=\" Convegno Annuale Scuole Spagnolo M\u00e1laga\" src=\"https:\/\/www.inmsol.com\/wp-content\/uploads\/2025\/02\/Convencion-FEDELE-2.jpg\" alt=\" Convegno Annuale Scuole Spagnolo M\u00e1laga\" width=\"1202\" height=\"600\" srcset=\"https:\/\/www.inmsol.com\/wp-content\/uploads\/2025\/02\/Convencion-FEDELE-2.jpg 1202w, https:\/\/www.inmsol.com\/wp-content\/uploads\/2025\/02\/Convencion-FEDELE-2-460x230.jpg 460w, https:\/\/www.inmsol.com\/wp-content\/uploads\/2025\/02\/Convencion-FEDELE-2-1024x511.jpg 1024w, https:\/\/www.inmsol.com\/wp-content\/uploads\/2025\/02\/Convencion-FEDELE-2-150x75.jpg 150w, https:\/\/www.inmsol.com\/wp-content\/uploads\/2025\/02\/Convencion-FEDELE-2-768x383.jpg 768w, https:\/\/www.inmsol.com\/wp-content\/uploads\/2025\/02\/Convencion-FEDELE-2-1000x500.jpg 1000w, https:\/\/www.inmsol.com\/wp-content\/uploads\/2025\/02\/Convencion-FEDELE-2-700x349.jpg 700w, https:\/\/www.inmsol.com\/wp-content\/uploads\/2025\/02\/Convencion-FEDELE-2-800x399.jpg 800w, https:\/\/www.inmsol.com\/wp-content\/uploads\/2025\/02\/Convencion-FEDELE-2-64x32.jpg 64w\" sizes=\"(max-width: 1202px) 100vw, 1202px\" \/><\/a><\/p>\n","protected":false},"excerpt":{"rendered":"<p>La Convenzione Annuale FEDELE 2025 si \u00e8 tenuta a M\u00e1laga il 19 e 20 febbraio 2025. iNMSOL ha fatto parte del team&#8230; Vuoi saperne di pi\u00f9?<\/p>\n","protected":false},"author":31,"featured_media":86824,"comment_status":"open","ping_status":"closed","sticky":false,"template":"","format":"standard","meta":{"_acf_changed":false,"footnotes":""},"categories":[6,270,1416,17,35],"tags":[],"class_list":["post-86837","post","type-post","status-publish","format-standard","has-post-thumbnail","hentry","category-blog-it-it","category-imparare-lo-spagnolo","category-lingua-2","category-notizie-it-it","category-spagnolo-gruppi-it"],"acf":[],"yoast_head":"<!-- This site is optimized with the Yoast SEO plugin v27.5 - https:\/\/yoast.com\/product\/yoast-seo-wordpress\/ -->\n<title>Convenzione FEDELE 2025: iNMSOL come Centro Federato &#8226; iNMSOL<\/title>\n<meta name=\"description\" content=\"La Convenzione Annuale FEDELE 2025 si \u00e8 tenuta a M\u00e1laga il 19 e 20 febbraio 2025. iNMSOL ha fatto parte del team... Vuoi saperne di pi\u00f9?\" \/>\n<meta name=\"robots\" content=\"index, follow, max-snippet:-1, max-image-preview:large, max-video-preview:-1\" \/>\n<link rel=\"canonical\" href=\"https:\/\/www.inmsol.com\/it\/blog-it-it\/convenzione-fedele-2025\/\" \/>\n<meta property=\"og:locale\" content=\"it_IT\" \/>\n<meta property=\"og:type\" content=\"article\" \/>\n<meta property=\"og:title\" content=\"Convenzione FEDELE 2025: iNMSOL come Centro Federato &#8226; iNMSOL\" \/>\n<meta property=\"og:description\" content=\"La Convenzione Annuale FEDELE 2025 si \u00e8 tenuta a M\u00e1laga il 19 e 20 febbraio 2025. iNMSOL ha fatto parte del team... Vuoi saperne di pi\u00f9?\" \/>\n<meta property=\"og:url\" content=\"https:\/\/www.inmsol.com\/it\/blog-it-it\/convenzione-fedele-2025\/\" \/>\n<meta property=\"og:site_name\" content=\"iNMSOL\" \/>\n<meta property=\"article:publisher\" content=\"https:\/\/www.facebook.com\/spanishcourses\" \/>\n<meta property=\"article:published_time\" content=\"2025-02-26T10:23:37+00:00\" \/>\n<meta property=\"article:modified_time\" content=\"2026-02-20T13:59:14+00:00\" \/>\n<meta property=\"og:image\" content=\"https:\/\/www.inmsol.com\/wp-content\/uploads\/2025\/02\/Convencion-FEDELE-3.jpg\" \/>\n\t<meta property=\"og:image:width\" content=\"1202\" \/>\n\t<meta property=\"og:image:height\" content=\"600\" \/>\n\t<meta property=\"og:image:type\" content=\"image\/jpeg\" \/>\n<meta name=\"author\" content=\"Rocio Mart\u00ednez\" \/>\n<meta name=\"twitter:label1\" content=\"Scritto da\" \/>\n\t<meta name=\"twitter:data1\" content=\"Rocio Mart\u00ednez\" \/>\n\t<meta name=\"twitter:label2\" content=\"Tempo di lettura stimato\" \/>\n\t<meta name=\"twitter:data2\" content=\"3 minuti\" \/>\n<script type=\"application\/ld+json\" class=\"yoast-schema-graph\">{\"@context\":\"https:\\\/\\\/schema.org\",\"@graph\":[{\"@type\":\"Article\",\"@id\":\"https:\\\/\\\/www.inmsol.com\\\/it\\\/blog-it-it\\\/convenzione-fedele-2025\\\/#article\",\"isPartOf\":{\"@id\":\"https:\\\/\\\/www.inmsol.com\\\/it\\\/blog-it-it\\\/convenzione-fedele-2025\\\/\"},\"author\":{\"name\":\"Rocio Mart\u00ednez\",\"@id\":\"https:\\\/\\\/www.inmsol.com\\\/it\\\/#\\\/schema\\\/person\\\/d041a9956283741a6ed56e0530eb28b5\"},\"headline\":\"Convenzione FEDELE 2025: iNMSOL come Centro Federato\",\"datePublished\":\"2025-02-26T10:23:37+00:00\",\"dateModified\":\"2026-02-20T13:59:14+00:00\",\"mainEntityOfPage\":{\"@id\":\"https:\\\/\\\/www.inmsol.com\\\/it\\\/blog-it-it\\\/convenzione-fedele-2025\\\/\"},\"wordCount\":327,\"commentCount\":0,\"publisher\":{\"@id\":\"https:\\\/\\\/www.inmsol.com\\\/it\\\/#organization\"},\"image\":{\"@id\":\"https:\\\/\\\/www.inmsol.com\\\/it\\\/blog-it-it\\\/convenzione-fedele-2025\\\/#primaryimage\"},\"thumbnailUrl\":\"https:\\\/\\\/www.inmsol.com\\\/wp-content\\\/uploads\\\/2025\\\/02\\\/Convencion-FEDELE-3.jpg\",\"articleSection\":[\"Blog\",\"Imparare lo spagnolo\",\"Lingua\",\"Notizie\",\"Spagnolo per gruppi\"],\"inLanguage\":\"it-IT\",\"potentialAction\":[{\"@type\":\"CommentAction\",\"name\":\"Comment\",\"target\":[\"https:\\\/\\\/www.inmsol.com\\\/it\\\/blog-it-it\\\/convenzione-fedele-2025\\\/#respond\"]}]},{\"@type\":\"WebPage\",\"@id\":\"https:\\\/\\\/www.inmsol.com\\\/it\\\/blog-it-it\\\/convenzione-fedele-2025\\\/\",\"url\":\"https:\\\/\\\/www.inmsol.com\\\/it\\\/blog-it-it\\\/convenzione-fedele-2025\\\/\",\"name\":\"Convenzione FEDELE 2025: iNMSOL come Centro Federato &#8226; iNMSOL\",\"isPartOf\":{\"@id\":\"https:\\\/\\\/www.inmsol.com\\\/it\\\/#website\"},\"primaryImageOfPage\":{\"@id\":\"https:\\\/\\\/www.inmsol.com\\\/it\\\/blog-it-it\\\/convenzione-fedele-2025\\\/#primaryimage\"},\"image\":{\"@id\":\"https:\\\/\\\/www.inmsol.com\\\/it\\\/blog-it-it\\\/convenzione-fedele-2025\\\/#primaryimage\"},\"thumbnailUrl\":\"https:\\\/\\\/www.inmsol.com\\\/wp-content\\\/uploads\\\/2025\\\/02\\\/Convencion-FEDELE-3.jpg\",\"datePublished\":\"2025-02-26T10:23:37+00:00\",\"dateModified\":\"2026-02-20T13:59:14+00:00\",\"description\":\"La Convenzione Annuale FEDELE 2025 si \u00e8 tenuta a M\u00e1laga il 19 e 20 febbraio 2025. iNMSOL ha fatto parte del team... Vuoi saperne di pi\u00f9?\",\"breadcrumb\":{\"@id\":\"https:\\\/\\\/www.inmsol.com\\\/it\\\/blog-it-it\\\/convenzione-fedele-2025\\\/#breadcrumb\"},\"inLanguage\":\"it-IT\",\"potentialAction\":[{\"@type\":\"ReadAction\",\"target\":[\"https:\\\/\\\/www.inmsol.com\\\/it\\\/blog-it-it\\\/convenzione-fedele-2025\\\/\"]}]},{\"@type\":\"ImageObject\",\"inLanguage\":\"it-IT\",\"@id\":\"https:\\\/\\\/www.inmsol.com\\\/it\\\/blog-it-it\\\/convenzione-fedele-2025\\\/#primaryimage\",\"url\":\"https:\\\/\\\/www.inmsol.com\\\/wp-content\\\/uploads\\\/2025\\\/02\\\/Convencion-FEDELE-3.jpg\",\"contentUrl\":\"https:\\\/\\\/www.inmsol.com\\\/wp-content\\\/uploads\\\/2025\\\/02\\\/Convencion-FEDELE-3.jpg\",\"width\":1202,\"height\":600},{\"@type\":\"BreadcrumbList\",\"@id\":\"https:\\\/\\\/www.inmsol.com\\\/it\\\/blog-it-it\\\/convenzione-fedele-2025\\\/#breadcrumb\",\"itemListElement\":[{\"@type\":\"ListItem\",\"position\":1,\"name\":\"Accredited Center by Instituto Cervantes\",\"item\":\"https:\\\/\\\/www.inmsol.com\\\/it\\\/pagina-ejemplo\\\/\"},{\"@type\":\"ListItem\",\"position\":2,\"name\":\"Blog\",\"item\":\"https:\\\/\\\/www.inmsol.com\\\/it\\\/category\\\/blog-it-it\\\/\"},{\"@type\":\"ListItem\",\"position\":3,\"name\":\"Convenzione FEDELE 2025: iNMSOL come Centro Federato\"}]},{\"@type\":\"WebSite\",\"@id\":\"https:\\\/\\\/www.inmsol.com\\\/it\\\/#website\",\"url\":\"https:\\\/\\\/www.inmsol.com\\\/it\\\/\",\"name\":\"iNMSOL\",\"description\":\"Impara lo spagnolo con noi - Centro di studio accreditato con l'Istituto Cervantes\",\"publisher\":{\"@id\":\"https:\\\/\\\/www.inmsol.com\\\/it\\\/#organization\"},\"potentialAction\":[{\"@type\":\"SearchAction\",\"target\":{\"@type\":\"EntryPoint\",\"urlTemplate\":\"https:\\\/\\\/www.inmsol.com\\\/it\\\/?s={search_term_string}\"},\"query-input\":{\"@type\":\"PropertyValueSpecification\",\"valueRequired\":true,\"valueName\":\"search_term_string\"}}],\"inLanguage\":\"it-IT\"},{\"@type\":\"Organization\",\"@id\":\"https:\\\/\\\/www.inmsol.com\\\/it\\\/#organization\",\"name\":\"Instituto Mediterr\u00e1neo Sol\",\"url\":\"https:\\\/\\\/www.inmsol.com\\\/it\\\/\",\"logo\":{\"@type\":\"ImageObject\",\"inLanguage\":\"it-IT\",\"@id\":\"https:\\\/\\\/www.inmsol.com\\\/it\\\/#\\\/schema\\\/logo\\\/image\\\/\",\"url\":\"https:\\\/\\\/www.inmsol.com\\\/wp-content\\\/uploads\\\/2023\\\/06\\\/logo-inmsol-1.png\",\"contentUrl\":\"https:\\\/\\\/www.inmsol.com\\\/wp-content\\\/uploads\\\/2023\\\/06\\\/logo-inmsol-1.png\",\"width\":136,\"height\":73,\"caption\":\"Instituto Mediterr\u00e1neo Sol\"},\"image\":{\"@id\":\"https:\\\/\\\/www.inmsol.com\\\/it\\\/#\\\/schema\\\/logo\\\/image\\\/\"},\"sameAs\":[\"https:\\\/\\\/www.facebook.com\\\/spanishcourses\",\"https:\\\/\\\/x.com\\\/StudyInGranada\",\"http:\\\/\\\/instagram.com\\\/imsolgranada\",\"https:\\\/\\\/es.linkedin.com\\\/company\\\/imsol-granada\",\"https:\\\/\\\/www.pinterest.es\\\/inmsol\\\/\",\"https:\\\/\\\/www.youtube.com\\\/channel\\\/UChz-Qn_7coFMosY85iYMO4g\"]},{\"@type\":\"Person\",\"@id\":\"https:\\\/\\\/www.inmsol.com\\\/it\\\/#\\\/schema\\\/person\\\/d041a9956283741a6ed56e0530eb28b5\",\"name\":\"Rocio Mart\u00ednez\",\"image\":{\"@type\":\"ImageObject\",\"inLanguage\":\"it-IT\",\"@id\":\"https:\\\/\\\/secure.gravatar.com\\\/avatar\\\/95b9b0d999ef55a048952ade325bea9ee664237dc576277e59c3cc8fc6ea1123?s=96&d=mm&r=g\",\"url\":\"https:\\\/\\\/secure.gravatar.com\\\/avatar\\\/95b9b0d999ef55a048952ade325bea9ee664237dc576277e59c3cc8fc6ea1123?s=96&d=mm&r=g\",\"contentUrl\":\"https:\\\/\\\/secure.gravatar.com\\\/avatar\\\/95b9b0d999ef55a048952ade325bea9ee664237dc576277e59c3cc8fc6ea1123?s=96&d=mm&r=g\",\"caption\":\"Rocio Mart\u00ednez\"},\"url\":\"https:\\\/\\\/www.inmsol.com\\\/it\\\/author\\\/secretaria\\\/\"}]}<\/script>\n<!-- \/ Yoast SEO plugin. -->","yoast_head_json":{"title":"Convenzione FEDELE 2025: iNMSOL come Centro Federato &#8226; iNMSOL","description":"La Convenzione Annuale FEDELE 2025 si \u00e8 tenuta a M\u00e1laga il 19 e 20 febbraio 2025. iNMSOL ha fatto parte del team... Vuoi saperne di pi\u00f9?","robots":{"index":"index","follow":"follow","max-snippet":"max-snippet:-1","max-image-preview":"max-image-preview:large","max-video-preview":"max-video-preview:-1"},"canonical":"https:\/\/www.inmsol.com\/it\/blog-it-it\/convenzione-fedele-2025\/","og_locale":"it_IT","og_type":"article","og_title":"Convenzione FEDELE 2025: iNMSOL come Centro Federato &#8226; iNMSOL","og_description":"La Convenzione Annuale FEDELE 2025 si \u00e8 tenuta a M\u00e1laga il 19 e 20 febbraio 2025. iNMSOL ha fatto parte del team... Vuoi saperne di pi\u00f9?","og_url":"https:\/\/www.inmsol.com\/it\/blog-it-it\/convenzione-fedele-2025\/","og_site_name":"iNMSOL","article_publisher":"https:\/\/www.facebook.com\/spanishcourses","article_published_time":"2025-02-26T10:23:37+00:00","article_modified_time":"2026-02-20T13:59:14+00:00","og_image":[{"width":1202,"height":600,"url":"https:\/\/www.inmsol.com\/wp-content\/uploads\/2025\/02\/Convencion-FEDELE-3.jpg","type":"image\/jpeg"}],"author":"Rocio Mart\u00ednez","twitter_misc":{"Scritto da":"Rocio Mart\u00ednez","Tempo di lettura stimato":"3 minuti"},"schema":{"@context":"https:\/\/schema.org","@graph":[{"@type":"Article","@id":"https:\/\/www.inmsol.com\/it\/blog-it-it\/convenzione-fedele-2025\/#article","isPartOf":{"@id":"https:\/\/www.inmsol.com\/it\/blog-it-it\/convenzione-fedele-2025\/"},"author":{"name":"Rocio Mart\u00ednez","@id":"https:\/\/www.inmsol.com\/it\/#\/schema\/person\/d041a9956283741a6ed56e0530eb28b5"},"headline":"Convenzione FEDELE 2025: iNMSOL come Centro Federato","datePublished":"2025-02-26T10:23:37+00:00","dateModified":"2026-02-20T13:59:14+00:00","mainEntityOfPage":{"@id":"https:\/\/www.inmsol.com\/it\/blog-it-it\/convenzione-fedele-2025\/"},"wordCount":327,"commentCount":0,"publisher":{"@id":"https:\/\/www.inmsol.com\/it\/#organization"},"image":{"@id":"https:\/\/www.inmsol.com\/it\/blog-it-it\/convenzione-fedele-2025\/#primaryimage"},"thumbnailUrl":"https:\/\/www.inmsol.com\/wp-content\/uploads\/2025\/02\/Convencion-FEDELE-3.jpg","articleSection":["Blog","Imparare lo spagnolo","Lingua","Notizie","Spagnolo per gruppi"],"inLanguage":"it-IT","potentialAction":[{"@type":"CommentAction","name":"Comment","target":["https:\/\/www.inmsol.com\/it\/blog-it-it\/convenzione-fedele-2025\/#respond"]}]},{"@type":"WebPage","@id":"https:\/\/www.inmsol.com\/it\/blog-it-it\/convenzione-fedele-2025\/","url":"https:\/\/www.inmsol.com\/it\/blog-it-it\/convenzione-fedele-2025\/","name":"Convenzione FEDELE 2025: iNMSOL come Centro Federato &#8226; iNMSOL","isPartOf":{"@id":"https:\/\/www.inmsol.com\/it\/#website"},"primaryImageOfPage":{"@id":"https:\/\/www.inmsol.com\/it\/blog-it-it\/convenzione-fedele-2025\/#primaryimage"},"image":{"@id":"https:\/\/www.inmsol.com\/it\/blog-it-it\/convenzione-fedele-2025\/#primaryimage"},"thumbnailUrl":"https:\/\/www.inmsol.com\/wp-content\/uploads\/2025\/02\/Convencion-FEDELE-3.jpg","datePublished":"2025-02-26T10:23:37+00:00","dateModified":"2026-02-20T13:59:14+00:00","description":"La Convenzione Annuale FEDELE 2025 si \u00e8 tenuta a M\u00e1laga il 19 e 20 febbraio 2025. iNMSOL ha fatto parte del team... Vuoi saperne di pi\u00f9?","breadcrumb":{"@id":"https:\/\/www.inmsol.com\/it\/blog-it-it\/convenzione-fedele-2025\/#breadcrumb"},"inLanguage":"it-IT","potentialAction":[{"@type":"ReadAction","target":["https:\/\/www.inmsol.com\/it\/blog-it-it\/convenzione-fedele-2025\/"]}]},{"@type":"ImageObject","inLanguage":"it-IT","@id":"https:\/\/www.inmsol.com\/it\/blog-it-it\/convenzione-fedele-2025\/#primaryimage","url":"https:\/\/www.inmsol.com\/wp-content\/uploads\/2025\/02\/Convencion-FEDELE-3.jpg","contentUrl":"https:\/\/www.inmsol.com\/wp-content\/uploads\/2025\/02\/Convencion-FEDELE-3.jpg","width":1202,"height":600},{"@type":"BreadcrumbList","@id":"https:\/\/www.inmsol.com\/it\/blog-it-it\/convenzione-fedele-2025\/#breadcrumb","itemListElement":[{"@type":"ListItem","position":1,"name":"Accredited Center by Instituto Cervantes","item":"https:\/\/www.inmsol.com\/it\/pagina-ejemplo\/"},{"@type":"ListItem","position":2,"name":"Blog","item":"https:\/\/www.inmsol.com\/it\/category\/blog-it-it\/"},{"@type":"ListItem","position":3,"name":"Convenzione FEDELE 2025: iNMSOL come Centro Federato"}]},{"@type":"WebSite","@id":"https:\/\/www.inmsol.com\/it\/#website","url":"https:\/\/www.inmsol.com\/it\/","name":"iNMSOL","description":"Impara lo spagnolo con noi - Centro di studio accreditato con l'Istituto Cervantes","publisher":{"@id":"https:\/\/www.inmsol.com\/it\/#organization"},"potentialAction":[{"@type":"SearchAction","target":{"@type":"EntryPoint","urlTemplate":"https:\/\/www.inmsol.com\/it\/?s={search_term_string}"},"query-input":{"@type":"PropertyValueSpecification","valueRequired":true,"valueName":"search_term_string"}}],"inLanguage":"it-IT"},{"@type":"Organization","@id":"https:\/\/www.inmsol.com\/it\/#organization","name":"Instituto Mediterr\u00e1neo Sol","url":"https:\/\/www.inmsol.com\/it\/","logo":{"@type":"ImageObject","inLanguage":"it-IT","@id":"https:\/\/www.inmsol.com\/it\/#\/schema\/logo\/image\/","url":"https:\/\/www.inmsol.com\/wp-content\/uploads\/2023\/06\/logo-inmsol-1.png","contentUrl":"https:\/\/www.inmsol.com\/wp-content\/uploads\/2023\/06\/logo-inmsol-1.png","width":136,"height":73,"caption":"Instituto Mediterr\u00e1neo Sol"},"image":{"@id":"https:\/\/www.inmsol.com\/it\/#\/schema\/logo\/image\/"},"sameAs":["https:\/\/www.facebook.com\/spanishcourses","https:\/\/x.com\/StudyInGranada","http:\/\/instagram.com\/imsolgranada","https:\/\/es.linkedin.com\/company\/imsol-granada","https:\/\/www.pinterest.es\/inmsol\/","https:\/\/www.youtube.com\/channel\/UChz-Qn_7coFMosY85iYMO4g"]},{"@type":"Person","@id":"https:\/\/www.inmsol.com\/it\/#\/schema\/person\/d041a9956283741a6ed56e0530eb28b5","name":"Rocio Mart\u00ednez","image":{"@type":"ImageObject","inLanguage":"it-IT","@id":"https:\/\/secure.gravatar.com\/avatar\/95b9b0d999ef55a048952ade325bea9ee664237dc576277e59c3cc8fc6ea1123?s=96&d=mm&r=g","url":"https:\/\/secure.gravatar.com\/avatar\/95b9b0d999ef55a048952ade325bea9ee664237dc576277e59c3cc8fc6ea1123?s=96&d=mm&r=g","contentUrl":"https:\/\/secure.gravatar.com\/avatar\/95b9b0d999ef55a048952ade325bea9ee664237dc576277e59c3cc8fc6ea1123?s=96&d=mm&r=g","caption":"Rocio Mart\u00ednez"},"url":"https:\/\/www.inmsol.com\/it\/author\/secretaria\/"}]}},"_links":{"self":[{"href":"https:\/\/www.inmsol.com\/it\/wp-json\/wp\/v2\/posts\/86837","targetHints":{"allow":["GET"]}}],"collection":[{"href":"https:\/\/www.inmsol.com\/it\/wp-json\/wp\/v2\/posts"}],"about":[{"href":"https:\/\/www.inmsol.com\/it\/wp-json\/wp\/v2\/types\/post"}],"author":[{"embeddable":true,"href":"https:\/\/www.inmsol.com\/it\/wp-json\/wp\/v2\/users\/31"}],"replies":[{"embeddable":true,"href":"https:\/\/www.inmsol.com\/it\/wp-json\/wp\/v2\/comments?post=86837"}],"version-history":[{"count":3,"href":"https:\/\/www.inmsol.com\/it\/wp-json\/wp\/v2\/posts\/86837\/revisions"}],"predecessor-version":[{"id":89806,"href":"https:\/\/www.inmsol.com\/it\/wp-json\/wp\/v2\/posts\/86837\/revisions\/89806"}],"wp:featuredmedia":[{"embeddable":true,"href":"https:\/\/www.inmsol.com\/it\/wp-json\/wp\/v2\/media\/86824"}],"wp:attachment":[{"href":"https:\/\/www.inmsol.com\/it\/wp-json\/wp\/v2\/media?parent=86837"}],"wp:term":[{"taxonomy":"category","embeddable":true,"href":"https:\/\/www.inmsol.com\/it\/wp-json\/wp\/v2\/categories?post=86837"},{"taxonomy":"post_tag","embeddable":true,"href":"https:\/\/www.inmsol.com\/it\/wp-json\/wp\/v2\/tags?post=86837"}],"curies":[{"name":"wp","href":"https:\/\/api.w.org\/{rel}","templated":true}]}}