{"id":87519,"date":"2025-08-22T14:45:24","date_gmt":"2025-08-22T12:45:24","guid":{"rendered":"https:\/\/www.inmsol.com\/blog-it-it\/granada-sound-2025\/"},"modified":"2026-02-19T13:53:42","modified_gmt":"2026-02-19T12:53:42","slug":"granada-sound-2025","status":"publish","type":"post","link":"https:\/\/www.inmsol.com\/it\/blog-it-it\/granada-sound-2025\/","title":{"rendered":"Granada Sound 2025: il Festival Indie di Granada"},"content":{"rendered":"<div class=\"w-full mt-[1.4em] mb-[1px]\">\n<h2 class=\"font-[600] py-[3px] text-[1.5em]\" data-slate-node=\"element\" data-anchor=\"ilgrandeincontroindiedell'annoinandalusia\" data-slug=\"ilgrandeincontroindiedell'annoinandalusia1\"><span data-slate-node=\"text\"><span class=\"\" data-slate-leaf=\"true\">Il Grande Incontro Indie dell&#8217;Anno in Andalusia<\/span><\/span><\/h2>\n<\/div>\n<div class=\"w-full my-[1px]\" data-slate-fragment=\"JTVCJTdCJTIydHlwZSUyMiUzQSUyMmhlYWRpbmclMjIlMkMlMjJsZXZlbCUyMiUzQTIlMkMlMjJjaGlsZHJlbiUyMiUzQSU1QiU3QiUyMnRleHQlMjIlM0ElMjJJbCUyMEdyYW5kZSUyMEluY29udHJvJTIwSW5kaWUlMjBkZWxsJ0Fubm8lMjBpbiUyMEFuZGFsdXNpYSUyMiU3RCU1RCU3RCUyQyU3QiUyMnR5cGUlMjIlM0ElMjJwJTIyJTJDJTIyY2hpbGRyZW4lMjIlM0ElNUIlN0IlMjJ0ZXh0JTIyJTNBJTIyR3JhbmFkYSUyQyUyMHVuYSUyMGNpdHQlQzMlQTAlMjBjZWxlYnJlJTIwcGVyJTIwbGElMjBzdWElMjByaWNjYSUyMHN0b3JpYSUyQyUyMGwnYXJjaGl0ZXR0dXJhJTIwbW96emFmaWF0byUyMGUlMjBsYSUyMHZpYnJhbnRlJTIwdml0YSUyMGN1bHR1cmFsZSUyQyUyMHNpJTIwcHJlcGFyYSUyMGFkJTIwYWNjb2dsaWVyZSUyMG51b3ZhbWVudGUlMjB1bm8lMjBkZWdsaSUyMGV2ZW50aSUyMG11c2ljYWxpJTIwcGklQzMlQjklMjBhdHRlc2klMjBkZWxsYSUyMFNwYWduYSUzQSUyMGlsJTIwJTIyJTdEJTJDJTdCJTIydGV4dCUyMiUzQSUyMkdyYW5hZGElMjBTb3VuZCUyMDIwMjUlMjIlMkMlMjJib2xkJTIyJTNBdHJ1ZSU3RCUyQyU3QiUyMnRleHQlMjIlM0ElMjIuJTIwUHJldmlzdG8lMjBwZXIlMjBpJTIwZ2lvcm5pJTIwMTIlMjBlJTIwMTMlMjBzZXR0ZW1icmUlMkMlMjBxdWVzdG8lMjBmZXN0aXZhbCUyMHByb21ldHRlJTIwZHVlJTIwZ2lvcm5hdGUlMjBpbnRlbnNlJTJDJTIwcmljY2hlJTIwZGklMjB1biUyMiU3RCU1RCU3RCU1RA==\">\n<div class=\"py-[3px]\" data-slate-node=\"element\"><span data-slate-node=\"text\"><span class=\"\" data-slate-leaf=\"true\">Famosa per la sua bellezza e vitalit\u00e0, Granada accoglie ancora una volta uno degli eventi musicali pi\u00f9 importanti del Paese. Previsto per i giorni <strong>12 e 13 settembre<\/strong>, <a href=\"https:\/\/granadasound.com\/cartel\/\" target=\"_blank\" rel=\"noopener\">il Granada Sound<\/a><\/span><\/span>\u00a02025 promette due giornate intense, ricche di un <strong>eclettico mix di musica <span class=\"font-[600]\" data-slate-leaf=\"true\">indie<\/span>, pop e rock,<\/strong> con artisti sia nazionali che internazionali. Di conseguenza, attirer\u00e0 sia gli <strong>appassionati consolidati<\/strong> che nuovi <strong>visitatori<\/strong> nella splendida citt\u00e0 andalusa.<\/div>\n<\/div>\n<p><a href=\"https:\/\/www.inmsol.com\/wp-content\/uploads\/2025\/08\/1.png\" target=\"_blank\" rel=\"noopener\"><img fetchpriority=\"high\" decoding=\"async\" class=\"aligncenter wp-image-87502 size-full\" title=\"Granada sound\" src=\"https:\/\/www.inmsol.com\/wp-content\/uploads\/2025\/08\/1.png\" alt=\"Granada sound\" width=\"800\" height=\"600\" srcset=\"https:\/\/www.inmsol.com\/wp-content\/uploads\/2025\/08\/1.png 800w, https:\/\/www.inmsol.com\/wp-content\/uploads\/2025\/08\/1-400x300.png 400w, https:\/\/www.inmsol.com\/wp-content\/uploads\/2025\/08\/1-150x113.png 150w, https:\/\/www.inmsol.com\/wp-content\/uploads\/2025\/08\/1-768x576.png 768w, https:\/\/www.inmsol.com\/wp-content\/uploads\/2025\/08\/1-700x525.png 700w, https:\/\/www.inmsol.com\/wp-content\/uploads\/2025\/08\/1-64x48.png 64w\" sizes=\"(max-width: 800px) 100vw, 800px\" \/><\/a><\/p>\n<div class=\"w-full mt-[1.4em] mb-[1px]\">\n<h2 class=\"font-[600] py-[3px] text-[1.5em]\" data-slate-node=\"element\" data-anchor=\"unfestivalconunalungatradizioneecrescitacostante\" data-slug=\"unfestivalconunalungatradizioneecrescitacostante3\"><span data-slate-node=\"text\"><span class=\"\" data-slate-leaf=\"true\">Un Festival con una Lunga Tradizione e Crescita Costante<\/span><\/span><\/h2>\n<\/div>\n<div class=\"w-full my-[1px]\">\n<div class=\"py-[3px]\" data-slate-node=\"element\">Dal debutto nel 2012 come <em>Alhambra Sound<\/em>, il <strong>Granada Sound<\/strong> \u00e8 diventato un punto di riferimento per la musica alternativa spagnola. La prima edizione fu ospitata alla Plaza de Toros con dieci band nazionali.\u00a0 Al tempo, nacque per celebrare la fine degli esami universitari, offrendo agli studenti un&#8217;esperienza musicale unica nel cuore della citt\u00e0.<\/div>\n<div data-slate-node=\"element\"><\/div>\n<\/div>\n<div class=\"w-full my-[1px]\">\n<div class=\"py-[3px]\" data-slate-node=\"element\"><span data-slate-node=\"text\"><span class=\"\" data-slate-leaf=\"true\">Nel corso degli anni, il festival ha vissuto una notevole <strong>evoluzione<\/strong>:<\/span><\/span><\/div>\n<div data-slate-node=\"element\"><\/div>\n<\/div>\n<div class=\"w-full my-[1px]\">\n<div class=\"flex flex-row ps-[2px]\" data-slate-node=\"element\"><span class=\"select-none flex flex-row justify-center items-center h-[30px] w-[24px] me-[2px] whitespace-nowrap flex-shrink-0 li-decorator\" contenteditable=\"false\"><span class=\"font-sans font-normal text-[24px]\">\u2022<\/span><\/span> <span class=\"flex-1 py-[3px] font-normal text-[16px] text-[var(--text-primary)]\"><span data-slate-node=\"text\"><span class=\"font-[600]\" data-slate-leaf=\"true\"><strong>Ampliamento di Scenari e Sedi<\/strong>:<\/span><\/span><span data-slate-node=\"text\"><span class=\"\" data-slate-leaf=\"true\"> Dopo essersi svolto inizialmente nella Plaza de Toros, l&#8217;evento si \u00e8 trasferito al <strong>centro fieristico di Armilla<\/strong> per poter accogliere un pubblico sempre crescente e aggiungere un secondo palco.<\/span><\/span><\/span><\/div>\n<\/div>\n<div class=\"w-full my-[1px]\">\n<div class=\"flex flex-row ps-[2px]\" data-slate-node=\"element\"><span class=\"select-none flex flex-row justify-center items-center h-[30px] w-[24px] me-[2px] whitespace-nowrap flex-shrink-0 li-decorator\" contenteditable=\"false\"><span class=\"font-sans font-normal text-[24px]\">\u2022<\/span><\/span><span class=\"flex-1 py-[3px] font-normal text-[16px] text-[var(--text-primary)]\"><span data-slate-node=\"text\"><span class=\"font-[600]\" data-slate-leaf=\"true\"><strong> Formato di Due Giorni<\/strong>:<\/span><\/span><span data-slate-node=\"text\"><span class=\"\" data-slate-leaf=\"true\"> Nel 2016, il festival ha esteso la sua durata a due giornate, spostandosi definitivamente al<strong> Cortijo del Conde<\/strong>, uno dei luoghi all&#8217;aperto pi\u00f9 iconici di Granada.<\/span><\/span><\/span><\/div>\n<\/div>\n<div class=\"w-full my-[1px]\">\n<div class=\"flex flex-row ps-[2px]\" data-slate-node=\"element\"><span class=\"select-none flex flex-row justify-center items-center h-[30px] w-[24px] me-[2px] whitespace-nowrap flex-shrink-0 li-decorator\" contenteditable=\"false\"><span class=\"font-sans font-normal text-[24px]\">\u2022<\/span><\/span> <span class=\"flex-1 py-[3px] font-normal text-[16px] text-[var(--text-primary)]\"><strong><span class=\"font-[600]\" data-slate-leaf=\"true\">Impatto Economico e Culturale:<\/span><\/strong><span data-slate-node=\"text\"><span class=\"\" data-slate-leaf=\"true\"> Gi\u00e0 nel 2017, il festival ha generato circa 9 milioni di euro in un solo fine settimana, dimostrando la sua significativa rilevanza per la <strong>cultura<\/strong> e l&#8217;<strong>economia<\/strong> dell&#8217;Andalusia.<\/span><\/span><\/span><\/div>\n<\/div>\n<div class=\"w-full my-[1px]\">\n<div class=\"flex flex-row ps-[2px]\" data-slate-node=\"element\"><span class=\"select-none flex flex-row justify-center items-center h-[30px] w-[24px] me-[2px] whitespace-nowrap flex-shrink-0 li-decorator\" contenteditable=\"false\"><span class=\"font-sans font-normal text-[24px]\">\u2022<\/span><\/span><span class=\"flex-1 py-[3px] font-normal text-[16px] text-[var(--text-primary)]\"><span data-slate-node=\"text\"><span class=\"font-[600]\" data-slate-leaf=\"true\"><strong> Adattamento durante la COVID-19<\/strong>:<\/span><\/span><span data-slate-node=\"text\"><span class=\"\" data-slate-leaf=\"true\"> Nonostante le difficolt\u00e0, nel 2020 l&#8217;evento fu posticipato. Tuttavia, gli organizzatori trasmisero esibizioni online per mantenere vivo il <strong>legame<\/strong> con i loro fan durante la pandemia.<\/span><\/span><\/span><\/div>\n<\/div>\n<div class=\"w-full mt-[1.4em] mb-[1px]\">\n<h2 class=\"font-[600] py-[3px] text-[1.5em]\" data-slate-node=\"element\" data-anchor=\"granadasound2025%3Acosaaspettarsi\" data-slug=\"granadasound2025%3Acosaaspettarsi10\"><span data-slate-node=\"text\"><span class=\"\" data-slate-leaf=\"true\">Granada Sound 2025: Cosa Aspettarsi<\/span><\/span><\/h2>\n<\/div>\n<div class=\"w-full my-[1px]\">\n<div class=\"py-[3px]\" data-slate-node=\"element\"><span data-slate-node=\"text\"><span class=\"\" data-slate-leaf=\"true\">L&#8217;edizione del 2025 vanter\u00e0 un cartellone di primissimo livello. Nomi di spicco come <strong>Viva Suecia, Zahara, Ojete Calor, Silo\u00e9, Miss Caffeina, Samura\u00ef, Veintiuno, Karavana e Besmaya<\/strong>. Il <\/span><\/span><span data-slate-node=\"text\"><span class=\"font-[600]\" data-slate-leaf=\"true\">festival indie di Granada<\/span><\/span><span data-slate-node=\"text\"><span class=\"\" data-slate-leaf=\"true\"> mira a offrire un&#8217;esperienza <strong>immersiva<\/strong> che combina <strong>musica dal vivo, eccellenze gastronomiche<\/strong> e l&#8217;<strong>atmosfera<\/strong> inconfondibile di Granada.<\/span><\/span><\/div>\n<div data-slate-node=\"element\"><\/div>\n<\/div>\n<div class=\"w-full my-[1px]\">\n<div class=\"flex flex-row ps-[2px]\" data-slate-node=\"element\"><span class=\"select-none flex flex-row justify-center items-center h-[30px] w-[24px] me-[2px] whitespace-nowrap flex-shrink-0 li-decorator\" contenteditable=\"false\"><span class=\"font-sans font-normal text-[24px]\">\u2022<\/span><\/span> <strong><span class=\"flex-1 py-[3px] font-normal text-[16px] text-[var(--text-primary)]\"><span class=\"font-[600]\" data-slate-leaf=\"true\">Luogo:<\/span><span class=\"\" data-slate-leaf=\"true\"> Cortijo del Conde<\/span><\/span><\/strong><\/div>\n<\/div>\n<div class=\"w-full my-[1px]\">\n<div class=\"flex flex-row ps-[2px]\" data-slate-node=\"element\"><span class=\"select-none flex flex-row justify-center items-center h-[30px] w-[24px] me-[2px] whitespace-nowrap flex-shrink-0 li-decorator\" contenteditable=\"false\"><span class=\"font-sans font-normal text-[24px]\">\u2022<\/span><\/span><strong><span class=\"flex-1 py-[3px] font-normal text-[16px] text-[var(--text-primary)]\"><span class=\"font-[600]\" data-slate-leaf=\"true\"> Date:<\/span><span class=\"\" data-slate-leaf=\"true\"> 12\u201313 settembre 2025<\/span><\/span><\/strong><\/div>\n<\/div>\n<div class=\"w-full my-[1px]\">\n<div class=\"flex flex-row ps-[2px]\" data-slate-node=\"element\"><span class=\"select-none flex flex-row justify-center items-center h-[30px] w-[24px] me-[2px] whitespace-nowrap flex-shrink-0 li-decorator\" contenteditable=\"false\"><span class=\"font-sans font-normal text-[24px]\">\u2022<\/span><\/span><span class=\"flex-1 py-[3px] font-normal text-[16px] text-[var(--text-primary)]\"><strong><span class=\"font-[600]\" data-slate-leaf=\"true\"> Biglietti:<\/span><\/strong><span data-slate-node=\"text\"><span class=\"\" data-slate-leaf=\"true\"> Disponibili in <strong>formato generale<\/strong> e <strong>VIP<\/strong>. \u00c8 importante notare che quest&#8217;anno i biglietti sono <strong>nominativi. <\/strong>\u00a0Ovvero, ci\u00f3 significa che il nome del <strong>titolare<\/strong> deve corrispondere a quello sul biglietto al momento dell&#8217;accesso. I cambi di nome possono essere effettuati fino a <strong>20 giorni dopo l&#8217;acquisto<\/strong>.<\/span><\/span><\/span><\/div>\n<\/div>\n<div class=\"w-full my-[1px]\">\n<div class=\"py-[3px]\" data-slate-node=\"element\"><span data-slate-node=\"text\"><span class=\"\" data-slate-leaf=\"true\">Il luogo dell&#8217;evento gode di <strong>ottimi collegamenti.<\/strong> Infatti, si trova a soli <strong>15 km<\/strong> dall&#8217;<strong>Aeroporto di Granada-Ja\u00e9n. Ma non solo:<\/strong> offre accessi agevoli tramite strada, autobus e treno da citt\u00e0 importanti come <strong>Madrid, Malaga<\/strong> o <strong>Siviglia<\/strong>.<\/span><\/span><\/div>\n<\/div>\n<div class=\"w-full mt-[1.4em] mb-[1px]\">\n<h2 class=\"font-[600] py-[3px] text-[1.5em]\" data-slate-node=\"element\" data-anchor=\"granada%3Aloscenarioperfettoperunfestivalmusicale\" data-slug=\"granada%3Aloscenarioperfettoperunfestivalmusicale16\"><span data-slate-node=\"text\"><span class=\"\" data-slate-leaf=\"true\">Granada Sound: Lo Scenario Perfetto per un Festival Musicale<\/span><\/span><\/h2>\n<\/div>\n<div class=\"w-full my-[1px]\">\n<div class=\"py-[3px]\" data-slate-node=\"element\"><span data-slate-node=\"text\"><span class=\"\" data-slate-leaf=\"true\">Partecipare al <\/span><\/span><span data-slate-node=\"text\"><span class=\"font-[600]\" data-slate-leaf=\"true\">Festival Indie<\/span><\/span><span data-slate-node=\"text\"><span class=\"\" data-slate-leaf=\"true\">\u00a0non significa solo godersi la musica. La citt\u00e0 offre, infatti, un <strong>contesto culturale ineguagliabile<\/strong> per arricchire ulteriormente l&#8217;esperienza:<\/span><\/span><\/div>\n<\/div>\n<div class=\"w-full my-[1px]\">\n<div class=\"flex flex-row ps-[2px]\" data-slate-node=\"element\"><span class=\"select-none flex flex-row justify-center items-center h-[30px] w-[24px] me-[2px] whitespace-nowrap flex-shrink-0 li-decorator\" contenteditable=\"false\"><span class=\"font-sans font-normal text-[24px]\">\u2022<\/span><\/span> <span class=\"flex-1 py-[3px] font-normal text-[16px] text-[var(--text-primary)]\"><span data-slate-node=\"text\"><span class=\"font-[600]\" data-slate-leaf=\"true\"><strong>L&#8217;Alhambra<\/strong>:<\/span><\/span><span data-slate-node=\"text\"><span class=\"\" data-slate-leaf=\"true\"> Patrimonio dell&#8217;Umanit\u00e0 <strong>UNESCO<\/strong> e meta imperdibile per ogni visitatore.<\/span><\/span><\/span><\/div>\n<\/div>\n<div class=\"w-full my-[1px]\">\n<div class=\"flex flex-row ps-[2px]\" data-slate-node=\"element\"><span class=\"select-none flex flex-row justify-center items-center h-[30px] w-[24px] me-[2px] whitespace-nowrap flex-shrink-0 li-decorator\" contenteditable=\"false\"><span class=\"font-sans font-normal text-[24px]\">\u2022<\/span><\/span><span class=\"flex-1 py-[3px] font-normal text-[16px] text-[var(--text-primary)]\"><span data-slate-node=\"text\"><span class=\"font-[600]\" data-slate-leaf=\"true\"><strong> L&#8217;Albayz\u00edn<\/strong>:<\/span><\/span><span data-slate-node=\"text\"><span class=\"\" data-slate-leaf=\"true\"> Un quartiere storico caratterizzato da stradine strette, architettura tradizionale e punti panoramici unici, perfetti per passeggiate suggestive.<\/span><\/span><\/span><\/div>\n<\/div>\n<div class=\"w-full my-[1px]\" data-slate-fragment=\"JTVCJTdCJTIydHlwZSUyMiUzQSUyMmhlYWRpbmclMjIlMkMlMjJsZXZlbCUyMiUzQTIlMkMlMjJjaGlsZHJlbiUyMiUzQSU1QiU3QiUyMnRleHQlMjIlM0ElMjJVbiUyMEZlc3RpdmFsJTIwY29uJTIwdW5hJTIwTHVuZ2ElMjBUcmFkaXppb25lJTIwZSUyMENyZXNjaXRhJTIwQ29zdGFudGUlMjIlN0QlNUQlN0QlMkMlN0IlMjJ0eXBlJTIyJTNBJTIycCUyMiUyQyUyMmNoaWxkcmVuJTIyJTNBJTVCJTdCJTIydGV4dCUyMiUzQSUyMkZpbiUyMGRhbGxhJTIwc3VhJTIwcHJpbWElMjBlZGl6aW9uZSUyMG5lbCUyMDIwMTIlMkMlMjBpbCUyMCUyMiU3RCUyQyU3QiUyMnRleHQlMjIlM0ElMjJHcmFuYWRhJTIwU291bmQlMjIlMkMlMjJib2xkJTIyJTNBdHJ1ZSU3RCUyQyU3QiUyMnRleHQlMjIlM0ElMjIlMjBzaSUyMCVDMyVBOCUyMGFmZmVybWF0byUyMGNvbWUlMjB1biUyMGV2ZW50byUyMGRpJTIwcmlmZXJpbWVudG8lMjBuZWxsYSUyMHNjZW5hJTIwbXVzaWNhbGUlMjBhbHRlcm5hdGl2YSUyMHNwYWdub2xhLiUyMEluaXppYWxtZW50ZSUyQyUyMGxhJTIwcHJpbWElMjBlZGl6aW9uZSUyQyUyMGFsbG9yYSUyMGNvbm9zY2l1dGElMjBjb21lJTIwQWxoYW1icmElMjBTb3VuZCUyQyUyMHNpJTIwdGVubmUlMjBuZWxsYSUyMFBsYXphJTIwZGUlMjBUb3JvcyUyMGUlMjB2aWRlJTIwbGElMjBwYXJ0ZWNpcGF6aW9uZSUyMGRpJTIwZGllY2klMjBncnVwcGklMjBuYXppb25hbGklMjBjaGUlMjBvZmZyaXJvbm8lMjBvbHRyZSUyMGRpZWNpJTIwb3JlJTIwZGklMjBtdXNpY2EuJTIwSWwlMjBmZXN0aXZhbCUyMG5hY3F1ZSUyMGNvbiUyMGwnaW50ZW50byUyMGRpJTIwY2VsZWJyYXJlJTIwbGElMjBmaW5lJTIwZGVsJTIwcGVyaW9kbyUyMGRlZ2xpJTIwZXNhbWklMjB1bml2ZXJzaXRhcmklMkMlMjBvZmZyZW5kbyUyMGFnbGklMjBzdHVkZW50aSUyMHVuJ2VzcGVyaWVuemElMjBtdXNpY2FsZSUyMHVuaWNhJTIwbmVsJTIwY3VvcmUlMjBkaSUyMEdyYW5hZGEuJTIyJTdEJTVEJTdEJTJDJTdCJTIydHlwZSUyMiUzQSUyMnAlMjIlMkMlMjJjaGlsZHJlbiUyMiUzQSU1QiU3QiUyMnRleHQlMjIlM0ElMjJOZWwlMjBjb3JzbyUyMGRlZ2xpJTIwYW5uaSUyQyUyMGlsJTIwZmVzdGl2YWwlMjBoYSUyMHZpc3N1dG8lMjB1bmElMjBub3Rldm9sZSUyMGV2b2x1emlvbmUlM0ElMjIlN0QlNUQlN0QlMkMlN0IlMjJ0eXBlJTIyJTNBJTIybGlzdEl0ZW0lMjIlMkMlMjJvcmRlcmVkJTIyJTNBZmFsc2UlMkMlMjJjaGlsZHJlbiUyMiUzQSU1QiU3QiUyMnRleHQlMjIlM0ElMjJBbXBsaWFtZW50byUyMGRpJTIwU2NlbmFyaSUyMGUlMjBTZWRpJTNBJTIyJTJDJTIyYm9sZCUyMiUzQXRydWUlN0QlMkMlN0IlMjJ0ZXh0JTIyJTNBJTIyJTIwRG9wbyUyMGVzc2Vyc2klMjBzdm9sdG8lMjBpbml6aWFsbWVudGUlMjBuZWxsYSUyMFBsYXphJTIwZGUlMjBUb3JvcyUyQyUyMGwnZXZlbnRvJTIwc2klMjAlQzMlQTglMjB0cmFzZmVyaXRvJTIwYWwlMjBjZW50cm8lMjBmaWVyaXN0aWNvJTIwZGklMjBBcm1pbGxhJTIwcGVyJTIwcG90ZXIlMjBhY2NvZ2xpZXJlJTIwdW4lMjBwdWJibGljbyUyMHNlbXByZSUyMGNyZXNjZW50ZSUyMGUlMjBhZ2dpdW5nZXJlJTIwdW4lMjBzZWNvbmRvJTIwcGFsY28uJTIyJTdEJTVEJTdEJTJDJTdCJTIydHlwZSUyMiUzQSUyMmxpc3RJdGVtJTIyJTJDJTIyb3JkZXJlZCUyMiUzQWZhbHNlJTJDJTIyY2hpbGRyZW4lMjIlM0ElNUIlN0IlMjJ0ZXh0JTIyJTNBJTIyRm9ybWF0byUyMGRpJTIwRHVlJTIwR2lvcm5pJTNBJTIyJTJDJTIyYm9sZCUyMiUzQXRydWUlN0QlMkMlN0IlMjJ0ZXh0JTIyJTNBJTIyJTIwTmVsJTIwMjAxNiUyQyUyMGlsJTIwZmVzdGl2YWwlMjBoYSUyMGVzdGVzbyUyMGxhJTIwc3VhJTIwZHVyYXRhJTIwYSUyMGR1ZSUyMGdpb3JuYXRlJTJDJTIwc3Bvc3RhbmRvc2klMjBkZWZpbml0aXZhbWVudGUlMjBhbCUyMENvcnRpam8lMjBkZWwlMjBDb25kZSUyQyUyMHVubyUyMGRlaSUyMGx1b2doaSUyMGFsbCdhcGVydG8lMjBwaSVDMyVCOSUyMGljb25pY2klMjBkaSUyMEdyYW5hZGEuJTIyJTdEJTVEJTdEJTJDJTdCJTIydHlwZSUyMiUzQSUyMmxpc3RJdGVtJTIyJTJDJTIyb3JkZXJlZCUyMiUzQWZhbHNlJTJDJTIyY2hpbGRyZW4lMjIlM0ElNUIlN0IlMjJ0ZXh0JTIyJTNBJTIySW1wYXR0byUyMEVjb25vbWljbyUyMGUlMjBDdWx0dXJhbGUlM0ElMjIlMkMlMjJib2xkJTIyJTNBdHJ1ZSU3RCUyQyU3QiUyMnRleHQlMjIlM0ElMjIlMjBHaSVDMyVBMCUyMG5lbCUyMDIwMTclMkMlMjBpbCUyMGZlc3RpdmFsJTIwaGElMjBnZW5lcmF0byUyMGNpcmNhJTIwOSUyMG1pbGlvbmklMjBkaSUyMGV1cm8lMjBpbiUyMHVuJTIwc29sbyUyMGZpbmUlMjBzZXR0aW1hbmElMkMlMjBkaW1vc3RyYW5kbyUyMGxhJTIwc3VhJTIwc2lnbmlmaWNhdGl2YSUyMHJpbGV2YW56YSUyMHBlciUyMGxhJTIwY3VsdHVyYSUyMGUlMjBsJ2Vjb25vbWlhJTIwZGVsbCdBbmRhbHVzaWEuJTIyJTdEJTVEJTdEJTJDJTdCJTIydHlwZSUyMiUzQSUyMmxpc3RJdGVtJTIyJTJDJTIyb3JkZXJlZCUyMiUzQWZhbHNlJTJDJTIyY2hpbGRyZW4lMjIlM0ElNUIlN0IlMjJ0ZXh0JTIyJTNBJTIyQWRhdHRhbWVudG8lMjBkdXJhbnRlJTIwbGElMjBDT1ZJRC0xOSUzQSUyMiUyQyUyMmJvbGQlMjIlM0F0cnVlJTdEJTJDJTdCJTIydGV4dCUyMiUzQSUyMiUyME5vbm9zdGFudGUlMjBsZSUyMGRpZmZpY29sdCVDMyVBMCUyQyUyMG5lbCUyMDIwMjAlMjBsJ2V2ZW50byUyMGZ1JTIwcG9zdGljaXBhdG8uJTIwVHV0dGF2aWElMkMlMjBnbGklMjBvcmdhbml6emF0b3JpJTIwdHJhc21pc2VybyUyMGVzaWJpemlvbmklMjBvbmxpbmUlMjBwZXIlMjBtYW50ZW5lcmUlMjB2aXZvJTIwaWwlMjBsZWdhbWUlMjBjb24lMjBpJTIwbG9ybyUyMGZhbiUyMGR1cmFudGUlMjBsYSUyMHBhbmRlbWlhLiUyMiU3RCU1RCU3RCUyQyU3QiUyMnR5cGUlMjIlM0ElMjJoZWFkaW5nJTIyJTJDJTIybGV2ZWwlMjIlM0EyJTJDJTIyY2hpbGRyZW4lMjIlM0ElNUIlN0IlMjJ0ZXh0JTIyJTNBJTIyR3JhbmFkYSUyMFNvdW5kJTIwMjAyNSUzQSUyMENvc2ElMjBBc3BldHRhcnNpJTIyJTdEJTVEJTdEJTJDJTdCJTIydHlwZSUyMiUzQSUyMnAlMjIlMkMlMjJjaGlsZHJlbiUyMiUzQSU1QiU3QiUyMnRleHQlMjIlM0ElMjJMJ2VkaXppb25lJTIwZGVsJTIwMjAyNSUyMHZhbnRlciVDMyVBMCUyMHVuJTIwY2FydGVsbG9uZSUyMGRpJTIwcHJpbWlzc2ltbyUyMGxpdmVsbG8lMkMlMjBjb24lMjBub21pJTIwZGklMjBzcGljY28lMjBjb21lJTIwVml2YSUyMFN1ZWNpYSUyQyUyMFphaGFyYSUyQyUyME9qZXRlJTIwQ2Fsb3IlMkMlMjBTaWxvJUMzJUE5JTJDJTIwTWlzcyUyMENhZmZlaW5hJTJDJTIwU2FtdXJhJUMzJUFGJTJDJTIwVmVpbnRpdW5vJTJDJTIwS2FyYXZhbmElMjBlJTIwQmVzbWF5YS4lMjBJbCUyMCUyMiU3RCUyQyU3QiUyMnRleHQlMjIlM0ElMjJmZXN0aXZhbCUyMGluZGllJTIwZGklMjBHcmFuYWRhJTIyJTJDJTIyYm9sZCUyMiUzQXRydWUlN0QlMkMlN0IlMjJ0ZXh0JTIyJTNBJTIyJTIwbWlyYSUyMGElMjBvZmZyaXJlJTIwdW4nZXNwZXJpZW56YSUyMGltbWVyc2l2YSUyMGNoZSUyMGNvbWJpbmElMjBtdXNpY2ElMjBkYWwlMjB2aXZvJTJDJTIwZWNjZWxsZW56ZSUyMGdhc3Ryb25vbWljaGUlMjBlJTIwbCdhdG1vc2ZlcmElMjBpbmNvbmZvbmRpYmlsZSUyMGRpJTIwR3JhbmFkYS4lMjIlN0QlNUQlN0QlMkMlN0IlMjJ0eXBlJTIyJTNBJTIybGlzdEl0ZW0lMjIlMkMlMjJvcmRlcmVkJTIyJTNBZmFsc2UlMkMlMjJjaGlsZHJlbiUyMiUzQSU1QiU3QiUyMnRleHQlMjIlM0ElMjJMdW9nbyUzQSUyMiUyQyUyMmJvbGQlMjIlM0F0cnVlJTdEJTJDJTdCJTIydGV4dCUyMiUzQSUyMiUyMENvcnRpam8lMjBkZWwlMjBDb25kZSUyMiU3RCU1RCU3RCUyQyU3QiUyMnR5cGUlMjIlM0ElMjJsaXN0SXRlbSUyMiUyQyUyMm9yZGVyZWQlMjIlM0FmYWxzZSUyQyUyMmNoaWxkcmVuJTIyJTNBJTVCJTdCJTIydGV4dCUyMiUzQSUyMkRhdGUlM0ElMjIlMkMlMjJib2xkJTIyJTNBdHJ1ZSU3RCUyQyU3QiUyMnRleHQlMjIlM0ElMjIlMjAxMiVFMiU4MCU5MzEzJTIwc2V0dGVtYnJlJTIwMjAyNSUyMiU3RCU1RCU3RCUyQyU3QiUyMnR5cGUlMjIlM0ElMjJsaXN0SXRlbSUyMiUyQyUyMm9yZGVyZWQlMjIlM0FmYWxzZSUyQyUyMmNoaWxkcmVuJTIyJTNBJTVCJTdCJTIydGV4dCUyMiUzQSUyMkJpZ2xpZXR0aSUzQSUyMiUyQyUyMmJvbGQlMjIlM0F0cnVlJTdEJTJDJTdCJTIydGV4dCUyMiUzQSUyMiUyMERpc3BvbmliaWxpJTIwaW4lMjBmb3JtYXRvJTIwZ2VuZXJhbGUlMjBlJTIwVklQLiUyMCVDMyU4OCUyMGltcG9ydGFudGUlMjBub3RhcmUlMjBjaGUlMjBxdWVzdCdhbm5vJTIwaSUyMGJpZ2xpZXR0aSUyMHNvbm8lMjBub21pbmF0aXZpJTJDJTIwaWwlMjBjaGUlMjBzaWduaWZpY2ElMjBjaGUlMjBpbCUyMG5vbWUlMjBkZWwlMjB0aXRvbGFyZSUyMGRldmUlMjBjb3JyaXNwb25kZXJlJTIwYSUyMHF1ZWxsbyUyMHN1bCUyMGJpZ2xpZXR0byUyMGFsJTIwbW9tZW50byUyMGRlbGwnYWNjZXNzby4lMjBJJTIwY2FtYmklMjBkaSUyMG5vbWUlMjBwb3Nzb25vJTIwZXNzZXJlJTIwZWZmZXR0dWF0aSUyMGZpbm8lMjBhJTIwMjAlMjBnaW9ybmklMjBkb3BvJTIwbCdhY3F1aXN0by4lMjIlN0QlNUQlN0QlMkMlN0IlMjJ0eXBlJTIyJTNBJTIycCUyMiUyQyUyMmNoaWxkcmVuJTIyJTNBJTVCJTdCJTIydGV4dCUyMiUzQSUyMklsJTIwbHVvZ28lMjBkZWxsJ2V2ZW50byUyMGdvZGUlMjBkaSUyMG90dGltaSUyMGNvbGxlZ2FtZW50aSUzQSUyMHNpJTIwdHJvdmElMjBhJTIwc29saSUyMDE1JTIwa20lMjBkYWxsJ0Flcm9wb3J0byUyMGRpJTIwR3JhbmFkYS1KYSVDMyVBOW4lMjBlJTIwb2ZmcmUlMjBhY2Nlc3NpJTIwYWdldm9saSUyMHRyYW1pdGUlMjBzdHJhZGElMkMlMjBhdXRvYnVzJTIwZSUyMHRyZW5vJTIwZGElMjBjaXR0JUMzJUEwJTIwaW1wb3J0YW50aSUyMGNvbWUlMjBNYWRyaWQlMkMlMjBNYWxhZ2ElMjBvJTIwU2l2aWdsaWEuJTIyJTdEJTVEJTdEJTJDJTdCJTIydHlwZSUyMiUzQSUyMmhlYWRpbmclMjIlMkMlMjJsZXZlbCUyMiUzQTIlMkMlMjJjaGlsZHJlbiUyMiUzQSU1QiU3QiUyMnRleHQlMjIlM0ElMjJHcmFuYWRhJTNBJTIwTG8lMjBTY2VuYXJpbyUyMFBlcmZldHRvJTIwcGVyJTIwdW4lMjBGZXN0aXZhbCUyME11c2ljYWxlJTIyJTdEJTVEJTdEJTJDJTdCJTIydHlwZSUyMiUzQSUyMnAlMjIlMkMlMjJjaGlsZHJlbiUyMiUzQSU1QiU3QiUyMnRleHQlMjIlM0ElMjJQYXJ0ZWNpcGFyZSUyMGFsJTIwJTIyJTdEJTJDJTdCJTIydGV4dCUyMiUzQSUyMkdyYW5hZGElMjBTb3VuZCUyMiUyQyUyMmJvbGQlMjIlM0F0cnVlJTdEJTJDJTdCJTIydGV4dCUyMiUzQSUyMiUyMG5vbiUyMHNpZ25pZmljYSUyMHNvbG8lMjBnb2RlcnNpJTIwbGElMjBtdXNpY2EuJTIwTGElMjBjaXR0JUMzJUEwJTIwb2ZmcmUlMkMlMjBpbmZhdHRpJTJDJTIwdW4lMjBjb250ZXN0byUyMGN1bHR1cmFsZSUyMGluZWd1YWdsaWFiaWxlJTIwcGVyJTIwYXJyaWNjaGlyZSUyMHVsdGVyaW9ybWVudGUlMjBsJ2VzcGVyaWVuemElM0ElMjIlN0QlNUQlN0QlMkMlN0IlMjJ0eXBlJTIyJTNBJTIybGlzdEl0ZW0lMjIlMkMlMjJvcmRlcmVkJTIyJTNBZmFsc2UlMkMlMjJjaGlsZHJlbiUyMiUzQSU1QiU3QiUyMnRleHQlMjIlM0ElMjJMJ0FsaGFtYnJhJTNBJTIyJTJDJTIyYm9sZCUyMiUzQXRydWUlN0QlMkMlN0IlMjJ0ZXh0JTIyJTNBJTIyJTIwUGF0cmltb25pbyUyMGRlbGwnVW1hbml0JUMzJUEwJTIwVU5FU0NPJTIwZSUyMG1ldGElMjBpbXBlcmRpYmlsZSUyMHBlciUyMG9nbmklMjB2aXNpdGF0b3JlLiUyMiU3RCU1RCU3RCUyQyU3QiUyMnR5cGUlMjIlM0ElMjJsaXN0SXRlbSUyMiUyQyUyMm9yZGVyZWQlMjIlM0FmYWxzZSUyQyUyMmNoaWxkcmVuJTIyJTNBJTVCJTdCJTIydGV4dCUyMiUzQSUyMkwnQWxiYXl6JUMzJUFEbiUzQSUyMiUyQyUyMmJvbGQlMjIlM0F0cnVlJTdEJTJDJTdCJTIydGV4dCUyMiUzQSUyMiUyMFVuJTIwcXVhcnRpZXJlJTIwc3RvcmljbyUyMGNhcmF0dGVyaXp6YXRvJTIwZGElMjBzdHJhZGluZSUyMHN0cmV0dGUlMkMlMjBhcmNoaXRldHR1cmElMjB0cmFkaXppb25hbGUlMjBlJTIwcHVudGklMjBwYW5vcmFtaWNpJTIwdW5pY2klMkMlMjBwZXJmZXR0aSUyMHBlciUyMHBhc3NlZ2dpYXRlJTIwc3VnZ2VzdGl2ZS4lMjIlN0QlNUQlN0QlMkMlN0IlMjJ0eXBlJTIyJTNBJTIybGlzdEl0ZW0lMjIlMkMlMjJvcmRlcmVkJTIyJTNBZmFsc2UlMkMlMjJjaGlsZHJlbiUyMiUzQSU1QiU3QiUyMnRleHQlMjIlM0ElMjJHYXN0cm9ub21pYSUyMGUlMjBWaXRhJTIwTm90dHVybmElM0ElMjIlMkMlMjJib2xkJTIyJTNBdHJ1ZSU3RCUyQyU3QiUyMnRleHQlMjIlM0ElMjIlMjBEYWklMjB0cmFkaXppb25hbGklMjBiYXIlMjBkaSUyMHRhcGFzJTIwYWklMjB2aXZhY2klMjBsb2NhbGklMjBkaSUyMG11c2ljYSUyMGRhbCUyMHZpdm8lMkMlMjBHcmFuYWRhJTIwcHJvcG9uZSUyMG9wemlvbmklMjBwZXIlMjB0dXR0aSUyMGklMjBndXN0aSUyQyUyMGdhcmFudGVuZG8lMjBkaXZlcnRpbWVudG8lMjBhbmNoZSUyMGRvcG8lMjBpJTIwY29uY2VydGkuJTIyJTdEJTVEJTdEJTVE\">\n<div class=\"flex flex-row ps-[2px]\" data-slate-node=\"element\"><span class=\"select-none flex flex-row justify-center items-center h-[30px] w-[24px] me-[2px] whitespace-nowrap flex-shrink-0 li-decorator\" contenteditable=\"false\"><span class=\"font-sans font-normal text-[24px]\">\u2022<\/span><\/span><span class=\"flex-1 py-[3px] font-normal text-[16px] text-[var(--text-primary)]\"><span data-slate-node=\"text\"><span class=\"font-[600]\" data-slate-leaf=\"true\"><strong> Gastronomia e Vita Notturna<\/strong>:<\/span><\/span><span data-slate-node=\"text\"><span class=\"\" data-slate-leaf=\"true\"> Dai tradizionali bar di tapas ai vivaci locali di musica dal vivo, Granada propone opzioni per tutti i gusti, garantendo divertimento anche dopo i concerti.<\/span><\/span><\/span><\/div>\n<\/div>\n<p>&nbsp;<\/p>\n<p><a href=\"https:\/\/www.inmsol.com\/wp-content\/uploads\/2025\/08\/2.png\" target=\"_blank\" rel=\"noopener\"><img decoding=\"async\" class=\"aligncenter wp-image-87509 size-full\" title=\"Granada sound\" src=\"https:\/\/www.inmsol.com\/wp-content\/uploads\/2025\/08\/2.png\" alt=\"Granada sound\" width=\"800\" height=\"600\" srcset=\"https:\/\/www.inmsol.com\/wp-content\/uploads\/2025\/08\/2.png 800w, https:\/\/www.inmsol.com\/wp-content\/uploads\/2025\/08\/2-400x300.png 400w, https:\/\/www.inmsol.com\/wp-content\/uploads\/2025\/08\/2-150x113.png 150w, https:\/\/www.inmsol.com\/wp-content\/uploads\/2025\/08\/2-768x576.png 768w, https:\/\/www.inmsol.com\/wp-content\/uploads\/2025\/08\/2-700x525.png 700w, https:\/\/www.inmsol.com\/wp-content\/uploads\/2025\/08\/2-64x48.png 64w\" sizes=\"(max-width: 800px) 100vw, 800px\" \/><\/a><\/p>\n<p><span data-slate-node=\"text\"><span class=\"\" data-slate-leaf=\"true\">Il <\/span><\/span><span data-slate-node=\"text\"><span class=\"font-[600]\" data-slate-leaf=\"true\">Granada Sound 2025<\/span><\/span><span data-slate-node=\"text\"><span class=\"\" data-slate-leaf=\"true\"> prosegue la sua tradizione di celebrare la <strong>musica alternativa<\/strong>, contribuendo al contempo alla vitalit\u00e0 <strong>culturale<\/strong> ed <strong>economica<\/strong> della citt\u00e0. Infatti, si caratterizza per una solida storia, un cartellone attentamente selezionato e il fascino incomparabile di Granada. Per queste ragioni, il <\/span><\/span><span data-slate-node=\"text\"><span class=\"font-[600]\" data-slate-leaf=\"true\">festival musicale<\/span><\/span><span data-slate-node=\"text\" data-slate-fragment=\"JTVCJTdCJTIydHlwZSUyMiUzQSUyMnAlMjIlMkMlMjJjaGlsZHJlbiUyMiUzQSU1QiU3QiUyMnRleHQlMjIlM0ElMjJJbCUyMCUyMiU3RCUyQyU3QiUyMnRleHQlMjIlM0ElMjJHcmFuYWRhJTIwU291bmQlMjAyMDI1JTIyJTJDJTIyYm9sZCUyMiUzQXRydWUlN0QlMkMlN0IlMjJ0ZXh0JTIyJTNBJTIyJTIwcHJvc2VndWUlMjBsYSUyMHN1YSUyMHRyYWRpemlvbmUlMjBkaSUyMGNlbGVicmFyZSUyMGxhJTIwbXVzaWNhJTIwYWx0ZXJuYXRpdmElMkMlMjBjb250cmlidWVuZG8lMjBhbCUyMGNvbnRlbXBvJTIwYWxsYSUyMHZpdGFsaXQlQzMlQTAlMjBjdWx0dXJhbGUlMjBlZCUyMGVjb25vbWljYSUyMGRlbGxhJTIwY2l0dCVDMyVBMC4lMjBDb24lMjB1bmElMjBzb2xpZGElMjBzdG9yaWElMkMlMjB1biUyMGNhcnRlbGxvbmUlMjBhdHRlbnRhbWVudGUlMjBzZWxlemlvbmF0byUyMGUlMjBpbCUyMGZhc2Npbm8lMjBpbmNvbXBhcmFiaWxlJTIwZGklMjBHcmFuYWRhJTJDJTIwcXVlc3RvJTIwJTIyJTdEJTJDJTdCJTIydGV4dCUyMiUzQSUyMmZlc3RpdmFsJTIwbXVzaWNhbGUlMjIlMkMlMjJib2xkJTIyJTNBdHJ1ZSU3RCUyQyU3QiUyMnRleHQlMjIlM0ElMjIlMjByaW1hbmUlMjB1biUyMGFwcHVudGFtZW50byUyMGlycmludW5jaWFiaWxlJTIwcGVyJTIwZ2xpJTIwYW1hbnRpJTIwZGVsbGElMjBtdXNpY2ElMkMlMjBzaWElMjBpbiUyMFNwYWduYSUyMGNoZSUyMGElMjBsaXZlbGxvJTIwaW50ZXJuYXppb25hbGUuJTIyJTdEJTVEJTdEJTVE\"><span class=\"\" data-slate-leaf=\"true\"> rimane un appuntamento <strong>irrinunciabile<\/strong> per gli amanti della musica, sia in Spagna che a livello internazionale.<\/span><\/span><\/p>\n","protected":false},"excerpt":{"rendered":"<p>Scopri il Granada Sound 2025, il festival indie imperdibile in Andalusia. Musica dal vivo, artisti top e l&#8217;atmosfera unica di Granada.<\/p>\n","protected":false},"author":31,"featured_media":87505,"comment_status":"open","ping_status":"closed","sticky":false,"template":"","format":"standard","meta":{"_acf_changed":false,"footnotes":""},"categories":[6,32,398],"tags":[],"class_list":["post-87519","post","type-post","status-publish","format-standard","has-post-thumbnail","hentry","category-blog-it-it","category-eventi-granada-it-it","category-posti-imperdibili-a-granada"],"acf":[],"yoast_head":"<!-- This site is optimized with the Yoast SEO plugin v27.5 - https:\/\/yoast.com\/product\/yoast-seo-wordpress\/ -->\n<title>Granada Sound 2025<\/title>\n<meta name=\"description\" content=\"Scopri il Granada Sound 2025, il festival indie imperdibile in Andalusia. Musica dal vivo, artisti top e l&#039;atmosfera unica di Granada.\" \/>\n<meta name=\"robots\" content=\"index, follow, max-snippet:-1, max-image-preview:large, max-video-preview:-1\" \/>\n<link rel=\"canonical\" href=\"https:\/\/www.inmsol.com\/it\/blog-it-it\/granada-sound-2025\/\" \/>\n<meta property=\"og:locale\" content=\"it_IT\" \/>\n<meta property=\"og:type\" content=\"article\" \/>\n<meta property=\"og:title\" content=\"Granada Sound 2025\" \/>\n<meta property=\"og:description\" content=\"Scopri il Granada Sound 2025, il festival indie imperdibile in Andalusia. Musica dal vivo, artisti top e l&#039;atmosfera unica di Granada.\" \/>\n<meta property=\"og:url\" content=\"https:\/\/www.inmsol.com\/it\/blog-it-it\/granada-sound-2025\/\" \/>\n<meta property=\"og:site_name\" content=\"iNMSOL\" \/>\n<meta property=\"article:publisher\" content=\"https:\/\/www.facebook.com\/spanishcourses\" \/>\n<meta property=\"article:published_time\" content=\"2025-08-22T12:45:24+00:00\" \/>\n<meta property=\"article:modified_time\" content=\"2026-02-19T12:53:42+00:00\" \/>\n<meta property=\"og:image\" content=\"https:\/\/www.inmsol.com\/wp-content\/uploads\/2025\/08\/1.png\" \/>\n\t<meta property=\"og:image:width\" content=\"800\" \/>\n\t<meta property=\"og:image:height\" content=\"600\" \/>\n\t<meta property=\"og:image:type\" content=\"image\/png\" \/>\n<meta name=\"author\" content=\"Rocio Mart\u00ednez\" \/>\n<meta name=\"twitter:label1\" content=\"Scritto da\" \/>\n\t<meta name=\"twitter:data1\" content=\"Rocio Mart\u00ednez\" \/>\n\t<meta name=\"twitter:label2\" content=\"Tempo di lettura stimato\" \/>\n\t<meta name=\"twitter:data2\" content=\"4 minuti\" \/>\n<script type=\"application\/ld+json\" class=\"yoast-schema-graph\">{\"@context\":\"https:\\\/\\\/schema.org\",\"@graph\":[{\"@type\":\"Article\",\"@id\":\"https:\\\/\\\/www.inmsol.com\\\/it\\\/blog-it-it\\\/granada-sound-2025\\\/#article\",\"isPartOf\":{\"@id\":\"https:\\\/\\\/www.inmsol.com\\\/it\\\/blog-it-it\\\/granada-sound-2025\\\/\"},\"author\":{\"name\":\"Rocio Mart\u00ednez\",\"@id\":\"https:\\\/\\\/www.inmsol.com\\\/it\\\/#\\\/schema\\\/person\\\/d041a9956283741a6ed56e0530eb28b5\"},\"headline\":\"Granada Sound 2025: il Festival Indie di Granada\",\"datePublished\":\"2025-08-22T12:45:24+00:00\",\"dateModified\":\"2026-02-19T12:53:42+00:00\",\"mainEntityOfPage\":{\"@id\":\"https:\\\/\\\/www.inmsol.com\\\/it\\\/blog-it-it\\\/granada-sound-2025\\\/\"},\"wordCount\":578,\"commentCount\":0,\"publisher\":{\"@id\":\"https:\\\/\\\/www.inmsol.com\\\/it\\\/#organization\"},\"image\":{\"@id\":\"https:\\\/\\\/www.inmsol.com\\\/it\\\/blog-it-it\\\/granada-sound-2025\\\/#primaryimage\"},\"thumbnailUrl\":\"https:\\\/\\\/www.inmsol.com\\\/wp-content\\\/uploads\\\/2025\\\/08\\\/1.png\",\"articleSection\":[\"Blog\",\"Eventi a Granada\",\"Posti imperdibili a Granada\"],\"inLanguage\":\"it-IT\",\"potentialAction\":[{\"@type\":\"CommentAction\",\"name\":\"Comment\",\"target\":[\"https:\\\/\\\/www.inmsol.com\\\/it\\\/blog-it-it\\\/granada-sound-2025\\\/#respond\"]}]},{\"@type\":\"WebPage\",\"@id\":\"https:\\\/\\\/www.inmsol.com\\\/it\\\/blog-it-it\\\/granada-sound-2025\\\/\",\"url\":\"https:\\\/\\\/www.inmsol.com\\\/it\\\/blog-it-it\\\/granada-sound-2025\\\/\",\"name\":\"Granada Sound 2025\",\"isPartOf\":{\"@id\":\"https:\\\/\\\/www.inmsol.com\\\/it\\\/#website\"},\"primaryImageOfPage\":{\"@id\":\"https:\\\/\\\/www.inmsol.com\\\/it\\\/blog-it-it\\\/granada-sound-2025\\\/#primaryimage\"},\"image\":{\"@id\":\"https:\\\/\\\/www.inmsol.com\\\/it\\\/blog-it-it\\\/granada-sound-2025\\\/#primaryimage\"},\"thumbnailUrl\":\"https:\\\/\\\/www.inmsol.com\\\/wp-content\\\/uploads\\\/2025\\\/08\\\/1.png\",\"datePublished\":\"2025-08-22T12:45:24+00:00\",\"dateModified\":\"2026-02-19T12:53:42+00:00\",\"description\":\"Scopri il Granada Sound 2025, il festival indie imperdibile in Andalusia. Musica dal vivo, artisti top e l'atmosfera unica di Granada.\",\"breadcrumb\":{\"@id\":\"https:\\\/\\\/www.inmsol.com\\\/it\\\/blog-it-it\\\/granada-sound-2025\\\/#breadcrumb\"},\"inLanguage\":\"it-IT\",\"potentialAction\":[{\"@type\":\"ReadAction\",\"target\":[\"https:\\\/\\\/www.inmsol.com\\\/it\\\/blog-it-it\\\/granada-sound-2025\\\/\"]}]},{\"@type\":\"ImageObject\",\"inLanguage\":\"it-IT\",\"@id\":\"https:\\\/\\\/www.inmsol.com\\\/it\\\/blog-it-it\\\/granada-sound-2025\\\/#primaryimage\",\"url\":\"https:\\\/\\\/www.inmsol.com\\\/wp-content\\\/uploads\\\/2025\\\/08\\\/1.png\",\"contentUrl\":\"https:\\\/\\\/www.inmsol.com\\\/wp-content\\\/uploads\\\/2025\\\/08\\\/1.png\",\"width\":800,\"height\":600},{\"@type\":\"BreadcrumbList\",\"@id\":\"https:\\\/\\\/www.inmsol.com\\\/it\\\/blog-it-it\\\/granada-sound-2025\\\/#breadcrumb\",\"itemListElement\":[{\"@type\":\"ListItem\",\"position\":1,\"name\":\"Accredited Center by Instituto Cervantes\",\"item\":\"https:\\\/\\\/www.inmsol.com\\\/it\\\/pagina-ejemplo\\\/\"},{\"@type\":\"ListItem\",\"position\":2,\"name\":\"Blog\",\"item\":\"https:\\\/\\\/www.inmsol.com\\\/it\\\/category\\\/blog-it-it\\\/\"},{\"@type\":\"ListItem\",\"position\":3,\"name\":\"Granada Sound 2025: il Festival Indie di Granada\"}]},{\"@type\":\"WebSite\",\"@id\":\"https:\\\/\\\/www.inmsol.com\\\/it\\\/#website\",\"url\":\"https:\\\/\\\/www.inmsol.com\\\/it\\\/\",\"name\":\"iNMSOL\",\"description\":\"Impara lo spagnolo con noi - Centro di studio accreditato con l'Istituto Cervantes\",\"publisher\":{\"@id\":\"https:\\\/\\\/www.inmsol.com\\\/it\\\/#organization\"},\"potentialAction\":[{\"@type\":\"SearchAction\",\"target\":{\"@type\":\"EntryPoint\",\"urlTemplate\":\"https:\\\/\\\/www.inmsol.com\\\/it\\\/?s={search_term_string}\"},\"query-input\":{\"@type\":\"PropertyValueSpecification\",\"valueRequired\":true,\"valueName\":\"search_term_string\"}}],\"inLanguage\":\"it-IT\"},{\"@type\":\"Organization\",\"@id\":\"https:\\\/\\\/www.inmsol.com\\\/it\\\/#organization\",\"name\":\"Instituto Mediterr\u00e1neo Sol\",\"url\":\"https:\\\/\\\/www.inmsol.com\\\/it\\\/\",\"logo\":{\"@type\":\"ImageObject\",\"inLanguage\":\"it-IT\",\"@id\":\"https:\\\/\\\/www.inmsol.com\\\/it\\\/#\\\/schema\\\/logo\\\/image\\\/\",\"url\":\"https:\\\/\\\/www.inmsol.com\\\/wp-content\\\/uploads\\\/2023\\\/06\\\/logo-inmsol-1.png\",\"contentUrl\":\"https:\\\/\\\/www.inmsol.com\\\/wp-content\\\/uploads\\\/2023\\\/06\\\/logo-inmsol-1.png\",\"width\":136,\"height\":73,\"caption\":\"Instituto Mediterr\u00e1neo Sol\"},\"image\":{\"@id\":\"https:\\\/\\\/www.inmsol.com\\\/it\\\/#\\\/schema\\\/logo\\\/image\\\/\"},\"sameAs\":[\"https:\\\/\\\/www.facebook.com\\\/spanishcourses\",\"https:\\\/\\\/x.com\\\/StudyInGranada\",\"http:\\\/\\\/instagram.com\\\/imsolgranada\",\"https:\\\/\\\/es.linkedin.com\\\/company\\\/imsol-granada\",\"https:\\\/\\\/www.pinterest.es\\\/inmsol\\\/\",\"https:\\\/\\\/www.youtube.com\\\/channel\\\/UChz-Qn_7coFMosY85iYMO4g\"]},{\"@type\":\"Person\",\"@id\":\"https:\\\/\\\/www.inmsol.com\\\/it\\\/#\\\/schema\\\/person\\\/d041a9956283741a6ed56e0530eb28b5\",\"name\":\"Rocio Mart\u00ednez\",\"image\":{\"@type\":\"ImageObject\",\"inLanguage\":\"it-IT\",\"@id\":\"https:\\\/\\\/secure.gravatar.com\\\/avatar\\\/95b9b0d999ef55a048952ade325bea9ee664237dc576277e59c3cc8fc6ea1123?s=96&d=mm&r=g\",\"url\":\"https:\\\/\\\/secure.gravatar.com\\\/avatar\\\/95b9b0d999ef55a048952ade325bea9ee664237dc576277e59c3cc8fc6ea1123?s=96&d=mm&r=g\",\"contentUrl\":\"https:\\\/\\\/secure.gravatar.com\\\/avatar\\\/95b9b0d999ef55a048952ade325bea9ee664237dc576277e59c3cc8fc6ea1123?s=96&d=mm&r=g\",\"caption\":\"Rocio Mart\u00ednez\"},\"url\":\"https:\\\/\\\/www.inmsol.com\\\/it\\\/author\\\/secretaria\\\/\"}]}<\/script>\n<!-- \/ Yoast SEO plugin. -->","yoast_head_json":{"title":"Granada Sound 2025","description":"Scopri il Granada Sound 2025, il festival indie imperdibile in Andalusia. Musica dal vivo, artisti top e l'atmosfera unica di Granada.","robots":{"index":"index","follow":"follow","max-snippet":"max-snippet:-1","max-image-preview":"max-image-preview:large","max-video-preview":"max-video-preview:-1"},"canonical":"https:\/\/www.inmsol.com\/it\/blog-it-it\/granada-sound-2025\/","og_locale":"it_IT","og_type":"article","og_title":"Granada Sound 2025","og_description":"Scopri il Granada Sound 2025, il festival indie imperdibile in Andalusia. Musica dal vivo, artisti top e l'atmosfera unica di Granada.","og_url":"https:\/\/www.inmsol.com\/it\/blog-it-it\/granada-sound-2025\/","og_site_name":"iNMSOL","article_publisher":"https:\/\/www.facebook.com\/spanishcourses","article_published_time":"2025-08-22T12:45:24+00:00","article_modified_time":"2026-02-19T12:53:42+00:00","og_image":[{"width":800,"height":600,"url":"https:\/\/www.inmsol.com\/wp-content\/uploads\/2025\/08\/1.png","type":"image\/png"}],"author":"Rocio Mart\u00ednez","twitter_misc":{"Scritto da":"Rocio Mart\u00ednez","Tempo di lettura stimato":"4 minuti"},"schema":{"@context":"https:\/\/schema.org","@graph":[{"@type":"Article","@id":"https:\/\/www.inmsol.com\/it\/blog-it-it\/granada-sound-2025\/#article","isPartOf":{"@id":"https:\/\/www.inmsol.com\/it\/blog-it-it\/granada-sound-2025\/"},"author":{"name":"Rocio Mart\u00ednez","@id":"https:\/\/www.inmsol.com\/it\/#\/schema\/person\/d041a9956283741a6ed56e0530eb28b5"},"headline":"Granada Sound 2025: il Festival Indie di Granada","datePublished":"2025-08-22T12:45:24+00:00","dateModified":"2026-02-19T12:53:42+00:00","mainEntityOfPage":{"@id":"https:\/\/www.inmsol.com\/it\/blog-it-it\/granada-sound-2025\/"},"wordCount":578,"commentCount":0,"publisher":{"@id":"https:\/\/www.inmsol.com\/it\/#organization"},"image":{"@id":"https:\/\/www.inmsol.com\/it\/blog-it-it\/granada-sound-2025\/#primaryimage"},"thumbnailUrl":"https:\/\/www.inmsol.com\/wp-content\/uploads\/2025\/08\/1.png","articleSection":["Blog","Eventi a Granada","Posti imperdibili a Granada"],"inLanguage":"it-IT","potentialAction":[{"@type":"CommentAction","name":"Comment","target":["https:\/\/www.inmsol.com\/it\/blog-it-it\/granada-sound-2025\/#respond"]}]},{"@type":"WebPage","@id":"https:\/\/www.inmsol.com\/it\/blog-it-it\/granada-sound-2025\/","url":"https:\/\/www.inmsol.com\/it\/blog-it-it\/granada-sound-2025\/","name":"Granada Sound 2025","isPartOf":{"@id":"https:\/\/www.inmsol.com\/it\/#website"},"primaryImageOfPage":{"@id":"https:\/\/www.inmsol.com\/it\/blog-it-it\/granada-sound-2025\/#primaryimage"},"image":{"@id":"https:\/\/www.inmsol.com\/it\/blog-it-it\/granada-sound-2025\/#primaryimage"},"thumbnailUrl":"https:\/\/www.inmsol.com\/wp-content\/uploads\/2025\/08\/1.png","datePublished":"2025-08-22T12:45:24+00:00","dateModified":"2026-02-19T12:53:42+00:00","description":"Scopri il Granada Sound 2025, il festival indie imperdibile in Andalusia. Musica dal vivo, artisti top e l'atmosfera unica di Granada.","breadcrumb":{"@id":"https:\/\/www.inmsol.com\/it\/blog-it-it\/granada-sound-2025\/#breadcrumb"},"inLanguage":"it-IT","potentialAction":[{"@type":"ReadAction","target":["https:\/\/www.inmsol.com\/it\/blog-it-it\/granada-sound-2025\/"]}]},{"@type":"ImageObject","inLanguage":"it-IT","@id":"https:\/\/www.inmsol.com\/it\/blog-it-it\/granada-sound-2025\/#primaryimage","url":"https:\/\/www.inmsol.com\/wp-content\/uploads\/2025\/08\/1.png","contentUrl":"https:\/\/www.inmsol.com\/wp-content\/uploads\/2025\/08\/1.png","width":800,"height":600},{"@type":"BreadcrumbList","@id":"https:\/\/www.inmsol.com\/it\/blog-it-it\/granada-sound-2025\/#breadcrumb","itemListElement":[{"@type":"ListItem","position":1,"name":"Accredited Center by Instituto Cervantes","item":"https:\/\/www.inmsol.com\/it\/pagina-ejemplo\/"},{"@type":"ListItem","position":2,"name":"Blog","item":"https:\/\/www.inmsol.com\/it\/category\/blog-it-it\/"},{"@type":"ListItem","position":3,"name":"Granada Sound 2025: il Festival Indie di Granada"}]},{"@type":"WebSite","@id":"https:\/\/www.inmsol.com\/it\/#website","url":"https:\/\/www.inmsol.com\/it\/","name":"iNMSOL","description":"Impara lo spagnolo con noi - Centro di studio accreditato con l'Istituto Cervantes","publisher":{"@id":"https:\/\/www.inmsol.com\/it\/#organization"},"potentialAction":[{"@type":"SearchAction","target":{"@type":"EntryPoint","urlTemplate":"https:\/\/www.inmsol.com\/it\/?s={search_term_string}"},"query-input":{"@type":"PropertyValueSpecification","valueRequired":true,"valueName":"search_term_string"}}],"inLanguage":"it-IT"},{"@type":"Organization","@id":"https:\/\/www.inmsol.com\/it\/#organization","name":"Instituto Mediterr\u00e1neo Sol","url":"https:\/\/www.inmsol.com\/it\/","logo":{"@type":"ImageObject","inLanguage":"it-IT","@id":"https:\/\/www.inmsol.com\/it\/#\/schema\/logo\/image\/","url":"https:\/\/www.inmsol.com\/wp-content\/uploads\/2023\/06\/logo-inmsol-1.png","contentUrl":"https:\/\/www.inmsol.com\/wp-content\/uploads\/2023\/06\/logo-inmsol-1.png","width":136,"height":73,"caption":"Instituto Mediterr\u00e1neo Sol"},"image":{"@id":"https:\/\/www.inmsol.com\/it\/#\/schema\/logo\/image\/"},"sameAs":["https:\/\/www.facebook.com\/spanishcourses","https:\/\/x.com\/StudyInGranada","http:\/\/instagram.com\/imsolgranada","https:\/\/es.linkedin.com\/company\/imsol-granada","https:\/\/www.pinterest.es\/inmsol\/","https:\/\/www.youtube.com\/channel\/UChz-Qn_7coFMosY85iYMO4g"]},{"@type":"Person","@id":"https:\/\/www.inmsol.com\/it\/#\/schema\/person\/d041a9956283741a6ed56e0530eb28b5","name":"Rocio Mart\u00ednez","image":{"@type":"ImageObject","inLanguage":"it-IT","@id":"https:\/\/secure.gravatar.com\/avatar\/95b9b0d999ef55a048952ade325bea9ee664237dc576277e59c3cc8fc6ea1123?s=96&d=mm&r=g","url":"https:\/\/secure.gravatar.com\/avatar\/95b9b0d999ef55a048952ade325bea9ee664237dc576277e59c3cc8fc6ea1123?s=96&d=mm&r=g","contentUrl":"https:\/\/secure.gravatar.com\/avatar\/95b9b0d999ef55a048952ade325bea9ee664237dc576277e59c3cc8fc6ea1123?s=96&d=mm&r=g","caption":"Rocio Mart\u00ednez"},"url":"https:\/\/www.inmsol.com\/it\/author\/secretaria\/"}]}},"_links":{"self":[{"href":"https:\/\/www.inmsol.com\/it\/wp-json\/wp\/v2\/posts\/87519","targetHints":{"allow":["GET"]}}],"collection":[{"href":"https:\/\/www.inmsol.com\/it\/wp-json\/wp\/v2\/posts"}],"about":[{"href":"https:\/\/www.inmsol.com\/it\/wp-json\/wp\/v2\/types\/post"}],"author":[{"embeddable":true,"href":"https:\/\/www.inmsol.com\/it\/wp-json\/wp\/v2\/users\/31"}],"replies":[{"embeddable":true,"href":"https:\/\/www.inmsol.com\/it\/wp-json\/wp\/v2\/comments?post=87519"}],"version-history":[{"count":4,"href":"https:\/\/www.inmsol.com\/it\/wp-json\/wp\/v2\/posts\/87519\/revisions"}],"predecessor-version":[{"id":89781,"href":"https:\/\/www.inmsol.com\/it\/wp-json\/wp\/v2\/posts\/87519\/revisions\/89781"}],"wp:featuredmedia":[{"embeddable":true,"href":"https:\/\/www.inmsol.com\/it\/wp-json\/wp\/v2\/media\/87505"}],"wp:attachment":[{"href":"https:\/\/www.inmsol.com\/it\/wp-json\/wp\/v2\/media?parent=87519"}],"wp:term":[{"taxonomy":"category","embeddable":true,"href":"https:\/\/www.inmsol.com\/it\/wp-json\/wp\/v2\/categories?post=87519"},{"taxonomy":"post_tag","embeddable":true,"href":"https:\/\/www.inmsol.com\/it\/wp-json\/wp\/v2\/tags?post=87519"}],"curies":[{"name":"wp","href":"https:\/\/api.w.org\/{rel}","templated":true}]}}