{"id":16334,"date":"2015-07-09T16:50:30","date_gmt":"2015-07-09T14:50:30","guid":{"rendered":"https:\/\/www.inmsol.com\/?p=16334"},"modified":"2019-11-21T11:49:43","modified_gmt":"2019-11-21T10:49:43","slug":"nove-posily-v-inmsol","status":"publish","type":"post","link":"https:\/\/www.inmsol.com\/pl\/sin-categoria-pl\/nove-posily-v-inmsol\/","title":{"rendered":"Nov\u00e9 posily v Inmsol"},"content":{"rendered":"<p>Minul\u00fd t\u00fdden jsme do na\u0161eho t\u00fdmu v <a href=\"https:\/\/www.inmsol.com\/cs\/\" target=\"_blank\" rel=\"noopener noreferrer\">Instituto Mediterr\u00e1neo Sol<\/a> p\u0159ijali dv\u011b nov\u00e9 spolupracovnice, kter\u00e9 u n\u00e1s absolvuj\u00ed odbornou praxi. Seznamte se s <strong>Mari\u00ed<\/strong> a <strong>Michelou<\/strong>.<\/p>\n<p>Marie je p\u016fvodem z \u010cesk\u00e9 republiky a p\u0159ed p\u0159\u00edjezdem do <a href=\"https:\/\/www.inmsol.com\/cs\/granada\/\" target=\"_blank\" rel=\"noopener noreferrer\">Granady<\/a> u\u017e \u017eila v r\u016fzn\u00fdch \u010d\u00e1stech \u0160pan\u011blska. V Granad\u011b je v\u0161ak poprv\u00e9. Michela je z It\u00e1lie a na praxi u n\u00e1s bude m\u011bs\u00edc. Granadu u\u017e ale stihla dob\u0159e poznat,\u00a0d\u00edky\u00a0programu Erasmus byla toti\u017e p\u0159ijata <a href=\"http:\/\/www.ugr.es\/\" target=\"_blank\" rel=\"noopener noreferrer\">Granadskou univerzitou<\/a> na ro\u010dn\u00ed studijn\u00ed pobyt. Nov\u00e9 spolupracovnice\u00a0s n\u00e1mi str\u00e1v\u00ed cel\u00e9 l\u00e9to, tak\u017ee jim nezb\u00fdv\u00e1, ne\u017e si zvyknout na vysok\u00e9 teploty.<\/p>\n<p><img fetchpriority=\"high\" decoding=\"async\" class=\" size-medium wp-image-16228 aligncenter\" src=\"https:\/\/www.inmsol.com\/wp-content\/uploads\/2015\/07\/Michela-y-Marie-460x243.jpg\" alt=\"Michela y Marie\" width=\"460\" height=\"243\" srcset=\"https:\/\/www.inmsol.com\/wp-content\/uploads\/2015\/07\/Michela-y-Marie-460x243.jpg 460w, https:\/\/www.inmsol.com\/wp-content\/uploads\/2015\/07\/Michela-y-Marie-800x422.jpg 800w, https:\/\/www.inmsol.com\/wp-content\/uploads\/2015\/07\/Michela-y-Marie-64x34.jpg 64w, https:\/\/www.inmsol.com\/wp-content\/uploads\/2015\/07\/Michela-y-Marie-1024x541.jpg 1024w, https:\/\/www.inmsol.com\/wp-content\/uploads\/2015\/07\/Michela-y-Marie-250x132.jpg 250w, https:\/\/www.inmsol.com\/wp-content\/uploads\/2015\/07\/Michela-y-Marie-600x317.jpg 600w, https:\/\/www.inmsol.com\/wp-content\/uploads\/2015\/07\/Michela-y-Marie.jpg 1500w\" sizes=\"(max-width: 460px) 100vw, 460px\" \/><\/p>\n<p>Mimo jin\u00e9 n\u00e1m ob\u011b pomohou s organizac\u00ed <a href=\"https:\/\/www.inmsol.com\/cs\/kulturni-cinnosti-a-vylety-v-granade\/\" target=\"_blank\" rel=\"noopener noreferrer\">volno\u010dasov\u00fdch aktivit<\/a>, kter\u00e9 Inmsol p\u0159ipravuje pro sv\u00e9 studenty a tak\u00e9 v\u00e1s budou informovat o d\u011bn\u00ed v <a href=\"https:\/\/www.inmsol.com\/cs\/granada\/\" target=\"_blank\" rel=\"noopener noreferrer\">Granad\u011b<\/a>, ve \u0160pan\u011blsku obecn\u011b a tak\u00e9\u00a0o novink\u00e1ch v na\u0161em centru prost\u0159ednictv\u00edm <a href=\"https:\/\/www.facebook.com\/spanishcourses?ref=hl\" target=\"_blank\" rel=\"noopener noreferrer\">facebooku<\/a>, blogu a <a href=\"https:\/\/twitter.com\/StudyInGranada\" target=\"_blank\" rel=\"noopener noreferrer\">twittru<\/a>.<\/p>\n<p>S nov\u00fdmi posilami jsme v\u00edc ne\u017e spokojeni, a proto bychom je spole\u010dn\u011b s v\u00e1mi cht\u011bli srde\u010dn\u011b p\u0159iv\u00edtat.<\/p>\n","protected":false},"excerpt":{"rendered":"<p>Minul\u00fd t\u00fdden jsme do na\u0161eho t\u00fdmu v Instituto Mediterr\u00e1neo Sol p\u0159ijali dv\u011b nov\u00e9 spolupracovnice, kter\u00e9 u n\u00e1s absolvuj\u00ed odbornou praxi. Seznamte se s Mari\u00ed a Michelou. Marie je p\u016fvodem z \u010cesk\u00e9 republiky a p\u0159ed p\u0159\u00edjezdem do Granady u\u017e \u017eila v r\u016fzn\u00fdch \u010d\u00e1stech \u0160pan\u011blska. V Granad\u011b&#8230;<\/p>\n","protected":false},"author":3,"featured_media":16284,"comment_status":"closed","ping_status":"closed","sticky":false,"template":"","format":"standard","meta":{"_acf_changed":false,"footnotes":""},"categories":[11],"tags":[],"class_list":["post-16334","post","type-post","status-publish","format-standard","has-post-thumbnail","hentry","category-sin-categoria-pl"],"acf":[],"yoast_head":"<!-- This site is optimized with the Yoast SEO plugin v27.5 - https:\/\/yoast.com\/product\/yoast-seo-wordpress\/ -->\n<title>Nov\u00e9 posily v Inmsol\/Inmsol<\/title>\n<meta name=\"description\" content=\"Inmsol p\u0159ijal do sv\u00e9ho t\u00fdmu dv\u011b nov\u00e9 spolupracovnice, kter\u00e9 zde absolvuj\u00ed odbornou praxi. M\u016f\u017eete je spole\u010dn\u011b s n\u00e1mi v\u0159ele p\u0159iv\u00edtat.\" \/>\n<meta name=\"robots\" content=\"index, follow, max-snippet:-1, max-image-preview:large, max-video-preview:-1\" \/>\n<link rel=\"canonical\" href=\"https:\/\/www.inmsol.com\/pl\/sin-categoria-pl\/nove-posily-v-inmsol\/\" \/>\n<meta property=\"og:locale\" content=\"pl_PL\" \/>\n<meta property=\"og:type\" content=\"article\" \/>\n<meta property=\"og:title\" content=\"Nov\u00e9 posily v Inmsol\/Inmsol\" \/>\n<meta property=\"og:description\" content=\"Inmsol p\u0159ijal do sv\u00e9ho t\u00fdmu dv\u011b nov\u00e9 spolupracovnice, kter\u00e9 zde absolvuj\u00ed odbornou praxi. M\u016f\u017eete je spole\u010dn\u011b s n\u00e1mi v\u0159ele p\u0159iv\u00edtat.\" \/>\n<meta property=\"og:url\" content=\"https:\/\/www.inmsol.com\/pl\/sin-categoria-pl\/nove-posily-v-inmsol\/\" \/>\n<meta property=\"og:site_name\" content=\"iNMSOL\" \/>\n<meta property=\"article:publisher\" content=\"https:\/\/www.facebook.com\/spanishcourses\" \/>\n<meta property=\"article:published_time\" content=\"2015-07-09T14:50:30+00:00\" \/>\n<meta property=\"article:modified_time\" content=\"2019-11-21T10:49:43+00:00\" \/>\n<meta property=\"og:image\" content=\"https:\/\/www.inmsol.com\/wp-content\/uploads\/2015\/07\/Marie.jpg\" \/>\n\t<meta property=\"og:image:width\" content=\"1500\" \/>\n\t<meta property=\"og:image:height\" content=\"1032\" \/>\n\t<meta property=\"og:image:type\" content=\"image\/jpeg\" \/>\n<meta name=\"author\" content=\"- Instituto Mediterr\u00e1neo Sol\" \/>\n<meta name=\"twitter:label1\" content=\"Napisane przez\" \/>\n\t<meta name=\"twitter:data1\" content=\"- Instituto Mediterr\u00e1neo Sol\" \/>\n\t<meta name=\"twitter:label2\" content=\"Szacowany czas czytania\" \/>\n\t<meta name=\"twitter:data2\" content=\"1 minuta\" \/>\n<script type=\"application\/ld+json\" class=\"yoast-schema-graph\">{\"@context\":\"https:\\\/\\\/schema.org\",\"@graph\":[{\"@type\":\"Article\",\"@id\":\"https:\\\/\\\/www.inmsol.com\\\/pl\\\/sin-categoria-pl\\\/nove-posily-v-inmsol\\\/#article\",\"isPartOf\":{\"@id\":\"https:\\\/\\\/www.inmsol.com\\\/pl\\\/sin-categoria-pl\\\/nove-posily-v-inmsol\\\/\"},\"author\":{\"name\":\"- Instituto Mediterr\u00e1neo Sol\",\"@id\":\"https:\\\/\\\/www.inmsol.com\\\/pl\\\/#\\\/schema\\\/person\\\/94a7a01d14a56d1fbc49c841ffc57fe9\"},\"headline\":\"Nov\u00e9 posily v Inmsol\",\"datePublished\":\"2015-07-09T14:50:30+00:00\",\"dateModified\":\"2019-11-21T10:49:43+00:00\",\"mainEntityOfPage\":{\"@id\":\"https:\\\/\\\/www.inmsol.com\\\/pl\\\/sin-categoria-pl\\\/nove-posily-v-inmsol\\\/\"},\"wordCount\":198,\"publisher\":{\"@id\":\"https:\\\/\\\/www.inmsol.com\\\/pl\\\/#organization\"},\"image\":{\"@id\":\"https:\\\/\\\/www.inmsol.com\\\/pl\\\/sin-categoria-pl\\\/nove-posily-v-inmsol\\\/#primaryimage\"},\"thumbnailUrl\":\"https:\\\/\\\/www.inmsol.com\\\/wp-content\\\/uploads\\\/2015\\\/07\\\/Marie.jpg\",\"articleSection\":[\"Blog w j\u0119zyku polskim\"],\"inLanguage\":\"pl-PL\"},{\"@type\":\"WebPage\",\"@id\":\"https:\\\/\\\/www.inmsol.com\\\/pl\\\/sin-categoria-pl\\\/nove-posily-v-inmsol\\\/\",\"url\":\"https:\\\/\\\/www.inmsol.com\\\/pl\\\/sin-categoria-pl\\\/nove-posily-v-inmsol\\\/\",\"name\":\"Nov\u00e9 posily v Inmsol\\\/Inmsol\",\"isPartOf\":{\"@id\":\"https:\\\/\\\/www.inmsol.com\\\/pl\\\/#website\"},\"primaryImageOfPage\":{\"@id\":\"https:\\\/\\\/www.inmsol.com\\\/pl\\\/sin-categoria-pl\\\/nove-posily-v-inmsol\\\/#primaryimage\"},\"image\":{\"@id\":\"https:\\\/\\\/www.inmsol.com\\\/pl\\\/sin-categoria-pl\\\/nove-posily-v-inmsol\\\/#primaryimage\"},\"thumbnailUrl\":\"https:\\\/\\\/www.inmsol.com\\\/wp-content\\\/uploads\\\/2015\\\/07\\\/Marie.jpg\",\"datePublished\":\"2015-07-09T14:50:30+00:00\",\"dateModified\":\"2019-11-21T10:49:43+00:00\",\"description\":\"Inmsol p\u0159ijal do sv\u00e9ho t\u00fdmu dv\u011b nov\u00e9 spolupracovnice, kter\u00e9 zde absolvuj\u00ed odbornou praxi. M\u016f\u017eete je spole\u010dn\u011b s n\u00e1mi v\u0159ele p\u0159iv\u00edtat.\",\"breadcrumb\":{\"@id\":\"https:\\\/\\\/www.inmsol.com\\\/pl\\\/sin-categoria-pl\\\/nove-posily-v-inmsol\\\/#breadcrumb\"},\"inLanguage\":\"pl-PL\",\"potentialAction\":[{\"@type\":\"ReadAction\",\"target\":[\"https:\\\/\\\/www.inmsol.com\\\/pl\\\/sin-categoria-pl\\\/nove-posily-v-inmsol\\\/\"]}]},{\"@type\":\"ImageObject\",\"inLanguage\":\"pl-PL\",\"@id\":\"https:\\\/\\\/www.inmsol.com\\\/pl\\\/sin-categoria-pl\\\/nove-posily-v-inmsol\\\/#primaryimage\",\"url\":\"https:\\\/\\\/www.inmsol.com\\\/wp-content\\\/uploads\\\/2015\\\/07\\\/Marie.jpg\",\"contentUrl\":\"https:\\\/\\\/www.inmsol.com\\\/wp-content\\\/uploads\\\/2015\\\/07\\\/Marie.jpg\",\"width\":1500,\"height\":1032},{\"@type\":\"BreadcrumbList\",\"@id\":\"https:\\\/\\\/www.inmsol.com\\\/pl\\\/sin-categoria-pl\\\/nove-posily-v-inmsol\\\/#breadcrumb\",\"itemListElement\":[{\"@type\":\"ListItem\",\"position\":1,\"name\":\"Accredited Center by Instituto Cervantes\",\"item\":\"https:\\\/\\\/www.inmsol.com\\\/pl\\\/pagina-ejemplo\\\/\"},{\"@type\":\"ListItem\",\"position\":2,\"name\":\"Blog w j\u0119zyku polskim\",\"item\":\"https:\\\/\\\/www.inmsol.com\\\/pl\\\/category\\\/sin-categoria-pl\\\/\"},{\"@type\":\"ListItem\",\"position\":3,\"name\":\"Nov\u00e9 posily v Inmsol\"}]},{\"@type\":\"WebSite\",\"@id\":\"https:\\\/\\\/www.inmsol.com\\\/pl\\\/#website\",\"url\":\"https:\\\/\\\/www.inmsol.com\\\/pl\\\/\",\"name\":\"iNMSOL\",\"description\":\"Learn Spanish with Us | Cervantes acredited Learning Centre\",\"publisher\":{\"@id\":\"https:\\\/\\\/www.inmsol.com\\\/pl\\\/#organization\"},\"potentialAction\":[{\"@type\":\"SearchAction\",\"target\":{\"@type\":\"EntryPoint\",\"urlTemplate\":\"https:\\\/\\\/www.inmsol.com\\\/pl\\\/?s={search_term_string}\"},\"query-input\":{\"@type\":\"PropertyValueSpecification\",\"valueRequired\":true,\"valueName\":\"search_term_string\"}}],\"inLanguage\":\"pl-PL\"},{\"@type\":\"Organization\",\"@id\":\"https:\\\/\\\/www.inmsol.com\\\/pl\\\/#organization\",\"name\":\"Instituto Mediterr\u00e1neo Sol\",\"url\":\"https:\\\/\\\/www.inmsol.com\\\/pl\\\/\",\"logo\":{\"@type\":\"ImageObject\",\"inLanguage\":\"pl-PL\",\"@id\":\"https:\\\/\\\/www.inmsol.com\\\/pl\\\/#\\\/schema\\\/logo\\\/image\\\/\",\"url\":\"https:\\\/\\\/www.inmsol.com\\\/wp-content\\\/uploads\\\/2023\\\/06\\\/logo-inmsol-1.png\",\"contentUrl\":\"https:\\\/\\\/www.inmsol.com\\\/wp-content\\\/uploads\\\/2023\\\/06\\\/logo-inmsol-1.png\",\"width\":136,\"height\":73,\"caption\":\"Instituto Mediterr\u00e1neo Sol\"},\"image\":{\"@id\":\"https:\\\/\\\/www.inmsol.com\\\/pl\\\/#\\\/schema\\\/logo\\\/image\\\/\"},\"sameAs\":[\"https:\\\/\\\/www.facebook.com\\\/spanishcourses\",\"https:\\\/\\\/x.com\\\/StudyInGranada\",\"http:\\\/\\\/instagram.com\\\/imsolgranada\",\"https:\\\/\\\/es.linkedin.com\\\/company\\\/imsol-granada\",\"https:\\\/\\\/www.pinterest.es\\\/inmsol\\\/\",\"https:\\\/\\\/www.youtube.com\\\/channel\\\/UChz-Qn_7coFMosY85iYMO4g\"]},{\"@type\":\"Person\",\"@id\":\"https:\\\/\\\/www.inmsol.com\\\/pl\\\/#\\\/schema\\\/person\\\/94a7a01d14a56d1fbc49c841ffc57fe9\",\"name\":\"- Instituto Mediterr\u00e1neo Sol\",\"image\":{\"@type\":\"ImageObject\",\"inLanguage\":\"pl-PL\",\"@id\":\"https:\\\/\\\/secure.gravatar.com\\\/avatar\\\/5607fdabdf1b548b6095cc3d43079829bc1497403e70dd34004e7204a8fef62b?s=96&d=mm&r=g\",\"url\":\"https:\\\/\\\/secure.gravatar.com\\\/avatar\\\/5607fdabdf1b548b6095cc3d43079829bc1497403e70dd34004e7204a8fef62b?s=96&d=mm&r=g\",\"contentUrl\":\"https:\\\/\\\/secure.gravatar.com\\\/avatar\\\/5607fdabdf1b548b6095cc3d43079829bc1497403e70dd34004e7204a8fef62b?s=96&d=mm&r=g\",\"caption\":\"- Instituto Mediterr\u00e1neo Sol\"},\"url\":\"https:\\\/\\\/www.inmsol.com\\\/pl\\\/author\\\/laura\\\/\"}]}<\/script>\n<!-- \/ Yoast SEO plugin. -->","yoast_head_json":{"title":"Nov\u00e9 posily v Inmsol\/Inmsol","description":"Inmsol p\u0159ijal do sv\u00e9ho t\u00fdmu dv\u011b nov\u00e9 spolupracovnice, kter\u00e9 zde absolvuj\u00ed odbornou praxi. M\u016f\u017eete je spole\u010dn\u011b s n\u00e1mi v\u0159ele p\u0159iv\u00edtat.","robots":{"index":"index","follow":"follow","max-snippet":"max-snippet:-1","max-image-preview":"max-image-preview:large","max-video-preview":"max-video-preview:-1"},"canonical":"https:\/\/www.inmsol.com\/pl\/sin-categoria-pl\/nove-posily-v-inmsol\/","og_locale":"pl_PL","og_type":"article","og_title":"Nov\u00e9 posily v Inmsol\/Inmsol","og_description":"Inmsol p\u0159ijal do sv\u00e9ho t\u00fdmu dv\u011b nov\u00e9 spolupracovnice, kter\u00e9 zde absolvuj\u00ed odbornou praxi. M\u016f\u017eete je spole\u010dn\u011b s n\u00e1mi v\u0159ele p\u0159iv\u00edtat.","og_url":"https:\/\/www.inmsol.com\/pl\/sin-categoria-pl\/nove-posily-v-inmsol\/","og_site_name":"iNMSOL","article_publisher":"https:\/\/www.facebook.com\/spanishcourses","article_published_time":"2015-07-09T14:50:30+00:00","article_modified_time":"2019-11-21T10:49:43+00:00","og_image":[{"width":1500,"height":1032,"url":"https:\/\/www.inmsol.com\/wp-content\/uploads\/2015\/07\/Marie.jpg","type":"image\/jpeg"}],"author":"- Instituto Mediterr\u00e1neo Sol","twitter_misc":{"Napisane przez":"- Instituto Mediterr\u00e1neo Sol","Szacowany czas czytania":"1 minuta"},"schema":{"@context":"https:\/\/schema.org","@graph":[{"@type":"Article","@id":"https:\/\/www.inmsol.com\/pl\/sin-categoria-pl\/nove-posily-v-inmsol\/#article","isPartOf":{"@id":"https:\/\/www.inmsol.com\/pl\/sin-categoria-pl\/nove-posily-v-inmsol\/"},"author":{"name":"- Instituto Mediterr\u00e1neo Sol","@id":"https:\/\/www.inmsol.com\/pl\/#\/schema\/person\/94a7a01d14a56d1fbc49c841ffc57fe9"},"headline":"Nov\u00e9 posily v Inmsol","datePublished":"2015-07-09T14:50:30+00:00","dateModified":"2019-11-21T10:49:43+00:00","mainEntityOfPage":{"@id":"https:\/\/www.inmsol.com\/pl\/sin-categoria-pl\/nove-posily-v-inmsol\/"},"wordCount":198,"publisher":{"@id":"https:\/\/www.inmsol.com\/pl\/#organization"},"image":{"@id":"https:\/\/www.inmsol.com\/pl\/sin-categoria-pl\/nove-posily-v-inmsol\/#primaryimage"},"thumbnailUrl":"https:\/\/www.inmsol.com\/wp-content\/uploads\/2015\/07\/Marie.jpg","articleSection":["Blog w j\u0119zyku polskim"],"inLanguage":"pl-PL"},{"@type":"WebPage","@id":"https:\/\/www.inmsol.com\/pl\/sin-categoria-pl\/nove-posily-v-inmsol\/","url":"https:\/\/www.inmsol.com\/pl\/sin-categoria-pl\/nove-posily-v-inmsol\/","name":"Nov\u00e9 posily v Inmsol\/Inmsol","isPartOf":{"@id":"https:\/\/www.inmsol.com\/pl\/#website"},"primaryImageOfPage":{"@id":"https:\/\/www.inmsol.com\/pl\/sin-categoria-pl\/nove-posily-v-inmsol\/#primaryimage"},"image":{"@id":"https:\/\/www.inmsol.com\/pl\/sin-categoria-pl\/nove-posily-v-inmsol\/#primaryimage"},"thumbnailUrl":"https:\/\/www.inmsol.com\/wp-content\/uploads\/2015\/07\/Marie.jpg","datePublished":"2015-07-09T14:50:30+00:00","dateModified":"2019-11-21T10:49:43+00:00","description":"Inmsol p\u0159ijal do sv\u00e9ho t\u00fdmu dv\u011b nov\u00e9 spolupracovnice, kter\u00e9 zde absolvuj\u00ed odbornou praxi. M\u016f\u017eete je spole\u010dn\u011b s n\u00e1mi v\u0159ele p\u0159iv\u00edtat.","breadcrumb":{"@id":"https:\/\/www.inmsol.com\/pl\/sin-categoria-pl\/nove-posily-v-inmsol\/#breadcrumb"},"inLanguage":"pl-PL","potentialAction":[{"@type":"ReadAction","target":["https:\/\/www.inmsol.com\/pl\/sin-categoria-pl\/nove-posily-v-inmsol\/"]}]},{"@type":"ImageObject","inLanguage":"pl-PL","@id":"https:\/\/www.inmsol.com\/pl\/sin-categoria-pl\/nove-posily-v-inmsol\/#primaryimage","url":"https:\/\/www.inmsol.com\/wp-content\/uploads\/2015\/07\/Marie.jpg","contentUrl":"https:\/\/www.inmsol.com\/wp-content\/uploads\/2015\/07\/Marie.jpg","width":1500,"height":1032},{"@type":"BreadcrumbList","@id":"https:\/\/www.inmsol.com\/pl\/sin-categoria-pl\/nove-posily-v-inmsol\/#breadcrumb","itemListElement":[{"@type":"ListItem","position":1,"name":"Accredited Center by Instituto Cervantes","item":"https:\/\/www.inmsol.com\/pl\/pagina-ejemplo\/"},{"@type":"ListItem","position":2,"name":"Blog w j\u0119zyku polskim","item":"https:\/\/www.inmsol.com\/pl\/category\/sin-categoria-pl\/"},{"@type":"ListItem","position":3,"name":"Nov\u00e9 posily v Inmsol"}]},{"@type":"WebSite","@id":"https:\/\/www.inmsol.com\/pl\/#website","url":"https:\/\/www.inmsol.com\/pl\/","name":"iNMSOL","description":"Learn Spanish with Us | Cervantes acredited Learning Centre","publisher":{"@id":"https:\/\/www.inmsol.com\/pl\/#organization"},"potentialAction":[{"@type":"SearchAction","target":{"@type":"EntryPoint","urlTemplate":"https:\/\/www.inmsol.com\/pl\/?s={search_term_string}"},"query-input":{"@type":"PropertyValueSpecification","valueRequired":true,"valueName":"search_term_string"}}],"inLanguage":"pl-PL"},{"@type":"Organization","@id":"https:\/\/www.inmsol.com\/pl\/#organization","name":"Instituto Mediterr\u00e1neo Sol","url":"https:\/\/www.inmsol.com\/pl\/","logo":{"@type":"ImageObject","inLanguage":"pl-PL","@id":"https:\/\/www.inmsol.com\/pl\/#\/schema\/logo\/image\/","url":"https:\/\/www.inmsol.com\/wp-content\/uploads\/2023\/06\/logo-inmsol-1.png","contentUrl":"https:\/\/www.inmsol.com\/wp-content\/uploads\/2023\/06\/logo-inmsol-1.png","width":136,"height":73,"caption":"Instituto Mediterr\u00e1neo Sol"},"image":{"@id":"https:\/\/www.inmsol.com\/pl\/#\/schema\/logo\/image\/"},"sameAs":["https:\/\/www.facebook.com\/spanishcourses","https:\/\/x.com\/StudyInGranada","http:\/\/instagram.com\/imsolgranada","https:\/\/es.linkedin.com\/company\/imsol-granada","https:\/\/www.pinterest.es\/inmsol\/","https:\/\/www.youtube.com\/channel\/UChz-Qn_7coFMosY85iYMO4g"]},{"@type":"Person","@id":"https:\/\/www.inmsol.com\/pl\/#\/schema\/person\/94a7a01d14a56d1fbc49c841ffc57fe9","name":"- Instituto Mediterr\u00e1neo Sol","image":{"@type":"ImageObject","inLanguage":"pl-PL","@id":"https:\/\/secure.gravatar.com\/avatar\/5607fdabdf1b548b6095cc3d43079829bc1497403e70dd34004e7204a8fef62b?s=96&d=mm&r=g","url":"https:\/\/secure.gravatar.com\/avatar\/5607fdabdf1b548b6095cc3d43079829bc1497403e70dd34004e7204a8fef62b?s=96&d=mm&r=g","contentUrl":"https:\/\/secure.gravatar.com\/avatar\/5607fdabdf1b548b6095cc3d43079829bc1497403e70dd34004e7204a8fef62b?s=96&d=mm&r=g","caption":"- Instituto Mediterr\u00e1neo Sol"},"url":"https:\/\/www.inmsol.com\/pl\/author\/laura\/"}]}},"_links":{"self":[{"href":"https:\/\/www.inmsol.com\/pl\/wp-json\/wp\/v2\/posts\/16334","targetHints":{"allow":["GET"]}}],"collection":[{"href":"https:\/\/www.inmsol.com\/pl\/wp-json\/wp\/v2\/posts"}],"about":[{"href":"https:\/\/www.inmsol.com\/pl\/wp-json\/wp\/v2\/types\/post"}],"author":[{"embeddable":true,"href":"https:\/\/www.inmsol.com\/pl\/wp-json\/wp\/v2\/users\/3"}],"replies":[{"embeddable":true,"href":"https:\/\/www.inmsol.com\/pl\/wp-json\/wp\/v2\/comments?post=16334"}],"version-history":[{"count":0,"href":"https:\/\/www.inmsol.com\/pl\/wp-json\/wp\/v2\/posts\/16334\/revisions"}],"wp:featuredmedia":[{"embeddable":true,"href":"https:\/\/www.inmsol.com\/pl\/wp-json\/wp\/v2\/media\/16284"}],"wp:attachment":[{"href":"https:\/\/www.inmsol.com\/pl\/wp-json\/wp\/v2\/media?parent=16334"}],"wp:term":[{"taxonomy":"category","embeddable":true,"href":"https:\/\/www.inmsol.com\/pl\/wp-json\/wp\/v2\/categories?post=16334"},{"taxonomy":"post_tag","embeddable":true,"href":"https:\/\/www.inmsol.com\/pl\/wp-json\/wp\/v2\/tags?post=16334"}],"curies":[{"name":"wp","href":"https:\/\/api.w.org\/{rel}","templated":true}]}}