{"id":17371,"date":"2015-08-04T15:36:23","date_gmt":"2015-08-04T13:36:23","guid":{"rendered":"https:\/\/www.inmsol.com\/?p=17371"},"modified":"2015-08-11T12:29:32","modified_gmt":"2015-08-11T10:29:32","slug":"wizytaparque-de-las-ciencias","status":"publish","type":"post","link":"https:\/\/www.inmsol.com\/pl\/sin-categoria-pl\/wizytaparque-de-las-ciencias\/","title":{"rendered":"Z wizyt\u0105 w Parque de las Ciencias"},"content":{"rendered":"<p style=\"text-align: justify;\">Wczoraj, w ramach cotygodniowych <a href=\"https:\/\/www.inmsol.com\/pl\/zajecia-i-wycieczki\/\">aktywno\u015bci<\/a>, wybrali\u015bmy si\u0119 do Parque de las Ciencias (Parku Nauki) w <a href=\"https:\/\/www.inmsol.com\/pl\/granada\/\">Granadzie<\/a>. Niekt\u00f3rzy z naszych uczni\u00f3w, pomimo wysokich temperatur, odwiedzili interaktywne muzeum mieszcz\u0105ce si\u0119 zaledwie kilka minut od centrum miasta, b\u0119d\u0105ce najcz\u0119sciej odwiedzanym muzeum w Andaluzji!<\/p>\n<p style=\"text-align: justify;\">Parque de las Ciencias jest znane g\u0142\u00f3wnie dzi\u0119ki Obserwatorium Astronomicznemu i Wie\u017cy Obserwacyjnej, gdzie zosta\u0142o odtworzone ponad 7000 gwiazd. Jest to jedna z najwi\u0119kszych atrakcji muzeum.<img fetchpriority=\"high\" decoding=\"async\" class=\" size-medium wp-image-16586 aligncenter\" src=\"https:\/\/www.inmsol.com\/wp-content\/uploads\/2015\/07\/20150715_170129-180x300.jpg\" alt=\"20150715_170129\" width=\"180\" height=\"300\" srcset=\"https:\/\/www.inmsol.com\/wp-content\/uploads\/2015\/07\/20150715_170129-180x300.jpg 180w, https:\/\/www.inmsol.com\/wp-content\/uploads\/2015\/07\/20150715_170129-800x1333.jpg 800w, https:\/\/www.inmsol.com\/wp-content\/uploads\/2015\/07\/20150715_170129-64x107.jpg 64w, https:\/\/www.inmsol.com\/wp-content\/uploads\/2015\/07\/20150715_170129-614x1024.jpg 614w, https:\/\/www.inmsol.com\/wp-content\/uploads\/2015\/07\/20150715_170129-120x200.jpg 120w, https:\/\/www.inmsol.com\/wp-content\/uploads\/2015\/07\/20150715_170129-240x400.jpg 240w, https:\/\/www.inmsol.com\/wp-content\/uploads\/2015\/07\/20150715_170129.jpg 900w\" sizes=\"(max-width: 180px) 100vw, 180px\" \/><\/p>\n<p style=\"text-align: justify;\">Mo\u017cna r\u00f3wnie\u017c zobaczy\u0107 wystawy tymczasowe, takie jak: \u201eTitanic: rekonstrukcja\u201d czy \u201eMumie: \u015bwiadkowie przesz\u0142o\u015bci\u201d. Muzeum organizuje r\u00f3wnie\u017c mi\u0119dzynarodowe spotkania i wydarzenia, w czerwcu mia\u0142o miejsce spotkanie: \u201eRozmawiaj\u0105c o Twitterze 2015\u201d.<\/p>\n<p style=\"text-align: justify;\"><img decoding=\"async\" class=\" size-medium wp-image-16572 aligncenter\" src=\"https:\/\/www.inmsol.com\/wp-content\/uploads\/2015\/07\/20150715_163820-460x276.jpg\" alt=\"20150715_163820\" width=\"460\" height=\"276\" srcset=\"https:\/\/www.inmsol.com\/wp-content\/uploads\/2015\/07\/20150715_163820-460x276.jpg 460w, https:\/\/www.inmsol.com\/wp-content\/uploads\/2015\/07\/20150715_163820-800x480.jpg 800w, https:\/\/www.inmsol.com\/wp-content\/uploads\/2015\/07\/20150715_163820-64x38.jpg 64w, https:\/\/www.inmsol.com\/wp-content\/uploads\/2015\/07\/20150715_163820-1024x614.jpg 1024w, https:\/\/www.inmsol.com\/wp-content\/uploads\/2015\/07\/20150715_163820-250x150.jpg 250w, https:\/\/www.inmsol.com\/wp-content\/uploads\/2015\/07\/20150715_163820-600x360.jpg 600w, https:\/\/www.inmsol.com\/wp-content\/uploads\/2015\/07\/20150715_163820.jpg 1500w\" sizes=\"(max-width: 460px) 100vw, 460px\" \/><\/p>\n<p style=\"text-align: justify;\">Nasi uczniowie \u015bwietnie si\u0119 bawili i wiele si\u0119 nauczyli, dlatego ju\u017c przygotowujemy kolejn\u0105 wizyt\u0119!<\/p>\n","protected":false},"excerpt":{"rendered":"<p>Wczoraj, w ramach cotygodniowych aktywno\u015bci, wybrali\u015bmy si\u0119 do Parque de las Ciencias (Parku Nauki) w Granadzie. Niekt\u00f3rzy z naszych uczni\u00f3w, pomimo wysokich temperatur, odwiedzili interaktywne muzeum mieszcz\u0105ce si\u0119 zaledwie kilka minut od centrum miasta, b\u0119d\u0105ce najcz\u0119sciej odwiedzanym muzeum w Andaluzji! Parque de las Ciencias jest&#8230;<\/p>\n","protected":false},"author":3,"featured_media":16602,"comment_status":"closed","ping_status":"closed","sticky":false,"template":"","format":"standard","meta":{"_acf_changed":false,"footnotes":""},"categories":[11],"tags":[],"class_list":["post-17371","post","type-post","status-publish","format-standard","has-post-thumbnail","hentry","category-sin-categoria-pl"],"acf":[],"yoast_head":"<!-- This site is optimized with the Yoast SEO plugin v27.5 - https:\/\/yoast.com\/product\/yoast-seo-wordpress\/ -->\n<title>Z wizyt\u0105 w Parque de las Ciencias &#8226; iNMSOL<\/title>\n<meta name=\"description\" content=\"Wczoraj, w ramach cotygodniowych aktywno\u015bci, wybrali\u015bmy si\u0119 do Parque de las Ciencias (Parku Nauki) w Granadzie.\" \/>\n<meta name=\"robots\" content=\"index, follow, max-snippet:-1, max-image-preview:large, max-video-preview:-1\" \/>\n<link rel=\"canonical\" href=\"https:\/\/www.inmsol.com\/pl\/sin-categoria-pl\/wizytaparque-de-las-ciencias\/\" \/>\n<meta property=\"og:locale\" content=\"pl_PL\" \/>\n<meta property=\"og:type\" content=\"article\" \/>\n<meta property=\"og:title\" content=\"Z wizyt\u0105 w Parque de las Ciencias &#8226; iNMSOL\" \/>\n<meta property=\"og:description\" content=\"Wczoraj, w ramach cotygodniowych aktywno\u015bci, wybrali\u015bmy si\u0119 do Parque de las Ciencias (Parku Nauki) w Granadzie.\" \/>\n<meta property=\"og:url\" content=\"https:\/\/www.inmsol.com\/pl\/sin-categoria-pl\/wizytaparque-de-las-ciencias\/\" \/>\n<meta property=\"og:site_name\" content=\"iNMSOL\" \/>\n<meta property=\"article:publisher\" content=\"https:\/\/www.facebook.com\/spanishcourses\" \/>\n<meta property=\"article:published_time\" content=\"2015-08-04T13:36:23+00:00\" \/>\n<meta property=\"article:modified_time\" content=\"2015-08-11T10:29:32+00:00\" \/>\n<meta property=\"og:image\" content=\"https:\/\/www.inmsol.com\/wp-content\/uploads\/2015\/07\/Granada-Parque-de-las-Ciencias.jpg\" \/>\n\t<meta property=\"og:image:width\" content=\"640\" \/>\n\t<meta property=\"og:image:height\" content=\"480\" \/>\n\t<meta property=\"og:image:type\" content=\"image\/jpeg\" \/>\n<meta name=\"author\" content=\"- Instituto Mediterr\u00e1neo Sol\" \/>\n<meta name=\"twitter:label1\" content=\"Napisane przez\" \/>\n\t<meta name=\"twitter:data1\" content=\"- Instituto Mediterr\u00e1neo Sol\" \/>\n\t<meta name=\"twitter:label2\" content=\"Szacowany czas czytania\" \/>\n\t<meta name=\"twitter:data2\" content=\"1 minuta\" \/>\n<script type=\"application\/ld+json\" class=\"yoast-schema-graph\">{\"@context\":\"https:\\\/\\\/schema.org\",\"@graph\":[{\"@type\":\"Article\",\"@id\":\"https:\\\/\\\/www.inmsol.com\\\/pl\\\/sin-categoria-pl\\\/wizytaparque-de-las-ciencias\\\/#article\",\"isPartOf\":{\"@id\":\"https:\\\/\\\/www.inmsol.com\\\/pl\\\/sin-categoria-pl\\\/wizytaparque-de-las-ciencias\\\/\"},\"author\":{\"name\":\"- Instituto Mediterr\u00e1neo Sol\",\"@id\":\"https:\\\/\\\/www.inmsol.com\\\/pl\\\/#\\\/schema\\\/person\\\/94a7a01d14a56d1fbc49c841ffc57fe9\"},\"headline\":\"Z wizyt\u0105 w Parque de las Ciencias\",\"datePublished\":\"2015-08-04T13:36:23+00:00\",\"dateModified\":\"2015-08-11T10:29:32+00:00\",\"mainEntityOfPage\":{\"@id\":\"https:\\\/\\\/www.inmsol.com\\\/pl\\\/sin-categoria-pl\\\/wizytaparque-de-las-ciencias\\\/\"},\"wordCount\":135,\"publisher\":{\"@id\":\"https:\\\/\\\/www.inmsol.com\\\/pl\\\/#organization\"},\"image\":{\"@id\":\"https:\\\/\\\/www.inmsol.com\\\/pl\\\/sin-categoria-pl\\\/wizytaparque-de-las-ciencias\\\/#primaryimage\"},\"thumbnailUrl\":\"https:\\\/\\\/www.inmsol.com\\\/wp-content\\\/uploads\\\/2015\\\/07\\\/Granada-Parque-de-las-Ciencias.jpg\",\"articleSection\":[\"Blog w j\u0119zyku polskim\"],\"inLanguage\":\"pl-PL\"},{\"@type\":\"WebPage\",\"@id\":\"https:\\\/\\\/www.inmsol.com\\\/pl\\\/sin-categoria-pl\\\/wizytaparque-de-las-ciencias\\\/\",\"url\":\"https:\\\/\\\/www.inmsol.com\\\/pl\\\/sin-categoria-pl\\\/wizytaparque-de-las-ciencias\\\/\",\"name\":\"Z wizyt\u0105 w Parque de las Ciencias &#8226; iNMSOL\",\"isPartOf\":{\"@id\":\"https:\\\/\\\/www.inmsol.com\\\/pl\\\/#website\"},\"primaryImageOfPage\":{\"@id\":\"https:\\\/\\\/www.inmsol.com\\\/pl\\\/sin-categoria-pl\\\/wizytaparque-de-las-ciencias\\\/#primaryimage\"},\"image\":{\"@id\":\"https:\\\/\\\/www.inmsol.com\\\/pl\\\/sin-categoria-pl\\\/wizytaparque-de-las-ciencias\\\/#primaryimage\"},\"thumbnailUrl\":\"https:\\\/\\\/www.inmsol.com\\\/wp-content\\\/uploads\\\/2015\\\/07\\\/Granada-Parque-de-las-Ciencias.jpg\",\"datePublished\":\"2015-08-04T13:36:23+00:00\",\"dateModified\":\"2015-08-11T10:29:32+00:00\",\"description\":\"Wczoraj, w ramach cotygodniowych aktywno\u015bci, wybrali\u015bmy si\u0119 do Parque de las Ciencias (Parku Nauki) w Granadzie.\",\"breadcrumb\":{\"@id\":\"https:\\\/\\\/www.inmsol.com\\\/pl\\\/sin-categoria-pl\\\/wizytaparque-de-las-ciencias\\\/#breadcrumb\"},\"inLanguage\":\"pl-PL\",\"potentialAction\":[{\"@type\":\"ReadAction\",\"target\":[\"https:\\\/\\\/www.inmsol.com\\\/pl\\\/sin-categoria-pl\\\/wizytaparque-de-las-ciencias\\\/\"]}]},{\"@type\":\"ImageObject\",\"inLanguage\":\"pl-PL\",\"@id\":\"https:\\\/\\\/www.inmsol.com\\\/pl\\\/sin-categoria-pl\\\/wizytaparque-de-las-ciencias\\\/#primaryimage\",\"url\":\"https:\\\/\\\/www.inmsol.com\\\/wp-content\\\/uploads\\\/2015\\\/07\\\/Granada-Parque-de-las-Ciencias.jpg\",\"contentUrl\":\"https:\\\/\\\/www.inmsol.com\\\/wp-content\\\/uploads\\\/2015\\\/07\\\/Granada-Parque-de-las-Ciencias.jpg\",\"width\":640,\"height\":480},{\"@type\":\"BreadcrumbList\",\"@id\":\"https:\\\/\\\/www.inmsol.com\\\/pl\\\/sin-categoria-pl\\\/wizytaparque-de-las-ciencias\\\/#breadcrumb\",\"itemListElement\":[{\"@type\":\"ListItem\",\"position\":1,\"name\":\"Accredited Center by Instituto Cervantes\",\"item\":\"https:\\\/\\\/www.inmsol.com\\\/pl\\\/pagina-ejemplo\\\/\"},{\"@type\":\"ListItem\",\"position\":2,\"name\":\"Blog w j\u0119zyku polskim\",\"item\":\"https:\\\/\\\/www.inmsol.com\\\/pl\\\/category\\\/sin-categoria-pl\\\/\"},{\"@type\":\"ListItem\",\"position\":3,\"name\":\"Z wizyt\u0105 w Parque de las Ciencias\"}]},{\"@type\":\"WebSite\",\"@id\":\"https:\\\/\\\/www.inmsol.com\\\/pl\\\/#website\",\"url\":\"https:\\\/\\\/www.inmsol.com\\\/pl\\\/\",\"name\":\"iNMSOL\",\"description\":\"Learn Spanish with Us | Cervantes acredited Learning Centre\",\"publisher\":{\"@id\":\"https:\\\/\\\/www.inmsol.com\\\/pl\\\/#organization\"},\"potentialAction\":[{\"@type\":\"SearchAction\",\"target\":{\"@type\":\"EntryPoint\",\"urlTemplate\":\"https:\\\/\\\/www.inmsol.com\\\/pl\\\/?s={search_term_string}\"},\"query-input\":{\"@type\":\"PropertyValueSpecification\",\"valueRequired\":true,\"valueName\":\"search_term_string\"}}],\"inLanguage\":\"pl-PL\"},{\"@type\":\"Organization\",\"@id\":\"https:\\\/\\\/www.inmsol.com\\\/pl\\\/#organization\",\"name\":\"Instituto Mediterr\u00e1neo Sol\",\"url\":\"https:\\\/\\\/www.inmsol.com\\\/pl\\\/\",\"logo\":{\"@type\":\"ImageObject\",\"inLanguage\":\"pl-PL\",\"@id\":\"https:\\\/\\\/www.inmsol.com\\\/pl\\\/#\\\/schema\\\/logo\\\/image\\\/\",\"url\":\"https:\\\/\\\/www.inmsol.com\\\/wp-content\\\/uploads\\\/2023\\\/06\\\/logo-inmsol-1.png\",\"contentUrl\":\"https:\\\/\\\/www.inmsol.com\\\/wp-content\\\/uploads\\\/2023\\\/06\\\/logo-inmsol-1.png\",\"width\":136,\"height\":73,\"caption\":\"Instituto Mediterr\u00e1neo Sol\"},\"image\":{\"@id\":\"https:\\\/\\\/www.inmsol.com\\\/pl\\\/#\\\/schema\\\/logo\\\/image\\\/\"},\"sameAs\":[\"https:\\\/\\\/www.facebook.com\\\/spanishcourses\",\"https:\\\/\\\/x.com\\\/StudyInGranada\",\"http:\\\/\\\/instagram.com\\\/imsolgranada\",\"https:\\\/\\\/es.linkedin.com\\\/company\\\/imsol-granada\",\"https:\\\/\\\/www.pinterest.es\\\/inmsol\\\/\",\"https:\\\/\\\/www.youtube.com\\\/channel\\\/UChz-Qn_7coFMosY85iYMO4g\"]},{\"@type\":\"Person\",\"@id\":\"https:\\\/\\\/www.inmsol.com\\\/pl\\\/#\\\/schema\\\/person\\\/94a7a01d14a56d1fbc49c841ffc57fe9\",\"name\":\"- Instituto Mediterr\u00e1neo Sol\",\"image\":{\"@type\":\"ImageObject\",\"inLanguage\":\"pl-PL\",\"@id\":\"https:\\\/\\\/secure.gravatar.com\\\/avatar\\\/5607fdabdf1b548b6095cc3d43079829bc1497403e70dd34004e7204a8fef62b?s=96&d=mm&r=g\",\"url\":\"https:\\\/\\\/secure.gravatar.com\\\/avatar\\\/5607fdabdf1b548b6095cc3d43079829bc1497403e70dd34004e7204a8fef62b?s=96&d=mm&r=g\",\"contentUrl\":\"https:\\\/\\\/secure.gravatar.com\\\/avatar\\\/5607fdabdf1b548b6095cc3d43079829bc1497403e70dd34004e7204a8fef62b?s=96&d=mm&r=g\",\"caption\":\"- Instituto Mediterr\u00e1neo Sol\"},\"url\":\"https:\\\/\\\/www.inmsol.com\\\/pl\\\/author\\\/laura\\\/\"}]}<\/script>\n<!-- \/ Yoast SEO plugin. -->","yoast_head_json":{"title":"Z wizyt\u0105 w Parque de las Ciencias &#8226; iNMSOL","description":"Wczoraj, w ramach cotygodniowych aktywno\u015bci, wybrali\u015bmy si\u0119 do Parque de las Ciencias (Parku Nauki) w Granadzie.","robots":{"index":"index","follow":"follow","max-snippet":"max-snippet:-1","max-image-preview":"max-image-preview:large","max-video-preview":"max-video-preview:-1"},"canonical":"https:\/\/www.inmsol.com\/pl\/sin-categoria-pl\/wizytaparque-de-las-ciencias\/","og_locale":"pl_PL","og_type":"article","og_title":"Z wizyt\u0105 w Parque de las Ciencias &#8226; iNMSOL","og_description":"Wczoraj, w ramach cotygodniowych aktywno\u015bci, wybrali\u015bmy si\u0119 do Parque de las Ciencias (Parku Nauki) w Granadzie.","og_url":"https:\/\/www.inmsol.com\/pl\/sin-categoria-pl\/wizytaparque-de-las-ciencias\/","og_site_name":"iNMSOL","article_publisher":"https:\/\/www.facebook.com\/spanishcourses","article_published_time":"2015-08-04T13:36:23+00:00","article_modified_time":"2015-08-11T10:29:32+00:00","og_image":[{"width":640,"height":480,"url":"https:\/\/www.inmsol.com\/wp-content\/uploads\/2015\/07\/Granada-Parque-de-las-Ciencias.jpg","type":"image\/jpeg"}],"author":"- Instituto Mediterr\u00e1neo Sol","twitter_misc":{"Napisane przez":"- Instituto Mediterr\u00e1neo Sol","Szacowany czas czytania":"1 minuta"},"schema":{"@context":"https:\/\/schema.org","@graph":[{"@type":"Article","@id":"https:\/\/www.inmsol.com\/pl\/sin-categoria-pl\/wizytaparque-de-las-ciencias\/#article","isPartOf":{"@id":"https:\/\/www.inmsol.com\/pl\/sin-categoria-pl\/wizytaparque-de-las-ciencias\/"},"author":{"name":"- Instituto Mediterr\u00e1neo Sol","@id":"https:\/\/www.inmsol.com\/pl\/#\/schema\/person\/94a7a01d14a56d1fbc49c841ffc57fe9"},"headline":"Z wizyt\u0105 w Parque de las Ciencias","datePublished":"2015-08-04T13:36:23+00:00","dateModified":"2015-08-11T10:29:32+00:00","mainEntityOfPage":{"@id":"https:\/\/www.inmsol.com\/pl\/sin-categoria-pl\/wizytaparque-de-las-ciencias\/"},"wordCount":135,"publisher":{"@id":"https:\/\/www.inmsol.com\/pl\/#organization"},"image":{"@id":"https:\/\/www.inmsol.com\/pl\/sin-categoria-pl\/wizytaparque-de-las-ciencias\/#primaryimage"},"thumbnailUrl":"https:\/\/www.inmsol.com\/wp-content\/uploads\/2015\/07\/Granada-Parque-de-las-Ciencias.jpg","articleSection":["Blog w j\u0119zyku polskim"],"inLanguage":"pl-PL"},{"@type":"WebPage","@id":"https:\/\/www.inmsol.com\/pl\/sin-categoria-pl\/wizytaparque-de-las-ciencias\/","url":"https:\/\/www.inmsol.com\/pl\/sin-categoria-pl\/wizytaparque-de-las-ciencias\/","name":"Z wizyt\u0105 w Parque de las Ciencias &#8226; iNMSOL","isPartOf":{"@id":"https:\/\/www.inmsol.com\/pl\/#website"},"primaryImageOfPage":{"@id":"https:\/\/www.inmsol.com\/pl\/sin-categoria-pl\/wizytaparque-de-las-ciencias\/#primaryimage"},"image":{"@id":"https:\/\/www.inmsol.com\/pl\/sin-categoria-pl\/wizytaparque-de-las-ciencias\/#primaryimage"},"thumbnailUrl":"https:\/\/www.inmsol.com\/wp-content\/uploads\/2015\/07\/Granada-Parque-de-las-Ciencias.jpg","datePublished":"2015-08-04T13:36:23+00:00","dateModified":"2015-08-11T10:29:32+00:00","description":"Wczoraj, w ramach cotygodniowych aktywno\u015bci, wybrali\u015bmy si\u0119 do Parque de las Ciencias (Parku Nauki) w Granadzie.","breadcrumb":{"@id":"https:\/\/www.inmsol.com\/pl\/sin-categoria-pl\/wizytaparque-de-las-ciencias\/#breadcrumb"},"inLanguage":"pl-PL","potentialAction":[{"@type":"ReadAction","target":["https:\/\/www.inmsol.com\/pl\/sin-categoria-pl\/wizytaparque-de-las-ciencias\/"]}]},{"@type":"ImageObject","inLanguage":"pl-PL","@id":"https:\/\/www.inmsol.com\/pl\/sin-categoria-pl\/wizytaparque-de-las-ciencias\/#primaryimage","url":"https:\/\/www.inmsol.com\/wp-content\/uploads\/2015\/07\/Granada-Parque-de-las-Ciencias.jpg","contentUrl":"https:\/\/www.inmsol.com\/wp-content\/uploads\/2015\/07\/Granada-Parque-de-las-Ciencias.jpg","width":640,"height":480},{"@type":"BreadcrumbList","@id":"https:\/\/www.inmsol.com\/pl\/sin-categoria-pl\/wizytaparque-de-las-ciencias\/#breadcrumb","itemListElement":[{"@type":"ListItem","position":1,"name":"Accredited Center by Instituto Cervantes","item":"https:\/\/www.inmsol.com\/pl\/pagina-ejemplo\/"},{"@type":"ListItem","position":2,"name":"Blog w j\u0119zyku polskim","item":"https:\/\/www.inmsol.com\/pl\/category\/sin-categoria-pl\/"},{"@type":"ListItem","position":3,"name":"Z wizyt\u0105 w Parque de las Ciencias"}]},{"@type":"WebSite","@id":"https:\/\/www.inmsol.com\/pl\/#website","url":"https:\/\/www.inmsol.com\/pl\/","name":"iNMSOL","description":"Learn Spanish with Us | Cervantes acredited Learning Centre","publisher":{"@id":"https:\/\/www.inmsol.com\/pl\/#organization"},"potentialAction":[{"@type":"SearchAction","target":{"@type":"EntryPoint","urlTemplate":"https:\/\/www.inmsol.com\/pl\/?s={search_term_string}"},"query-input":{"@type":"PropertyValueSpecification","valueRequired":true,"valueName":"search_term_string"}}],"inLanguage":"pl-PL"},{"@type":"Organization","@id":"https:\/\/www.inmsol.com\/pl\/#organization","name":"Instituto Mediterr\u00e1neo Sol","url":"https:\/\/www.inmsol.com\/pl\/","logo":{"@type":"ImageObject","inLanguage":"pl-PL","@id":"https:\/\/www.inmsol.com\/pl\/#\/schema\/logo\/image\/","url":"https:\/\/www.inmsol.com\/wp-content\/uploads\/2023\/06\/logo-inmsol-1.png","contentUrl":"https:\/\/www.inmsol.com\/wp-content\/uploads\/2023\/06\/logo-inmsol-1.png","width":136,"height":73,"caption":"Instituto Mediterr\u00e1neo Sol"},"image":{"@id":"https:\/\/www.inmsol.com\/pl\/#\/schema\/logo\/image\/"},"sameAs":["https:\/\/www.facebook.com\/spanishcourses","https:\/\/x.com\/StudyInGranada","http:\/\/instagram.com\/imsolgranada","https:\/\/es.linkedin.com\/company\/imsol-granada","https:\/\/www.pinterest.es\/inmsol\/","https:\/\/www.youtube.com\/channel\/UChz-Qn_7coFMosY85iYMO4g"]},{"@type":"Person","@id":"https:\/\/www.inmsol.com\/pl\/#\/schema\/person\/94a7a01d14a56d1fbc49c841ffc57fe9","name":"- Instituto Mediterr\u00e1neo Sol","image":{"@type":"ImageObject","inLanguage":"pl-PL","@id":"https:\/\/secure.gravatar.com\/avatar\/5607fdabdf1b548b6095cc3d43079829bc1497403e70dd34004e7204a8fef62b?s=96&d=mm&r=g","url":"https:\/\/secure.gravatar.com\/avatar\/5607fdabdf1b548b6095cc3d43079829bc1497403e70dd34004e7204a8fef62b?s=96&d=mm&r=g","contentUrl":"https:\/\/secure.gravatar.com\/avatar\/5607fdabdf1b548b6095cc3d43079829bc1497403e70dd34004e7204a8fef62b?s=96&d=mm&r=g","caption":"- Instituto Mediterr\u00e1neo Sol"},"url":"https:\/\/www.inmsol.com\/pl\/author\/laura\/"}]}},"_links":{"self":[{"href":"https:\/\/www.inmsol.com\/pl\/wp-json\/wp\/v2\/posts\/17371","targetHints":{"allow":["GET"]}}],"collection":[{"href":"https:\/\/www.inmsol.com\/pl\/wp-json\/wp\/v2\/posts"}],"about":[{"href":"https:\/\/www.inmsol.com\/pl\/wp-json\/wp\/v2\/types\/post"}],"author":[{"embeddable":true,"href":"https:\/\/www.inmsol.com\/pl\/wp-json\/wp\/v2\/users\/3"}],"replies":[{"embeddable":true,"href":"https:\/\/www.inmsol.com\/pl\/wp-json\/wp\/v2\/comments?post=17371"}],"version-history":[{"count":0,"href":"https:\/\/www.inmsol.com\/pl\/wp-json\/wp\/v2\/posts\/17371\/revisions"}],"wp:featuredmedia":[{"embeddable":true,"href":"https:\/\/www.inmsol.com\/pl\/wp-json\/wp\/v2\/media\/16602"}],"wp:attachment":[{"href":"https:\/\/www.inmsol.com\/pl\/wp-json\/wp\/v2\/media?parent=17371"}],"wp:term":[{"taxonomy":"category","embeddable":true,"href":"https:\/\/www.inmsol.com\/pl\/wp-json\/wp\/v2\/categories?post=17371"},{"taxonomy":"post_tag","embeddable":true,"href":"https:\/\/www.inmsol.com\/pl\/wp-json\/wp\/v2\/tags?post=17371"}],"curies":[{"name":"wp","href":"https:\/\/api.w.org\/{rel}","templated":true}]}}