{"id":914,"date":"2011-11-24T12:20:16","date_gmt":"2011-11-24T12:20:16","guid":{"rendered":"https:\/\/www.inmsol.com\/"},"modified":"2013-05-19T15:57:10","modified_gmt":"2013-05-19T15:57:10","slug":"sztuka-salvadora-dali","status":"publish","type":"post","link":"https:\/\/www.inmsol.com\/pl\/sin-categoria-pl\/sztuka-salvadora-dali\/","title":{"rendered":"Sztuka Salvadora Dal\u00ed"},"content":{"rendered":"<p>Salvador Domingo Felipe Jacinto Dal\u00ed i Dom\u00e8nech, bardziej znany jako <u><strong>Salvador Dal\u00ed<\/strong><\/u>, 1\u00b0 Marqu\u00e9s de Dal\u00ed de P\u00fabol (Figueras, Hiszpania, 11 maja 1904 roku \u2013 Ib\u00eddem, 23 stycznia 1989), hiszpa\u0144ski malarz, uwa\u017cany za <strong>najwi\u0119kszego reprezentanta surrealizmu<\/strong>. Dal\u00ed jest znany ze swoich wstrz\u0105saj\u0105cych i onirycznych obraz\u00f3w surrealistycznych. Jest zwyczaj przypisywania jego umiej\u0119tno\u015bci malarskich wp\u0142ywom i podziwom sztuki renesansu. By\u0142 r\u00f3wnie\u017c profesjonalnym rysownikiem. Talent Daliego obj\u0105\u0142 r\u00f3wnie\u017c <strong>kino<\/strong>, <strong>rze\u017ab\u0119<\/strong> i <strong>fotografi\u0119<\/strong>, co przyczyni\u0142o si\u0119 do licznej wsp\u00f3\u0142pracy z innymi artystami audiowizualnymi. Potrafi\u0142 stworzy\u0107 sw\u00f3j w\u0142asny rozpoznawalny styl, kt\u00f3ry w rzeczywisto\u015bci by\u0142 eklektyczny i kt\u00f3ry \u2018zwampiryzowa\u0142\u2019 innowacje innych ludzi. Jedno z jego najs\u0142awniejszych dzie\u0142 jest <strong>&#8217;Trwa\u0142o\u015b\u0107 pami\u0119ci&#8217;<\/strong>, s\u0142awny obraz <strong>\u2018mi\u0119kkich zegar\u00f3w\u2019<\/strong>, stworzony w 1931.<\/p>\n<p><span style=\"font-family: arial, sans-serif; font-size: 13px;\">\u00a0<\/span><\/p>\n<p>Jako artysta z ekstremaln\u0105 wyobra\u017ani\u0105, ukaza\u0142 zauwa\u017caln\u0105 tendencj\u0119 do <strong>narcyzmu<\/strong> i <strong>megalomanii<\/strong>, kt\u00f3rej celem by\u0142o zwr\u00f3cenie na siebie uwagi publicznej. Ta postawa irytowa\u0142a tych, kt\u00f3rzy cenili jego sztuk\u0119 i usprawiedliwia\u0142a krytyk\u00f3w, kt\u00f3rzy odrzucali jego <strong>ekscentryczne zachowanie<\/strong>, takie jak reklama samego siebie, zazwyczaj bardziej uderzaj\u0105ca ni\u017c sama produkcja artystyczna. Dal\u00ed kocha\u0142 wszystko co z\u0142ote i z przepychem, jego pasja do <strong>luksusu<\/strong> i <strong>mody orientalnej.<\/strong><br \/>\n\t\u00a0<\/p>\n<p><strong>Symbolizm<\/strong><\/p>\n<p>Dal\u00ed odkry\u0142 szeroki i osobisty wszech\u015bwiat symboliki w swoich dzie\u0142ach. <strong>&#8217;<\/strong><strong>Mi\u0119kkie obrazy&#8217;<\/strong>, kt\u00f3re pojawi\u0142y si\u0119 w 1931 roku, zosta\u0142y zinterpretowane jako odniesienie do <strong>teorii wzgl\u0119dno\u015bci Alberta Einsteina <\/strong>i rzekomo zosta\u0142y stworzone po obserwacji kawa\u0142k\u00f3w <strong>camembert <\/strong>wystawionych na gor\u0105ce sierpniowe s\u0142o\u0144ce. Kolejnym z cz\u0119sto powtarzaj\u0105cych si\u0119 symboli jest <strong>s\u0142o\u0144<\/strong>, kt\u00f3ry po raz pierwszy pojawi\u0142 si\u0119 w <strong>&#8217;El Sue\u00f1o&#8217;<\/strong> w wyniku lotu osy nad granatem sekund\u0119 tu\u017c przed przebudzeniem si\u0119 (1944). <strong>S\u0142onie Daliego<\/strong>, inspirowane <strong>rzymskim obeliskiem Giana Lorenzo Berniniego<\/strong>, maj\u0105 zwyczaj pojawiania si\u0119 z d\u0142ugimi prawie niewidzialnymi nogami, nios\u0105c obeliski na swoich grzbietach. Po\u0142\u0105czenie tych delikatnych skrajno\u015bci, obeliski, w kt\u00f3rych niekt\u00f3rzy chcieli zobaczyc symbol falliczny, sprawiaj\u0105 wra\u017cenie nierzeczywisto\u015b\u0107 widmo. <strong>&#8217;S\u0142o\u0144 stanowi zniekszta\u0142cenie przestrzeni<\/strong> &#8211; wyja\u015bnia Dal\u00ed w <u>Surrealizm i Dal\u00ed Dawna Adesa<\/u> -ze swoimi ostrymi nogami przecz\u0105c prawu niewa\u017cko\u015bci, zdefiniowanemu bez najmniejszego estetycznego zmartwienia, tworz\u0119 co\u015b, co inspiruje mnie do g\u0142\u0119bokich emocji, kt\u00f3ra sk\u0142ania mnie do malowania szczerze&#8217;<\/p>\n<p>Innym z powtarzaj\u0105cych si\u0119 symboli jest <strong>jajko<\/strong>. Nawi\u0105zuje do konceptu <strong>prenatalnego \u017cycia wewn\u0105trzmacicznego<\/strong>. Czasem odnosi si\u0119 do symbolu <strong>nadziei i mi\u0142o\u015bci<\/strong> i w\u0142a\u015bnie w ten spos\u00f3b interpretuje si\u0119 jego <strong>&#8217;Metamorfosis de Narciso<\/strong><strong>&#8217;<\/strong>. Tak\u017ce odwo\u0142a\u0142 si\u0119 do obraz\u00f3w fauny: <strong>mr\u00f3wki<\/strong> symbolizuj\u0105ce \u015bmier\u0107, korupcj\u0119 i intensywne po\u017c\u0105danie seksualne; <strong>\u015blimak <\/strong>jako g\u0142owa ludzka (zobaczy\u0142 \u015blimaka na rowerze w ogrodzie Sigmunda Freuda, kiedy poszed\u0142 go odwiedzi\u0107; ) i <strong>homary<\/strong> jako symbol dekadencji i terroru.<\/p>\n<p>\n\t<span style=\"font-family: arial, sans-serif; font-size: 13px;\">\u00a0<\/span><\/p>\n<p><strong>Inne dzia\u0142alno\u015bci artystyczne<\/strong><\/p>\n<p>Dzia\u0142alno\u015b\u0107 artystyczna Daliego nie ogranicza\u0142a si\u0119 jedynie do malarstwa. Niekt\u00f3re z jego popularnych dzie\u0142 to <strong>rze\u017aby<\/strong> lub <strong>ready-mades<\/strong>. Przys\u0142u\u017cy\u0142 si\u0119 r\u00f3wnie\u017c m.in.<strong>teatrowi<\/strong>, <strong>modzie<\/strong>, <strong>fotografii<\/strong>. Dwa z jego najs\u0142awniejszych surrealistycznych artefakt\u00f3w by\u0142y : <strong>\u2018Telefon-homar\u2019<\/strong> i <strong>\u2018Sofa w kszta\u0142cie ust Mae West\u2019<\/strong> (zrealizowanych mi\u0119dzy 1936 i 1937). Artysta i mecenas Edward James poleci\u0142 ich wykonanie Daliemu. James w wieku pi\u0119ciu lat odziedziczy\u0142 parcel\u0119 w West Dean (Sussex, Inglaterra), sk\u0105d rozpocz\u0105\u0142 produkcj\u0119 surrealistycznych produkcji w dekadzie lat 30. 'Homary i telefony maj\u0105 oczywiste skojarzenia seksualne dla Daliego, wyja\u015bnia, <strong>\u2018<\/strong><strong>telefon-homar<\/strong><strong>\u2019<\/strong> wystawiony w <strong>Tate Gallery<\/strong>, i st\u0105d wyci\u0105ga\u0142 analogi\u0119 mi\u0119dzy jedzeniem a sexem\u2019. Ten telefon by\u0142 perfekcyjnie operacyjny i James naby\u0142 cztery takie aby zast\u0105pi\u0107 je tymi, kt\u00f3re mial wcze\u015bniej w swoim angielskim retiro. Jeden z nich znajduje si\u0119 obecnie we wspomnianej galerii, drugi w muzeum telefon\u00f3w w Fr\u00e1ncfort del Meno, trzeci jest w\u0142asno\u015bci\u0105 Fundacji Edwarda Jamesa i czwarty nale\u017cy do National Gallery w Australii.<\/p>\n<p><strong>Sofa Mae West<\/strong>, z drewna i satyny, otrzyma\u0142a swoj\u0105 form\u0119 ust znanej aktorki, kt\u00f3r\u0105 by\u0142 zafascynowany Dal\u00ed. Mae West pojawi\u0142a si\u0119 ju\u017c wcze\u015bniej na obrazie zatytu\u0142owanym <strong>\u2018Twarz Mae West\u2019<\/strong> (1935), sofa znajduje si\u0119 obecnie w muzeum Brighton and Hove w Anglii.<\/p>\n<p>\n\t<span style=\"font-family: arial, sans-serif; font-size: 13px;\">\u00a0<\/span><\/p>\n<p>Mi\u0119dzy rokiem 1941 i 1970 Dal\u00ed po\u015bwi\u0119ci\u0142 si\u0119 <strong>projektowaniu bi\u017cuterii,<\/strong> osi\u0105gaj\u0105c w sumie a\u017c 39 egzemplarzy. Bi\u017cuteria stworzona wed\u0142ug zawi\u0142ego projektu zawiera\u0142a <strong>cz\u0119\u015bci ruchome<\/strong>. Najpopularniejsza z nich, <strong>&#8217;<\/strong><strong>Coraz\u00f3n real&#8217;<\/strong>, zrobione\u00a0 ze <u>z\u0142ota<\/u>,<u> 46 rubin\u00f3w<\/u>, <u>42 diament\u00f3w<\/u> i <u>4 inkrustowanych szmaragd\u00f3w<\/u>, zrobione w ten spos\u00f3b, \u017ce \u015brodek <strong>\u2018pulsuje\u2019<\/strong> jak prawdziwe serce. W 1949 roku sam Dal\u00ed skomentowa\u0142 \u2018bez widowni, bez obecno\u015bci widz\u00f3w, ta bi\u017cuteria nie mog\u0142aby stanowi\u0107 powodu dla kt\u00f3rego powinna zosta\u0107 stworzona. <u><strong>Obserwator jest ko\u0144cowym tw\u00f3rc\u0105<\/strong><\/u>. Las Dal\u00ed-Joies (po hiszpa\u0144sku, Joyas de Dal\u00ed) znajduj\u0105 si\u0119 obecnie w teatrze-muzeum Figueras, jako integralna cz\u0119\u015b\u0107 jego sta\u0142ej kolekcji.<\/p>\n<p>Dal\u00ed wsp\u00f3\u0142pracowa\u0142 r\u00f3wnie\u017c w <strong>kreacji sztuki teatralnej<\/strong>. W 1927 roku zaprojektowa\u0142 scenografi\u0119 do sztuki <strong>Lorca Mariana Pineda<\/strong>. Do Las bacanales, baletu z 1939 opartego na Tannh\u00e4user\u00a0 Richarda Wagnera (1845), Dal\u00ed zaj\u0105\u0142 si\u0119 <strong>projektowaniem sceny i wydaniem libretto<\/strong>. W 1941 Dal\u00ed zaprojektowa\u0142 scenografi\u0119 do <strong>&#8217;Laberinto&#8217;<\/strong> oraz w 1949 do <strong>&#8217;El sombrero de tres picos&#8217;.<\/strong><\/p>\n<p>\n\tChocia\u017c pocz\u0105tkowo znany ze swoich obraz\u00f3w, Dal\u00ed w m\u0142odo\u015bci ujawni\u0142 wcze\u015bnie swoje <strong>zainteresowanie kinem<\/strong> i chodzi\u0142 do kina ka\u017cd\u0105 niedziel\u0119. Wed\u0142ug jego opinii istniej\u0105 dwa wymiary teori kina: <strong>\u00ablas cosas de por s\u00ed\u00bb<\/strong>, to znaczy, fakty, kt\u00f3re s\u0105 przedstawione w \u015bwiecie kamery, i <strong>\u2018wyobra\u017ania fotograficzna\u2019<\/strong> lub spos\u00f3b w jaki kamera pokazuje obraz i kreatywn\u0105 warto\u015b\u0107, kt\u00f3ra mo\u017ce si\u0119 od\u0142\u0105czy\u0107. Dal\u00ed ukaza\u0142 si\u0119 wyj\u0105tkowo aktywny po obydw\u00f3ch stronach kamery. Stworzy\u0142 wspania\u0142e dzie\u0142a sztuki, takie jak <strong>&#8217;Destino&#8217;<\/strong> (we wsp\u00f3\u0142pracy z <strong>Waltem Disneyem<\/strong>), film rozpocz\u0119ty w 1946 i zako\u0144czony w 2003 przez Baker Bloodworth i Roy\u2019a Oliver Disney. W tym projekcie zawarte s\u0105 <strong>obrazy oniryczne<\/strong>, takie jak dziwne lataj\u0105ce figury i inspiruje si\u0119 piosenk\u0105 Destino (meksyka\u0144ski liryk Armando Dom\u00ednguez). Jednak\u017ce, kiedy Disney zatrudni\u0142 Daliego, jego firma nie by\u0142a przygotowana do zaakceptowania projektu, kt\u00f3ry chcia\u0142 rozwin\u0105\u0107. Po o\u015bmiu miesi\u0105cach intensywnej pracy, kompania musia\u0142a porzuci\u0107 projekt z powodu trudno\u015bci bud\u017cetowych. 57 lat p\u00f3\u017aniej zako\u0144czono produkcj\u0119. Wystawiony na r\u00f3\u017cnych festiwalach filmowych, film stanowi po\u0142\u0105czenie ducha artystycznego Daliego z klasyczn\u0105 animacj\u0105 Disneya.<\/p>\n<p>\t<span style=\"font-family: arial, sans-serif; font-size: 13px;\">\u00a0<\/span><\/p>\n<p>Dal\u00ed pracowa\u0142 jako wsp\u00f3\u0142scenarzysta surrealistycznego filmu <strong>Luisa Bu\u00f1uela 'Un chien andalou&#8217; (&#8217;Un perro andaluz&#8217;), <\/strong>17minutowy kr\u00f3tkometra\u017c , kt\u00f3ry zawiera niekt\u00f3re z antalogicznych obraz\u00f3w surrealizmu (jak np.oko ci\u0119te przez n\u00f3\u017c do golenia). Ten film jest najwi\u0119kszym wk\u0142adem w \u015bwiat niezale\u017cnego kina. 'Un chien andalou&#8217; by\u0142 sposobem, w kt\u00f3rym Dal\u00ed za\u0142\u0105czy\u0142 swoje obrazy oniryczne w realnym wymiarze. Nast\u0119pstwo scen prowokuje w widzu burz\u0119 sensacji. Drugi film, kt\u00f3ry wyprodukowa\u0142 z Bu\u00f1uelem, <span style=\"font-weight: bold;\">&#8217;<\/span><strong>L\u2019age d\u2019or&#8217;<\/strong> (&#8217;La edad de oro&#8217;), nagrana w studio 28 w Pary\u017cu w 1930 roku. Ten film by\u0142 <strong>zakazany<\/strong> w ci\u0105gu wielu lat przez <strong> faszystowskie<\/strong> i <strong>antysemickie<\/strong> grupy, kt\u00f3re stworzy\u0142y siln\u0105 grup\u0119 braku zaufania w prasie i w paryskim kinie, w kt\u00f3rym by\u0142 wystawiany. Oskar\u017cenie o propagowanie postaw antysocjalnych niew\u0105tpliwie wp\u0142yn\u0119\u0142o na sukces jego kariery artystycznej. W ka\u017cdym razie, te dwa filmy mia\u0142y ogromny wp\u0142yw na <strong>s<\/strong><strong>urrealistyczny ruch kinematograficzny<\/strong>: je\u015bli 'Un chien andalou&#8217; utrzyma si\u0119 jako najwy\u017cszy dokument surrealistycznej przygody kinematograficznej podczas dominacji nie\u015bwiadomego\u00a0 L\u2019age d\u2019or, jest by\u0107 mo\u017ce nieustaj\u0105c\u0105 manifestacj\u0105 rewolucyjnej intencji.<\/p>\n<p><a href=\"http:\/\/en.wikipedia.org\/wiki\/Salvador_Dal%C3%AD\" target=\"_blank\">Source<\/a><br \/>\n\t\u00a0<\/p>\n","protected":false},"excerpt":{"rendered":"<p>Salvador Domingo Felipe Jacinto Dal\u00ed i Dom\u00e8nech, bardziej znany jako Salvador Dal\u00ed, 1\u00b0 Marqu\u00e9s de Dal\u00ed de P\u00fabol (Figueras, Hiszpania, 11 maja 1904 roku \u2013 Ib\u00eddem, 23 stycznia 1989), hiszpa\u0144ski malarz, uwa\u017cany za najwi\u0119kszego reprezentanta surrealizmu. Dal\u00ed jest znany ze swoich wstrz\u0105saj\u0105cych i onirycznych obraz\u00f3w&#8230;<\/p>\n","protected":false},"author":2,"featured_media":0,"comment_status":"closed","ping_status":"closed","sticky":false,"template":"","format":"standard","meta":{"_acf_changed":false,"footnotes":""},"categories":[11],"tags":[],"class_list":["post-914","post","type-post","status-publish","format-standard","hentry","category-sin-categoria-pl"],"acf":[],"yoast_head":"<!-- This site is optimized with the Yoast SEO plugin v27.5 - https:\/\/yoast.com\/product\/yoast-seo-wordpress\/ -->\n<title>Sztuka Salvadora Dal\u00ed | surrealista, symbolizm, malarstwo, rze\u017aba, film | INMSOL<\/title>\n<meta name=\"description\" content=\"Sztuka, symbolizm i ideologia Salvadora Dal\u00ed.\" \/>\n<meta name=\"robots\" content=\"index, follow, max-snippet:-1, max-image-preview:large, max-video-preview:-1\" \/>\n<link rel=\"canonical\" href=\"https:\/\/www.inmsol.com\/pl\/sin-categoria-pl\/sztuka-salvadora-dali\/\" \/>\n<meta property=\"og:locale\" content=\"pl_PL\" \/>\n<meta property=\"og:type\" content=\"article\" \/>\n<meta property=\"og:title\" content=\"Sztuka Salvadora Dal\u00ed | surrealista, symbolizm, malarstwo, rze\u017aba, film | INMSOL\" \/>\n<meta property=\"og:description\" content=\"Sztuka, symbolizm i ideologia Salvadora Dal\u00ed.\" \/>\n<meta property=\"og:url\" content=\"https:\/\/www.inmsol.com\/pl\/sin-categoria-pl\/sztuka-salvadora-dali\/\" \/>\n<meta property=\"og:site_name\" content=\"iNMSOL\" \/>\n<meta property=\"article:publisher\" content=\"https:\/\/www.facebook.com\/spanishcourses\" \/>\n<meta property=\"article:published_time\" content=\"2011-11-24T12:20:16+00:00\" \/>\n<meta property=\"article:modified_time\" content=\"2013-05-19T15:57:10+00:00\" \/>\n<meta property=\"og:image\" content=\"https:\/\/www.inmsol.com\/wp-content\/uploads\/2019\/08\/logo-inmsol.png\" \/>\n\t<meta property=\"og:image:width\" content=\"320\" \/>\n\t<meta property=\"og:image:height\" content=\"154\" \/>\n\t<meta property=\"og:image:type\" content=\"image\/png\" \/>\n<meta name=\"author\" content=\"Javier Torres\" \/>\n<meta name=\"twitter:label1\" content=\"Napisane przez\" \/>\n\t<meta name=\"twitter:data1\" content=\"Javier Torres\" \/>\n\t<meta name=\"twitter:label2\" content=\"Szacowany czas czytania\" \/>\n\t<meta name=\"twitter:data2\" content=\"6 minut\" \/>\n<script type=\"application\/ld+json\" class=\"yoast-schema-graph\">{\"@context\":\"https:\\\/\\\/schema.org\",\"@graph\":[{\"@type\":\"Article\",\"@id\":\"https:\\\/\\\/www.inmsol.com\\\/pl\\\/sin-categoria-pl\\\/sztuka-salvadora-dali\\\/#article\",\"isPartOf\":{\"@id\":\"https:\\\/\\\/www.inmsol.com\\\/pl\\\/sin-categoria-pl\\\/sztuka-salvadora-dali\\\/\"},\"author\":{\"name\":\"Javier Torres\",\"@id\":\"https:\\\/\\\/www.inmsol.com\\\/pl\\\/#\\\/schema\\\/person\\\/18f18acd0397ef441e373e79ec3eb6ea\"},\"headline\":\"Sztuka Salvadora Dal\u00ed\",\"datePublished\":\"2011-11-24T12:20:16+00:00\",\"dateModified\":\"2013-05-19T15:57:10+00:00\",\"mainEntityOfPage\":{\"@id\":\"https:\\\/\\\/www.inmsol.com\\\/pl\\\/sin-categoria-pl\\\/sztuka-salvadora-dali\\\/\"},\"wordCount\":1261,\"publisher\":{\"@id\":\"https:\\\/\\\/www.inmsol.com\\\/pl\\\/#organization\"},\"articleSection\":[\"Blog w j\u0119zyku polskim\"],\"inLanguage\":\"pl-PL\"},{\"@type\":\"WebPage\",\"@id\":\"https:\\\/\\\/www.inmsol.com\\\/pl\\\/sin-categoria-pl\\\/sztuka-salvadora-dali\\\/\",\"url\":\"https:\\\/\\\/www.inmsol.com\\\/pl\\\/sin-categoria-pl\\\/sztuka-salvadora-dali\\\/\",\"name\":\"Sztuka Salvadora Dal\u00ed | surrealista, symbolizm, malarstwo, rze\u017aba, film | INMSOL\",\"isPartOf\":{\"@id\":\"https:\\\/\\\/www.inmsol.com\\\/pl\\\/#website\"},\"datePublished\":\"2011-11-24T12:20:16+00:00\",\"dateModified\":\"2013-05-19T15:57:10+00:00\",\"description\":\"Sztuka, symbolizm i ideologia Salvadora Dal\u00ed.\",\"breadcrumb\":{\"@id\":\"https:\\\/\\\/www.inmsol.com\\\/pl\\\/sin-categoria-pl\\\/sztuka-salvadora-dali\\\/#breadcrumb\"},\"inLanguage\":\"pl-PL\",\"potentialAction\":[{\"@type\":\"ReadAction\",\"target\":[\"https:\\\/\\\/www.inmsol.com\\\/pl\\\/sin-categoria-pl\\\/sztuka-salvadora-dali\\\/\"]}]},{\"@type\":\"BreadcrumbList\",\"@id\":\"https:\\\/\\\/www.inmsol.com\\\/pl\\\/sin-categoria-pl\\\/sztuka-salvadora-dali\\\/#breadcrumb\",\"itemListElement\":[{\"@type\":\"ListItem\",\"position\":1,\"name\":\"Accredited Center by Instituto Cervantes\",\"item\":\"https:\\\/\\\/www.inmsol.com\\\/pl\\\/pagina-ejemplo\\\/\"},{\"@type\":\"ListItem\",\"position\":2,\"name\":\"Blog w j\u0119zyku polskim\",\"item\":\"https:\\\/\\\/www.inmsol.com\\\/pl\\\/category\\\/sin-categoria-pl\\\/\"},{\"@type\":\"ListItem\",\"position\":3,\"name\":\"Sztuka Salvadora Dal\u00ed\"}]},{\"@type\":\"WebSite\",\"@id\":\"https:\\\/\\\/www.inmsol.com\\\/pl\\\/#website\",\"url\":\"https:\\\/\\\/www.inmsol.com\\\/pl\\\/\",\"name\":\"iNMSOL\",\"description\":\"Learn Spanish with Us | Cervantes acredited Learning Centre\",\"publisher\":{\"@id\":\"https:\\\/\\\/www.inmsol.com\\\/pl\\\/#organization\"},\"potentialAction\":[{\"@type\":\"SearchAction\",\"target\":{\"@type\":\"EntryPoint\",\"urlTemplate\":\"https:\\\/\\\/www.inmsol.com\\\/pl\\\/?s={search_term_string}\"},\"query-input\":{\"@type\":\"PropertyValueSpecification\",\"valueRequired\":true,\"valueName\":\"search_term_string\"}}],\"inLanguage\":\"pl-PL\"},{\"@type\":\"Organization\",\"@id\":\"https:\\\/\\\/www.inmsol.com\\\/pl\\\/#organization\",\"name\":\"Instituto Mediterr\u00e1neo Sol\",\"url\":\"https:\\\/\\\/www.inmsol.com\\\/pl\\\/\",\"logo\":{\"@type\":\"ImageObject\",\"inLanguage\":\"pl-PL\",\"@id\":\"https:\\\/\\\/www.inmsol.com\\\/pl\\\/#\\\/schema\\\/logo\\\/image\\\/\",\"url\":\"https:\\\/\\\/www.inmsol.com\\\/wp-content\\\/uploads\\\/2023\\\/06\\\/logo-inmsol-1.png\",\"contentUrl\":\"https:\\\/\\\/www.inmsol.com\\\/wp-content\\\/uploads\\\/2023\\\/06\\\/logo-inmsol-1.png\",\"width\":136,\"height\":73,\"caption\":\"Instituto Mediterr\u00e1neo Sol\"},\"image\":{\"@id\":\"https:\\\/\\\/www.inmsol.com\\\/pl\\\/#\\\/schema\\\/logo\\\/image\\\/\"},\"sameAs\":[\"https:\\\/\\\/www.facebook.com\\\/spanishcourses\",\"https:\\\/\\\/x.com\\\/StudyInGranada\",\"http:\\\/\\\/instagram.com\\\/imsolgranada\",\"https:\\\/\\\/es.linkedin.com\\\/company\\\/imsol-granada\",\"https:\\\/\\\/www.pinterest.es\\\/inmsol\\\/\",\"https:\\\/\\\/www.youtube.com\\\/channel\\\/UChz-Qn_7coFMosY85iYMO4g\"]},{\"@type\":\"Person\",\"@id\":\"https:\\\/\\\/www.inmsol.com\\\/pl\\\/#\\\/schema\\\/person\\\/18f18acd0397ef441e373e79ec3eb6ea\",\"name\":\"Javier Torres\",\"image\":{\"@type\":\"ImageObject\",\"inLanguage\":\"pl-PL\",\"@id\":\"https:\\\/\\\/secure.gravatar.com\\\/avatar\\\/90afa2d6499550218d247408758082af566e5ec3641e1b8eac0d7bb889344a55?s=96&d=mm&r=g\",\"url\":\"https:\\\/\\\/secure.gravatar.com\\\/avatar\\\/90afa2d6499550218d247408758082af566e5ec3641e1b8eac0d7bb889344a55?s=96&d=mm&r=g\",\"contentUrl\":\"https:\\\/\\\/secure.gravatar.com\\\/avatar\\\/90afa2d6499550218d247408758082af566e5ec3641e1b8eac0d7bb889344a55?s=96&d=mm&r=g\",\"caption\":\"Javier Torres\"},\"url\":\"https:\\\/\\\/www.inmsol.com\\\/pl\\\/author\\\/javier\\\/\"}]}<\/script>\n<!-- \/ Yoast SEO plugin. -->","yoast_head_json":{"title":"Sztuka Salvadora Dal\u00ed | surrealista, symbolizm, malarstwo, rze\u017aba, film | INMSOL","description":"Sztuka, symbolizm i ideologia Salvadora Dal\u00ed.","robots":{"index":"index","follow":"follow","max-snippet":"max-snippet:-1","max-image-preview":"max-image-preview:large","max-video-preview":"max-video-preview:-1"},"canonical":"https:\/\/www.inmsol.com\/pl\/sin-categoria-pl\/sztuka-salvadora-dali\/","og_locale":"pl_PL","og_type":"article","og_title":"Sztuka Salvadora Dal\u00ed | surrealista, symbolizm, malarstwo, rze\u017aba, film | INMSOL","og_description":"Sztuka, symbolizm i ideologia Salvadora Dal\u00ed.","og_url":"https:\/\/www.inmsol.com\/pl\/sin-categoria-pl\/sztuka-salvadora-dali\/","og_site_name":"iNMSOL","article_publisher":"https:\/\/www.facebook.com\/spanishcourses","article_published_time":"2011-11-24T12:20:16+00:00","article_modified_time":"2013-05-19T15:57:10+00:00","og_image":[{"width":320,"height":154,"url":"https:\/\/www.inmsol.com\/wp-content\/uploads\/2019\/08\/logo-inmsol.png","type":"image\/png"}],"author":"Javier Torres","twitter_misc":{"Napisane przez":"Javier Torres","Szacowany czas czytania":"6 minut"},"schema":{"@context":"https:\/\/schema.org","@graph":[{"@type":"Article","@id":"https:\/\/www.inmsol.com\/pl\/sin-categoria-pl\/sztuka-salvadora-dali\/#article","isPartOf":{"@id":"https:\/\/www.inmsol.com\/pl\/sin-categoria-pl\/sztuka-salvadora-dali\/"},"author":{"name":"Javier Torres","@id":"https:\/\/www.inmsol.com\/pl\/#\/schema\/person\/18f18acd0397ef441e373e79ec3eb6ea"},"headline":"Sztuka Salvadora Dal\u00ed","datePublished":"2011-11-24T12:20:16+00:00","dateModified":"2013-05-19T15:57:10+00:00","mainEntityOfPage":{"@id":"https:\/\/www.inmsol.com\/pl\/sin-categoria-pl\/sztuka-salvadora-dali\/"},"wordCount":1261,"publisher":{"@id":"https:\/\/www.inmsol.com\/pl\/#organization"},"articleSection":["Blog w j\u0119zyku polskim"],"inLanguage":"pl-PL"},{"@type":"WebPage","@id":"https:\/\/www.inmsol.com\/pl\/sin-categoria-pl\/sztuka-salvadora-dali\/","url":"https:\/\/www.inmsol.com\/pl\/sin-categoria-pl\/sztuka-salvadora-dali\/","name":"Sztuka Salvadora Dal\u00ed | surrealista, symbolizm, malarstwo, rze\u017aba, film | INMSOL","isPartOf":{"@id":"https:\/\/www.inmsol.com\/pl\/#website"},"datePublished":"2011-11-24T12:20:16+00:00","dateModified":"2013-05-19T15:57:10+00:00","description":"Sztuka, symbolizm i ideologia Salvadora Dal\u00ed.","breadcrumb":{"@id":"https:\/\/www.inmsol.com\/pl\/sin-categoria-pl\/sztuka-salvadora-dali\/#breadcrumb"},"inLanguage":"pl-PL","potentialAction":[{"@type":"ReadAction","target":["https:\/\/www.inmsol.com\/pl\/sin-categoria-pl\/sztuka-salvadora-dali\/"]}]},{"@type":"BreadcrumbList","@id":"https:\/\/www.inmsol.com\/pl\/sin-categoria-pl\/sztuka-salvadora-dali\/#breadcrumb","itemListElement":[{"@type":"ListItem","position":1,"name":"Accredited Center by Instituto Cervantes","item":"https:\/\/www.inmsol.com\/pl\/pagina-ejemplo\/"},{"@type":"ListItem","position":2,"name":"Blog w j\u0119zyku polskim","item":"https:\/\/www.inmsol.com\/pl\/category\/sin-categoria-pl\/"},{"@type":"ListItem","position":3,"name":"Sztuka Salvadora Dal\u00ed"}]},{"@type":"WebSite","@id":"https:\/\/www.inmsol.com\/pl\/#website","url":"https:\/\/www.inmsol.com\/pl\/","name":"iNMSOL","description":"Learn Spanish with Us | Cervantes acredited Learning Centre","publisher":{"@id":"https:\/\/www.inmsol.com\/pl\/#organization"},"potentialAction":[{"@type":"SearchAction","target":{"@type":"EntryPoint","urlTemplate":"https:\/\/www.inmsol.com\/pl\/?s={search_term_string}"},"query-input":{"@type":"PropertyValueSpecification","valueRequired":true,"valueName":"search_term_string"}}],"inLanguage":"pl-PL"},{"@type":"Organization","@id":"https:\/\/www.inmsol.com\/pl\/#organization","name":"Instituto Mediterr\u00e1neo Sol","url":"https:\/\/www.inmsol.com\/pl\/","logo":{"@type":"ImageObject","inLanguage":"pl-PL","@id":"https:\/\/www.inmsol.com\/pl\/#\/schema\/logo\/image\/","url":"https:\/\/www.inmsol.com\/wp-content\/uploads\/2023\/06\/logo-inmsol-1.png","contentUrl":"https:\/\/www.inmsol.com\/wp-content\/uploads\/2023\/06\/logo-inmsol-1.png","width":136,"height":73,"caption":"Instituto Mediterr\u00e1neo Sol"},"image":{"@id":"https:\/\/www.inmsol.com\/pl\/#\/schema\/logo\/image\/"},"sameAs":["https:\/\/www.facebook.com\/spanishcourses","https:\/\/x.com\/StudyInGranada","http:\/\/instagram.com\/imsolgranada","https:\/\/es.linkedin.com\/company\/imsol-granada","https:\/\/www.pinterest.es\/inmsol\/","https:\/\/www.youtube.com\/channel\/UChz-Qn_7coFMosY85iYMO4g"]},{"@type":"Person","@id":"https:\/\/www.inmsol.com\/pl\/#\/schema\/person\/18f18acd0397ef441e373e79ec3eb6ea","name":"Javier Torres","image":{"@type":"ImageObject","inLanguage":"pl-PL","@id":"https:\/\/secure.gravatar.com\/avatar\/90afa2d6499550218d247408758082af566e5ec3641e1b8eac0d7bb889344a55?s=96&d=mm&r=g","url":"https:\/\/secure.gravatar.com\/avatar\/90afa2d6499550218d247408758082af566e5ec3641e1b8eac0d7bb889344a55?s=96&d=mm&r=g","contentUrl":"https:\/\/secure.gravatar.com\/avatar\/90afa2d6499550218d247408758082af566e5ec3641e1b8eac0d7bb889344a55?s=96&d=mm&r=g","caption":"Javier Torres"},"url":"https:\/\/www.inmsol.com\/pl\/author\/javier\/"}]}},"_links":{"self":[{"href":"https:\/\/www.inmsol.com\/pl\/wp-json\/wp\/v2\/posts\/914","targetHints":{"allow":["GET"]}}],"collection":[{"href":"https:\/\/www.inmsol.com\/pl\/wp-json\/wp\/v2\/posts"}],"about":[{"href":"https:\/\/www.inmsol.com\/pl\/wp-json\/wp\/v2\/types\/post"}],"author":[{"embeddable":true,"href":"https:\/\/www.inmsol.com\/pl\/wp-json\/wp\/v2\/users\/2"}],"replies":[{"embeddable":true,"href":"https:\/\/www.inmsol.com\/pl\/wp-json\/wp\/v2\/comments?post=914"}],"version-history":[{"count":0,"href":"https:\/\/www.inmsol.com\/pl\/wp-json\/wp\/v2\/posts\/914\/revisions"}],"wp:attachment":[{"href":"https:\/\/www.inmsol.com\/pl\/wp-json\/wp\/v2\/media?parent=914"}],"wp:term":[{"taxonomy":"category","embeddable":true,"href":"https:\/\/www.inmsol.com\/pl\/wp-json\/wp\/v2\/categories?post=914"},{"taxonomy":"post_tag","embeddable":true,"href":"https:\/\/www.inmsol.com\/pl\/wp-json\/wp\/v2\/tags?post=914"}],"curies":[{"name":"wp","href":"https:\/\/api.w.org\/{rel}","templated":true}]}}