{"id":932,"date":"2011-12-02T10:01:58","date_gmt":"2011-12-02T10:01:58","guid":{"rendered":"https:\/\/www.inmsol.com\/"},"modified":"2022-05-12T10:14:10","modified_gmt":"2022-05-12T08:14:10","slug":"la-movida-madrilena-pl-ruchscenahulanka-madrycka","status":"publish","type":"post","link":"https:\/\/www.inmsol.com\/pl\/sin-categoria-pl\/la-movida-madrilena-pl-ruchscenahulanka-madrycka\/","title":{"rendered":"La Movida Madrile\u00f1a (pl. \u201eruch\/scena\/hulanka madrycka\u201d)"},"content":{"rendered":"<p><strong>La movida madrile\u00f1a (pl. \u201eruch\/scena\/hulanka madrycka\u201d) <\/strong>\u2013 hiszpa\u0144ski ruch odnowy kultury i obyczajowo\u015bci, kt\u00f3ry rozpocz\u0105\u0142 si\u0119 w Madrycie pod koniec lat 70. XX wieku, po \u015bmierci genera\u0142a Franco i upadku jego dyktatury. Nazwa movida stanowi prze\u015bmiewcze nawi\u0105zanie do Movimiento Nacional \u2013 partii genera\u0142a Franco.<\/p>\n<p><!--break--><\/p>\n<p><u><strong>Chronologia<\/strong><\/u><\/p>\n<p class=\"rteleft\">Ramy chronologiczne movidy nie s\u0105 dok\u0142adnie okre\u015blone. Jej powstanie wi\u0105\u017ce si\u0119 przede wszystkim ze \u015bmierci\u0105 genera\u0142a Franco 20 pa\u017adziernika 1975 roku i tym samym zako\u0144czeniem jego dyktatury, jednak ju\u017c wcze\u015bniej, w pocz\u0105tkach lat 70., istnia\u0142o zjawisko, kt\u00f3re mo\u017cna nazwa\u0107 premovid\u0105 i dzia\u0142ali arty\u015bci alternatywni, kt\u00f3rzy mieli wp\u0142yw na p\u00f3\u017aniejsze kszta\u0142towanie si\u0119 movidy (m.in. Iv\u00e1n Zulueta i Javier Utray).<\/p>\n<p class=\"rteleft\">Za zasadniczy okres kszta\u0142towania si\u0119 ruchu uznaje si\u0119 lata 1977-1978, kiedy to dosz\u0142o do wybor\u00f3w powszechnych, legalizacji partii komunistycznej, rozwi\u0105zania Movimiento, uchwalenia konstytucji hiszpa\u0144skiej i o\u017cywienia sceny rockowej, w tym organizacji I Konkursu Rockowego Villa de Madrid. Dla kszta\u0142towania si\u0119 movidy, w tym dla utrwalenia si\u0119 jej apolityczno\u015bci, wa\u017cne znaczenie mia\u0142 nieudany zamach stanu Antonia Tejero z 23 lutego 1981 roku, kt\u00f3rego niepowodzenie pozwoli\u0142o na swobodny rozw\u00f3j hiszpa\u0144skiej demokracji.<\/p>\n<p class=\"rteleft\">Szczytowy okres movidy przypad\u0142 na okres 1981-1985, w nast\u0119pnych latach ruch stopniowo zanika\u0142, g\u0142\u00f3wnie z powodu jego komercjalizacji i urynkowienia, dokonuj\u0105cego si\u0119 za spraw\u0105 medi\u00f3w i organizator\u00f3w imprez, a tak\u017ce z powodu niech\u0119ci intelektualist\u00f3w starszego pokolenia oraz wykorzystywania go w celach propagandowych przez polityk\u00f3w. Jednym z sygna\u0142\u00f3w zako\u0144czenia movidy by\u0142o zamkni\u0119cie wa\u017cnego dla artyst\u00f3w klubu Rock-Ola w 1985, upadek ma\u0142ych, niezale\u017cnych wytw\u00f3rni oraz przej\u015bcie ca\u0142ego ruchu z undergroundu do dzia\u0142alno\u015bci publicznej (m.in. wystawianie sztuki tw\u00f3rc\u00f3w movidy na wystawie Madrid, Madrid, Madrid w miejskim centrum kultury).<\/p>\n<p class=\"rteleft\"><u><strong>Nazwa<\/strong><\/u><\/p>\n<p class=\"rteleft\">Dok\u0142adna etymologia nazwy nie jest znana. S\u0142owo movida mo\u017ce oznacza\u0107 &#8222;ruch&#8221; albo &#8222;scen\u0119&#8221;, ale te\u017c kolokwialnie &#8222;zabaw\u0119&#8221; czy &#8222;hulank\u0119&#8221;. Z kolei w slangu narkoman\u00f3w u\u017cywa\u0142o si\u0119 tego wyrazu na okre\u015blenie czynno\u015bci zakupu narkotyk\u00f3w, natomiast sformu\u0142owanie que movida by\u0142o w Madrycie te\u017c u\u017cywane kolokwialnie w znaczeniu odpowiadaj\u0105cemu polskiemu m\u0142odzie\u017cowemu &#8222;ale jazda&#8221;. Nazwa movida stanowi te\u017c prze\u015bmiewcze nawi\u0105zanie do Movimiento Nacional \u2013 partii genera\u0142a Franco. W okresie trwania movidy nazywanie kogo\u015b jej cz\u0142onkiem bywa\u0142o stosowane w znaczeniu pejoratywnym, a sami jej uczestnicy nie mieli potrzeby definiowania ruchu.<\/p>\n<p class=\"rteleft\">Publicznie okre\u015blenia la movida madrile\u00f1a u\u017cyto po raz pierwszy w 1980 roku w programie telewizyjnym Musical Espr\u00e9ss.<\/p>\n<p class=\"rteleft\"><u><strong>Charakter ruchu<\/strong><\/u><\/p>\n<p class=\"rteleft\">W ramach movidy dosz\u0142o do odrzucenia kultury akademickiej i do \u017cywio\u0142owego rozwoju kultury popularnej, pojawienia si\u0119 nowych trend\u00f3w w modzie, muzyce, literaturze, sztukach plastycznych i kinie, inspirowanych m.in. londy\u0144sk\u0105 kultur\u0105 neo-punk, popem, heavy metalem i tradycjami kultury hiszpa\u0144skiej. Popularnym \u015brodkiem artystycznym sta\u0142y si\u0119 wtedy kola\u017c i brikola\u017c; sztuka by\u0142a zwi\u0105zana z estetyk\u0105 pop i zamierzonym kiczem.<\/p>\n<p class=\"rteleft\">Ruch by\u0142 te\u017c zwi\u0105zany z gwa\u0142townymi zmianami obyczajowymi, opieraj\u0105cymi si\u0119 m.in. na liberalizacji podej\u015bcia do narkotyk\u00f3w (st\u0105d ruch nazywano cz\u0119sto \u201esubkultur\u0105 narkotyk\u00f3w\u201d) i seksualno\u015bci, afirmacji m\u0142odo\u015bci i zabawowego stylu \u017cycia oraz generalnym odrzuceniu ogranicze\u0144 obyczajowych z czas\u00f3w frankistowskich. Tw\u00f3rcy movidy demonstracyjnie ignorowali przesz\u0142o\u015b\u0107, w tym rz\u0105dy Franco, i dystansowali si\u0119 od polityki. Charakterystyczne dla nich by\u0142o tak\u017ce przekonanie, \u017ce role p\u0142ciowe s\u0105 p\u0142ynne, w zwi\u0105zku z czym ch\u0119tnie przekraczali je za pomoc\u0105 stroju i makija\u017cu. Ponadto, podobnie jak arty\u015bci punkowi, odrzucali profesjonalizm w tworzeniu sztuki, najcz\u0119\u015bciej byli amatorami. W tworzeniu movidy znaczn\u0105 rol\u0119 odegra\u0142o madryckie \u015brodowisko gejowskie, propaguj\u0105ce takie warto\u015bci jak tolerancja, \u017cywio\u0142owo\u015b\u0107, frywolno\u015b\u0107, tw\u00f3rcza energia i atmosfera zabawy.<\/p>\n<p class=\"rteleft\"><u><strong>Przedstawiciele<\/strong><\/u><\/p>\n<p class=\"rteleft\">Do artyst\u00f3w zwi\u0105zanych z la movida nale\u017celi m.in. re\u017cyser Pedro Almod\u00f3var, performer Fabio de Miguel (Fanny Mc Namara), malarze Guillermo Perez i El Hortelano, duet malarski Costus, rysownik Ceesepe, projektantki mody Sybilla i Agatha Ruiz de la Prada, fotograf Alberto Garc\u00eda Alix, osobowo\u015b\u0107 telewizyjna Paloma Chamorro, oraz Olvido Gara (\u201eAlaska\u201d) i zesp\u00f3\u0142 Kaka de Luxe.<\/p>\n<p class=\"rteleft\"><u><strong>Movida w przestrzeni miejskiej<\/strong><\/u><\/p>\n<p class=\"rteleft\">W\u015br\u00f3d cz\u0142onk\u00f3w ruchu popularnym miejscem madryckim by\u0142 pchli targ Rastro, na kt\u00f3rym mo\u017cna by\u0142o znale\u017a\u0107 p\u0142yty i czasopisma zwi\u0105zane z tw\u00f3rczo\u015bci\u0105 undergroundow\u0105, ale te\u017c przedmioty codzienne, kt\u00f3re mog\u0142y by\u0107 wykorzystywane do tw\u00f3rczo\u015bci artystycznej. By\u0142o to te\u017c popularne miejsce nawi\u0105zywania przygodnych relacji seksualnych. Inn\u0105 popularn\u0105 lokacj\u0105 by\u0142 klub Rock-Ola, kt\u00f3rego zamkni\u0119cie w 1985 uwa\u017ca si\u0119 za jeden z symptom\u00f3w zamierania movidy. Przedstawiciele ruchu bywali te\u017c cz\u0119sto lub pomieszkiwali w mieszcz\u0105cym si\u0119 przy ulicy Palma 14 Casa Costus, domu malarzy z duetu Costus. Najwa\u017cniejszymi czasopismami zwi\u0105zanymi z movid\u0105 by\u0142y \u201eLa Luna de Madrid\u201d, \u201eMadrid me Mata\u201d i dotowany przez miasto \u201eMadriz\u201d.<\/p>\n<p class=\"rteleft\"><u><strong>Movida w filmie<\/strong><\/u><\/p>\n<p class=\"rteleft\">Atmosfer\u0119 ruchu Pedro Alm\u00f3dovar odda\u0142 w swoich pierwszych filmach pe\u0142nometra\u017cowych: Pepi, Luci, Bom i inne dziewczyny z dzielnicy oraz Labirynt nami\u0119tno\u015bci. \u015arodowisko movidy przedstawione zosta\u0142o r\u00f3wnie\u017c w filmie Ivana Zuluety Arrebato, chocia\u017c sam autor nie uto\u017csamia\u0142 si\u0119 z ruchem.<\/p>\n<p><span style=\"font-family: arial, sans-serif; font-size: 13px;\">\u00a0<\/span><\/p>\n<p class=\"rtecenter\"><span style=\"font-family: arial, sans-serif; font-size: 13px;\">\u00a0<\/span><\/p>\n<p>&nbsp;<\/p>\n","protected":false},"excerpt":{"rendered":"<p>La movida madrile\u00f1a (pl. \u201eruch\/scena\/hulanka madrycka\u201d) \u2013 hiszpa\u0144ski ruch odnowy kultury i obyczajowo\u015bci, kt\u00f3ry rozpocz\u0105\u0142 si\u0119 w Madrycie pod koniec lat 70. XX wieku, po \u015bmierci genera\u0142a Franco i upadku jego dyktatury. Nazwa movida stanowi prze\u015bmiewcze nawi\u0105zanie do Movimiento Nacional \u2013 partii genera\u0142a Franco. Chronologia&#8230;<\/p>\n","protected":false},"author":2,"featured_media":0,"comment_status":"closed","ping_status":"closed","sticky":false,"template":"","format":"standard","meta":{"_acf_changed":false,"footnotes":""},"categories":[11],"tags":[],"class_list":["post-932","post","type-post","status-publish","format-standard","hentry","category-sin-categoria-pl"],"acf":[],"yoast_head":"<!-- This site is optimized with the Yoast SEO plugin v27.5 - https:\/\/yoast.com\/product\/yoast-seo-wordpress\/ -->\n<title>La Movida Madrile\u00f1a (pl. \u201eruch\/scena\/hulanka madrycka\u201d) &#8226; iNMSOL<\/title>\n<meta name=\"description\" content=\"La Movida Madrile\u00f1a. kr\u00f3tka historia p\u00f3\u017anych lat &#039;70\/wczesnych lat &#039;80 ruchu artystycznego i zmian socjo-kulturalnych, kt\u00f3re zasz\u0142y w Hiszpanii po \u015bmierci genera\u0142a Franco i po obaleniu dyktatury.\" \/>\n<meta name=\"robots\" content=\"index, follow, max-snippet:-1, max-image-preview:large, max-video-preview:-1\" \/>\n<link rel=\"canonical\" href=\"https:\/\/www.inmsol.com\/pl\/sin-categoria-pl\/la-movida-madrilena-pl-ruchscenahulanka-madrycka\/\" \/>\n<meta property=\"og:locale\" content=\"pl_PL\" \/>\n<meta property=\"og:type\" content=\"article\" \/>\n<meta property=\"og:title\" content=\"La Movida Madrile\u00f1a (pl. \u201eruch\/scena\/hulanka madrycka\u201d) &#8226; iNMSOL\" \/>\n<meta property=\"og:description\" content=\"La Movida Madrile\u00f1a. kr\u00f3tka historia p\u00f3\u017anych lat &#039;70\/wczesnych lat &#039;80 ruchu artystycznego i zmian socjo-kulturalnych, kt\u00f3re zasz\u0142y w Hiszpanii po \u015bmierci genera\u0142a Franco i po obaleniu dyktatury.\" \/>\n<meta property=\"og:url\" content=\"https:\/\/www.inmsol.com\/pl\/sin-categoria-pl\/la-movida-madrilena-pl-ruchscenahulanka-madrycka\/\" \/>\n<meta property=\"og:site_name\" content=\"iNMSOL\" \/>\n<meta property=\"article:publisher\" content=\"https:\/\/www.facebook.com\/spanishcourses\" \/>\n<meta property=\"article:published_time\" content=\"2011-12-02T10:01:58+00:00\" \/>\n<meta property=\"article:modified_time\" content=\"2022-05-12T08:14:10+00:00\" \/>\n<meta property=\"og:image\" content=\"https:\/\/www.inmsol.com\/wp-content\/uploads\/2019\/08\/logo-inmsol.png\" \/>\n\t<meta property=\"og:image:width\" content=\"320\" \/>\n\t<meta property=\"og:image:height\" content=\"154\" \/>\n\t<meta property=\"og:image:type\" content=\"image\/png\" \/>\n<meta name=\"author\" content=\"Javier Torres\" \/>\n<meta name=\"twitter:label1\" content=\"Napisane przez\" \/>\n\t<meta name=\"twitter:data1\" content=\"Javier Torres\" \/>\n\t<meta name=\"twitter:label2\" content=\"Szacowany czas czytania\" \/>\n\t<meta name=\"twitter:data2\" content=\"4 minuty\" \/>\n<script type=\"application\/ld+json\" class=\"yoast-schema-graph\">{\"@context\":\"https:\\\/\\\/schema.org\",\"@graph\":[{\"@type\":\"Article\",\"@id\":\"https:\\\/\\\/www.inmsol.com\\\/pl\\\/sin-categoria-pl\\\/la-movida-madrilena-pl-ruchscenahulanka-madrycka\\\/#article\",\"isPartOf\":{\"@id\":\"https:\\\/\\\/www.inmsol.com\\\/pl\\\/sin-categoria-pl\\\/la-movida-madrilena-pl-ruchscenahulanka-madrycka\\\/\"},\"author\":{\"name\":\"Javier Torres\",\"@id\":\"https:\\\/\\\/www.inmsol.com\\\/pl\\\/#\\\/schema\\\/person\\\/18f18acd0397ef441e373e79ec3eb6ea\"},\"headline\":\"La Movida Madrile\u00f1a (pl. \u201eruch\\\/scena\\\/hulanka madrycka\u201d)\",\"datePublished\":\"2011-12-02T10:01:58+00:00\",\"dateModified\":\"2022-05-12T08:14:10+00:00\",\"mainEntityOfPage\":{\"@id\":\"https:\\\/\\\/www.inmsol.com\\\/pl\\\/sin-categoria-pl\\\/la-movida-madrilena-pl-ruchscenahulanka-madrycka\\\/\"},\"wordCount\":896,\"publisher\":{\"@id\":\"https:\\\/\\\/www.inmsol.com\\\/pl\\\/#organization\"},\"articleSection\":[\"Blog w j\u0119zyku polskim\"],\"inLanguage\":\"pl-PL\"},{\"@type\":\"WebPage\",\"@id\":\"https:\\\/\\\/www.inmsol.com\\\/pl\\\/sin-categoria-pl\\\/la-movida-madrilena-pl-ruchscenahulanka-madrycka\\\/\",\"url\":\"https:\\\/\\\/www.inmsol.com\\\/pl\\\/sin-categoria-pl\\\/la-movida-madrilena-pl-ruchscenahulanka-madrycka\\\/\",\"name\":\"La Movida Madrile\u00f1a (pl. \u201eruch\\\/scena\\\/hulanka madrycka\u201d) &#8226; iNMSOL\",\"isPartOf\":{\"@id\":\"https:\\\/\\\/www.inmsol.com\\\/pl\\\/#website\"},\"datePublished\":\"2011-12-02T10:01:58+00:00\",\"dateModified\":\"2022-05-12T08:14:10+00:00\",\"description\":\"La Movida Madrile\u00f1a. kr\u00f3tka historia p\u00f3\u017anych lat '70\\\/wczesnych lat '80 ruchu artystycznego i zmian socjo-kulturalnych, kt\u00f3re zasz\u0142y w Hiszpanii po \u015bmierci genera\u0142a Franco i po obaleniu dyktatury.\",\"breadcrumb\":{\"@id\":\"https:\\\/\\\/www.inmsol.com\\\/pl\\\/sin-categoria-pl\\\/la-movida-madrilena-pl-ruchscenahulanka-madrycka\\\/#breadcrumb\"},\"inLanguage\":\"pl-PL\",\"potentialAction\":[{\"@type\":\"ReadAction\",\"target\":[\"https:\\\/\\\/www.inmsol.com\\\/pl\\\/sin-categoria-pl\\\/la-movida-madrilena-pl-ruchscenahulanka-madrycka\\\/\"]}]},{\"@type\":\"BreadcrumbList\",\"@id\":\"https:\\\/\\\/www.inmsol.com\\\/pl\\\/sin-categoria-pl\\\/la-movida-madrilena-pl-ruchscenahulanka-madrycka\\\/#breadcrumb\",\"itemListElement\":[{\"@type\":\"ListItem\",\"position\":1,\"name\":\"Accredited Center by Instituto Cervantes\",\"item\":\"https:\\\/\\\/www.inmsol.com\\\/pl\\\/pagina-ejemplo\\\/\"},{\"@type\":\"ListItem\",\"position\":2,\"name\":\"Blog w j\u0119zyku polskim\",\"item\":\"https:\\\/\\\/www.inmsol.com\\\/pl\\\/category\\\/sin-categoria-pl\\\/\"},{\"@type\":\"ListItem\",\"position\":3,\"name\":\"La Movida Madrile\u00f1a (pl. \u201eruch\\\/scena\\\/hulanka madrycka\u201d)\"}]},{\"@type\":\"WebSite\",\"@id\":\"https:\\\/\\\/www.inmsol.com\\\/pl\\\/#website\",\"url\":\"https:\\\/\\\/www.inmsol.com\\\/pl\\\/\",\"name\":\"iNMSOL\",\"description\":\"Learn Spanish with Us | Cervantes acredited Learning Centre\",\"publisher\":{\"@id\":\"https:\\\/\\\/www.inmsol.com\\\/pl\\\/#organization\"},\"potentialAction\":[{\"@type\":\"SearchAction\",\"target\":{\"@type\":\"EntryPoint\",\"urlTemplate\":\"https:\\\/\\\/www.inmsol.com\\\/pl\\\/?s={search_term_string}\"},\"query-input\":{\"@type\":\"PropertyValueSpecification\",\"valueRequired\":true,\"valueName\":\"search_term_string\"}}],\"inLanguage\":\"pl-PL\"},{\"@type\":\"Organization\",\"@id\":\"https:\\\/\\\/www.inmsol.com\\\/pl\\\/#organization\",\"name\":\"Instituto Mediterr\u00e1neo Sol\",\"url\":\"https:\\\/\\\/www.inmsol.com\\\/pl\\\/\",\"logo\":{\"@type\":\"ImageObject\",\"inLanguage\":\"pl-PL\",\"@id\":\"https:\\\/\\\/www.inmsol.com\\\/pl\\\/#\\\/schema\\\/logo\\\/image\\\/\",\"url\":\"https:\\\/\\\/www.inmsol.com\\\/wp-content\\\/uploads\\\/2023\\\/06\\\/logo-inmsol-1.png\",\"contentUrl\":\"https:\\\/\\\/www.inmsol.com\\\/wp-content\\\/uploads\\\/2023\\\/06\\\/logo-inmsol-1.png\",\"width\":136,\"height\":73,\"caption\":\"Instituto Mediterr\u00e1neo Sol\"},\"image\":{\"@id\":\"https:\\\/\\\/www.inmsol.com\\\/pl\\\/#\\\/schema\\\/logo\\\/image\\\/\"},\"sameAs\":[\"https:\\\/\\\/www.facebook.com\\\/spanishcourses\",\"https:\\\/\\\/x.com\\\/StudyInGranada\",\"http:\\\/\\\/instagram.com\\\/imsolgranada\",\"https:\\\/\\\/es.linkedin.com\\\/company\\\/imsol-granada\",\"https:\\\/\\\/www.pinterest.es\\\/inmsol\\\/\",\"https:\\\/\\\/www.youtube.com\\\/channel\\\/UChz-Qn_7coFMosY85iYMO4g\"]},{\"@type\":\"Person\",\"@id\":\"https:\\\/\\\/www.inmsol.com\\\/pl\\\/#\\\/schema\\\/person\\\/18f18acd0397ef441e373e79ec3eb6ea\",\"name\":\"Javier Torres\",\"image\":{\"@type\":\"ImageObject\",\"inLanguage\":\"pl-PL\",\"@id\":\"https:\\\/\\\/secure.gravatar.com\\\/avatar\\\/90afa2d6499550218d247408758082af566e5ec3641e1b8eac0d7bb889344a55?s=96&d=mm&r=g\",\"url\":\"https:\\\/\\\/secure.gravatar.com\\\/avatar\\\/90afa2d6499550218d247408758082af566e5ec3641e1b8eac0d7bb889344a55?s=96&d=mm&r=g\",\"contentUrl\":\"https:\\\/\\\/secure.gravatar.com\\\/avatar\\\/90afa2d6499550218d247408758082af566e5ec3641e1b8eac0d7bb889344a55?s=96&d=mm&r=g\",\"caption\":\"Javier Torres\"},\"url\":\"https:\\\/\\\/www.inmsol.com\\\/pl\\\/author\\\/javier\\\/\"}]}<\/script>\n<!-- \/ Yoast SEO plugin. -->","yoast_head_json":{"title":"La Movida Madrile\u00f1a (pl. \u201eruch\/scena\/hulanka madrycka\u201d) &#8226; iNMSOL","description":"La Movida Madrile\u00f1a. kr\u00f3tka historia p\u00f3\u017anych lat '70\/wczesnych lat '80 ruchu artystycznego i zmian socjo-kulturalnych, kt\u00f3re zasz\u0142y w Hiszpanii po \u015bmierci genera\u0142a Franco i po obaleniu dyktatury.","robots":{"index":"index","follow":"follow","max-snippet":"max-snippet:-1","max-image-preview":"max-image-preview:large","max-video-preview":"max-video-preview:-1"},"canonical":"https:\/\/www.inmsol.com\/pl\/sin-categoria-pl\/la-movida-madrilena-pl-ruchscenahulanka-madrycka\/","og_locale":"pl_PL","og_type":"article","og_title":"La Movida Madrile\u00f1a (pl. \u201eruch\/scena\/hulanka madrycka\u201d) &#8226; iNMSOL","og_description":"La Movida Madrile\u00f1a. kr\u00f3tka historia p\u00f3\u017anych lat '70\/wczesnych lat '80 ruchu artystycznego i zmian socjo-kulturalnych, kt\u00f3re zasz\u0142y w Hiszpanii po \u015bmierci genera\u0142a Franco i po obaleniu dyktatury.","og_url":"https:\/\/www.inmsol.com\/pl\/sin-categoria-pl\/la-movida-madrilena-pl-ruchscenahulanka-madrycka\/","og_site_name":"iNMSOL","article_publisher":"https:\/\/www.facebook.com\/spanishcourses","article_published_time":"2011-12-02T10:01:58+00:00","article_modified_time":"2022-05-12T08:14:10+00:00","og_image":[{"width":320,"height":154,"url":"https:\/\/www.inmsol.com\/wp-content\/uploads\/2019\/08\/logo-inmsol.png","type":"image\/png"}],"author":"Javier Torres","twitter_misc":{"Napisane przez":"Javier Torres","Szacowany czas czytania":"4 minuty"},"schema":{"@context":"https:\/\/schema.org","@graph":[{"@type":"Article","@id":"https:\/\/www.inmsol.com\/pl\/sin-categoria-pl\/la-movida-madrilena-pl-ruchscenahulanka-madrycka\/#article","isPartOf":{"@id":"https:\/\/www.inmsol.com\/pl\/sin-categoria-pl\/la-movida-madrilena-pl-ruchscenahulanka-madrycka\/"},"author":{"name":"Javier Torres","@id":"https:\/\/www.inmsol.com\/pl\/#\/schema\/person\/18f18acd0397ef441e373e79ec3eb6ea"},"headline":"La Movida Madrile\u00f1a (pl. \u201eruch\/scena\/hulanka madrycka\u201d)","datePublished":"2011-12-02T10:01:58+00:00","dateModified":"2022-05-12T08:14:10+00:00","mainEntityOfPage":{"@id":"https:\/\/www.inmsol.com\/pl\/sin-categoria-pl\/la-movida-madrilena-pl-ruchscenahulanka-madrycka\/"},"wordCount":896,"publisher":{"@id":"https:\/\/www.inmsol.com\/pl\/#organization"},"articleSection":["Blog w j\u0119zyku polskim"],"inLanguage":"pl-PL"},{"@type":"WebPage","@id":"https:\/\/www.inmsol.com\/pl\/sin-categoria-pl\/la-movida-madrilena-pl-ruchscenahulanka-madrycka\/","url":"https:\/\/www.inmsol.com\/pl\/sin-categoria-pl\/la-movida-madrilena-pl-ruchscenahulanka-madrycka\/","name":"La Movida Madrile\u00f1a (pl. \u201eruch\/scena\/hulanka madrycka\u201d) &#8226; iNMSOL","isPartOf":{"@id":"https:\/\/www.inmsol.com\/pl\/#website"},"datePublished":"2011-12-02T10:01:58+00:00","dateModified":"2022-05-12T08:14:10+00:00","description":"La Movida Madrile\u00f1a. kr\u00f3tka historia p\u00f3\u017anych lat '70\/wczesnych lat '80 ruchu artystycznego i zmian socjo-kulturalnych, kt\u00f3re zasz\u0142y w Hiszpanii po \u015bmierci genera\u0142a Franco i po obaleniu dyktatury.","breadcrumb":{"@id":"https:\/\/www.inmsol.com\/pl\/sin-categoria-pl\/la-movida-madrilena-pl-ruchscenahulanka-madrycka\/#breadcrumb"},"inLanguage":"pl-PL","potentialAction":[{"@type":"ReadAction","target":["https:\/\/www.inmsol.com\/pl\/sin-categoria-pl\/la-movida-madrilena-pl-ruchscenahulanka-madrycka\/"]}]},{"@type":"BreadcrumbList","@id":"https:\/\/www.inmsol.com\/pl\/sin-categoria-pl\/la-movida-madrilena-pl-ruchscenahulanka-madrycka\/#breadcrumb","itemListElement":[{"@type":"ListItem","position":1,"name":"Accredited Center by Instituto Cervantes","item":"https:\/\/www.inmsol.com\/pl\/pagina-ejemplo\/"},{"@type":"ListItem","position":2,"name":"Blog w j\u0119zyku polskim","item":"https:\/\/www.inmsol.com\/pl\/category\/sin-categoria-pl\/"},{"@type":"ListItem","position":3,"name":"La Movida Madrile\u00f1a (pl. \u201eruch\/scena\/hulanka madrycka\u201d)"}]},{"@type":"WebSite","@id":"https:\/\/www.inmsol.com\/pl\/#website","url":"https:\/\/www.inmsol.com\/pl\/","name":"iNMSOL","description":"Learn Spanish with Us | Cervantes acredited Learning Centre","publisher":{"@id":"https:\/\/www.inmsol.com\/pl\/#organization"},"potentialAction":[{"@type":"SearchAction","target":{"@type":"EntryPoint","urlTemplate":"https:\/\/www.inmsol.com\/pl\/?s={search_term_string}"},"query-input":{"@type":"PropertyValueSpecification","valueRequired":true,"valueName":"search_term_string"}}],"inLanguage":"pl-PL"},{"@type":"Organization","@id":"https:\/\/www.inmsol.com\/pl\/#organization","name":"Instituto Mediterr\u00e1neo Sol","url":"https:\/\/www.inmsol.com\/pl\/","logo":{"@type":"ImageObject","inLanguage":"pl-PL","@id":"https:\/\/www.inmsol.com\/pl\/#\/schema\/logo\/image\/","url":"https:\/\/www.inmsol.com\/wp-content\/uploads\/2023\/06\/logo-inmsol-1.png","contentUrl":"https:\/\/www.inmsol.com\/wp-content\/uploads\/2023\/06\/logo-inmsol-1.png","width":136,"height":73,"caption":"Instituto Mediterr\u00e1neo Sol"},"image":{"@id":"https:\/\/www.inmsol.com\/pl\/#\/schema\/logo\/image\/"},"sameAs":["https:\/\/www.facebook.com\/spanishcourses","https:\/\/x.com\/StudyInGranada","http:\/\/instagram.com\/imsolgranada","https:\/\/es.linkedin.com\/company\/imsol-granada","https:\/\/www.pinterest.es\/inmsol\/","https:\/\/www.youtube.com\/channel\/UChz-Qn_7coFMosY85iYMO4g"]},{"@type":"Person","@id":"https:\/\/www.inmsol.com\/pl\/#\/schema\/person\/18f18acd0397ef441e373e79ec3eb6ea","name":"Javier Torres","image":{"@type":"ImageObject","inLanguage":"pl-PL","@id":"https:\/\/secure.gravatar.com\/avatar\/90afa2d6499550218d247408758082af566e5ec3641e1b8eac0d7bb889344a55?s=96&d=mm&r=g","url":"https:\/\/secure.gravatar.com\/avatar\/90afa2d6499550218d247408758082af566e5ec3641e1b8eac0d7bb889344a55?s=96&d=mm&r=g","contentUrl":"https:\/\/secure.gravatar.com\/avatar\/90afa2d6499550218d247408758082af566e5ec3641e1b8eac0d7bb889344a55?s=96&d=mm&r=g","caption":"Javier Torres"},"url":"https:\/\/www.inmsol.com\/pl\/author\/javier\/"}]}},"_links":{"self":[{"href":"https:\/\/www.inmsol.com\/pl\/wp-json\/wp\/v2\/posts\/932","targetHints":{"allow":["GET"]}}],"collection":[{"href":"https:\/\/www.inmsol.com\/pl\/wp-json\/wp\/v2\/posts"}],"about":[{"href":"https:\/\/www.inmsol.com\/pl\/wp-json\/wp\/v2\/types\/post"}],"author":[{"embeddable":true,"href":"https:\/\/www.inmsol.com\/pl\/wp-json\/wp\/v2\/users\/2"}],"replies":[{"embeddable":true,"href":"https:\/\/www.inmsol.com\/pl\/wp-json\/wp\/v2\/comments?post=932"}],"version-history":[{"count":0,"href":"https:\/\/www.inmsol.com\/pl\/wp-json\/wp\/v2\/posts\/932\/revisions"}],"wp:attachment":[{"href":"https:\/\/www.inmsol.com\/pl\/wp-json\/wp\/v2\/media?parent=932"}],"wp:term":[{"taxonomy":"category","embeddable":true,"href":"https:\/\/www.inmsol.com\/pl\/wp-json\/wp\/v2\/categories?post=932"},{"taxonomy":"post_tag","embeddable":true,"href":"https:\/\/www.inmsol.com\/pl\/wp-json\/wp\/v2\/tags?post=932"}],"curies":[{"name":"wp","href":"https:\/\/api.w.org\/{rel}","templated":true}]}}