{"id":936,"date":"2011-12-02T11:15:45","date_gmt":"2011-12-02T11:15:45","guid":{"rendered":"https:\/\/www.inmsol.com\/"},"modified":"2013-05-19T16:30:57","modified_gmt":"2013-05-19T16:30:57","slug":"katedra-w-barcelonie-hiszpla-catedral-del-mar","status":"publish","type":"post","link":"https:\/\/www.inmsol.com\/pl\/sin-categoria-pl\/katedra-w-barcelonie-hiszpla-catedral-del-mar\/","title":{"rendered":"Katedra w Barcelonie (hiszp.La catedral del mar)"},"content":{"rendered":"<p><strong>Katedra w Barcelonie<\/strong> (tytu\u0142 orygina\u0142u:<strong> La catedral del mar<\/strong>) to powie\u015b\u0107 historyczna autorstwa hiszpa\u0144skiego pisarza Ildefonsa Falconesa. Jest to debiutancka powie\u015b\u0107 tego autora, nad kt\u00f3r\u0105 Ildefonso Falcones pracowa\u0142 przez 5 lat badaj\u0105c \u017ar\u00f3d\u0142a historyczne, z kt\u00f3rych najwa\u017cniejszym by\u0142a kronika Piotra III. Akcja utworu rozgrywa si\u0119 w XIV-wiecznym Ksi\u0119stwie Katalonii, g\u0142\u00f3wnie w jego stolicy &#8211; Barcelonie, gdzie przez ca\u0142y czas trwania powie\u015bci budowana jest tytu\u0142owa katedra Santa Mar\u00eda del Mar.<\/p>\n<p>Fabu\u0142a powie\u015bci podzielona jest na cztery cz\u0119\u015bci: S\u0142udzy Ziemi, S\u0142udzy Mo\u017cnych, S\u0142udzy Nami\u0119tno\u015bci i S\u0142udzy Przeznaczenia. Ka\u017cda z cz\u0119\u015bci przedstawia poszczeg\u00f3lne epizody z \u017cycia Arnaua Estanyola, syna uciekaj\u0105cego ch\u0142opa pa\u0144szczy\u017anianego, kt\u00f3ry poprzez liczne koleje losu przemienia si\u0119 z ubogiego tragarza w konsula morskiego zarz\u0105dzaj\u0105cym sprawami handlowymi ca\u0142ej Barcelony. W powie\u015bci poruszane s\u0105 w\u0105tki zwi\u0105zane s\u0105 z moralno\u015bci\u0105 chrze\u015bcija\u0144sk\u0105, a tak\u017ce ukazane s\u0105 r\u00f3\u017cne postawy ludzkie zmieniaj\u0105ce si\u0119 pod wp\u0142ywem sytuacji zar\u00f3wno duchownej jak i materialnej.<\/p>\n<p><!--break--><\/p>\n<p>\u00a0<\/p>\n<p>Wa\u017cniejsze postaci<\/p>\n<p>Bernat Estanyol &#8211; ch\u0142op pa\u0144szczy\u017aniany, ojciec Arnaua, kt\u00f3ry ucieka do Barcelony w celu uwolnienia si\u0119 od jarzma feudalizmu. Ginie podczas protest\u00f3w biedoty w Barcelonie.<\/p>\n<p>Arnau Estanyol \u2013 syn Bernata. W wyniku licznych kolei losu staje si\u0119 tragarzem z bractwa Bastaixos pracuj\u0105cych przy budowie katedry. Cz\u0142owiek wielu zawod\u00f3w: \u017co\u0142nierz w s\u0142u\u017cbie Barcelony, kupiec i bankier, a nawet mo\u017cnow\u0142adca zarz\u0105dzaj\u0105cy niema\u0142ym baronostwem. G\u0142\u00f3wna posta\u0107 powie\u015bci. Szczeg\u00f3lnie rozmi\u0142owa\u0142 si\u0119 w Madonnie znajduj\u0105cej si\u0119 w katedrze, gdy\u017c nigdy nie pozna\u0142 w\u0142asnej matki.<\/p>\n<p>Franceska Estanyol \u2013 matka Arnaua. W wyniku dramatycznych wydarze\u0144 staje si\u0119 do ko\u0144ca \u017cycia prostytutk\u0105. Skazana na \u015bmier\u0107 przez inkwizycj\u0119 za czary i pokrewie\u0144stwo z Arnauem, (kt\u00f3rego z kolei pos\u0105dzono za domniemane wsp\u00f3\u0142\u017cycie z \u017byd\u00f3wk\u0105). Uratowana przez lud Barcelony, nie przyznaje si\u0119 do bycia matk\u0105 Arnaua.<\/p>\n<p>Joan Estanyol \u2013 przybrany brat Arnaua b\u0119d\u0105cy jego najlepszym przyjacielem. Ju\u017c jako dziecko zostaje przyj\u0119ty do przyko\u015bcielnej szk\u00f3\u0142ki, gdzie jest najlepszym uczniem. Dzi\u0119ki dobrym wynikom w nauce, uyzyskuje sfinansowanie studi\u00f3w zagranicznych (g\u0142\u00f3wnie we W\u0142oszech i Francji), gdzie przyjmuje \u015bwi\u0119cenia kap\u0142a\u0144skie. Po powrocie zmienia si\u0119 nie do poznania, staje si\u0119 surowy i ponury, a przy tym przez zazdro\u015b\u0107 post\u0119puje na z\u0142o\u015b\u0107 Arnauowi. Pod koniec powie\u015bci staje si\u0119 inkwizytorem. Widz\u0105c swe grzechy wobec brata pope\u0142nia samob\u00f3jstwo przez podpalenie.<\/p>\n<p>Sahat \u2013 Maur, muzu\u0142manin do ko\u0144ca wierny swej rodzimej religii, mimo i\u017c jako niewolnik Arnaua ochrzci\u0142 si\u0119 i przybra\u0142 imi\u0119 Guillem. Pocz\u0105tkowo niewolnik Hasdaia, \u017cydowskiego kupca, potem samego Arnaua, a w ko\u0144cu wolny cz\u0142owiek i obywatel Barcelony. Wierny przyjaciel Arnaua s\u0142u\u017c\u0105cy mu rad\u0105 w sprawach finansowych i ekonomicznych.<\/p>\n<p>Hasdai \u2013 \u017byd, kupiec i bankier mieszkaj\u0105cy w \u017cydowskim getcie w mie\u015bcie Barcelona. Staje si\u0119 jednym z dobrych przyjaci\u00f3\u0142 Arnaua, od kiedy ten ratuje \u017cycie jego dzieci. Pomaga mu w utworzeniu jego w\u0142asnego kantoru oraz prze\u0142amuje negatywne stereotypy dotycz\u0105ce \u017byd\u00f3w. Ginie na stosie oskar\u017cony o zbezczeszczenie hostii.<\/p>\n<p>\u00a0<\/p>\n","protected":false},"excerpt":{"rendered":"<p>Katedra w Barcelonie (tytu\u0142 orygina\u0142u: La catedral del mar) to powie\u015b\u0107 historyczna autorstwa hiszpa\u0144skiego pisarza Ildefonsa Falconesa. Jest to debiutancka powie\u015b\u0107 tego autora, nad kt\u00f3r\u0105 Ildefonso Falcones pracowa\u0142 przez 5 lat badaj\u0105c \u017ar\u00f3d\u0142a historyczne, z kt\u00f3rych najwa\u017cniejszym by\u0142a kronika Piotra III. Akcja utworu rozgrywa si\u0119&#8230;<\/p>\n","protected":false},"author":2,"featured_media":0,"comment_status":"closed","ping_status":"closed","sticky":false,"template":"","format":"standard","meta":{"_acf_changed":false,"footnotes":""},"categories":[11],"tags":[],"class_list":["post-936","post","type-post","status-publish","format-standard","hentry","category-sin-categoria-pl"],"acf":[],"yoast_head":"<!-- This site is optimized with the Yoast SEO plugin v27.5 - https:\/\/yoast.com\/product\/yoast-seo-wordpress\/ -->\n<title>Katedra w Barcelonie (hiszp.La catedral del mar) &#8226; iNMSOL<\/title>\n<meta name=\"description\" content=\"Katedra w Barcelonie\" \/>\n<meta name=\"robots\" content=\"index, follow, max-snippet:-1, max-image-preview:large, max-video-preview:-1\" \/>\n<link rel=\"canonical\" href=\"https:\/\/www.inmsol.com\/pl\/sin-categoria-pl\/katedra-w-barcelonie-hiszpla-catedral-del-mar\/\" \/>\n<meta property=\"og:locale\" content=\"pl_PL\" \/>\n<meta property=\"og:type\" content=\"article\" \/>\n<meta property=\"og:title\" content=\"Katedra w Barcelonie (hiszp.La catedral del mar) &#8226; iNMSOL\" \/>\n<meta property=\"og:description\" content=\"Katedra w Barcelonie\" \/>\n<meta property=\"og:url\" content=\"https:\/\/www.inmsol.com\/pl\/sin-categoria-pl\/katedra-w-barcelonie-hiszpla-catedral-del-mar\/\" \/>\n<meta property=\"og:site_name\" content=\"iNMSOL\" \/>\n<meta property=\"article:publisher\" content=\"https:\/\/www.facebook.com\/spanishcourses\" \/>\n<meta property=\"article:published_time\" content=\"2011-12-02T11:15:45+00:00\" \/>\n<meta property=\"article:modified_time\" content=\"2013-05-19T16:30:57+00:00\" \/>\n<meta property=\"og:image\" content=\"https:\/\/www.inmsol.com\/wp-content\/uploads\/2019\/08\/logo-inmsol.png\" \/>\n\t<meta property=\"og:image:width\" content=\"320\" \/>\n\t<meta property=\"og:image:height\" content=\"154\" \/>\n\t<meta property=\"og:image:type\" content=\"image\/png\" \/>\n<meta name=\"author\" content=\"Javier Torres\" \/>\n<meta name=\"twitter:label1\" content=\"Napisane przez\" \/>\n\t<meta name=\"twitter:data1\" content=\"Javier Torres\" \/>\n\t<meta name=\"twitter:label2\" content=\"Szacowany czas czytania\" \/>\n\t<meta name=\"twitter:data2\" content=\"3 minuty\" \/>\n<script type=\"application\/ld+json\" class=\"yoast-schema-graph\">{\"@context\":\"https:\\\/\\\/schema.org\",\"@graph\":[{\"@type\":\"Article\",\"@id\":\"https:\\\/\\\/www.inmsol.com\\\/pl\\\/sin-categoria-pl\\\/katedra-w-barcelonie-hiszpla-catedral-del-mar\\\/#article\",\"isPartOf\":{\"@id\":\"https:\\\/\\\/www.inmsol.com\\\/pl\\\/sin-categoria-pl\\\/katedra-w-barcelonie-hiszpla-catedral-del-mar\\\/\"},\"author\":{\"name\":\"Javier Torres\",\"@id\":\"https:\\\/\\\/www.inmsol.com\\\/pl\\\/#\\\/schema\\\/person\\\/18f18acd0397ef441e373e79ec3eb6ea\"},\"headline\":\"Katedra w Barcelonie (hiszp.La catedral del mar)\",\"datePublished\":\"2011-12-02T11:15:45+00:00\",\"dateModified\":\"2013-05-19T16:30:57+00:00\",\"mainEntityOfPage\":{\"@id\":\"https:\\\/\\\/www.inmsol.com\\\/pl\\\/sin-categoria-pl\\\/katedra-w-barcelonie-hiszpla-catedral-del-mar\\\/\"},\"wordCount\":551,\"publisher\":{\"@id\":\"https:\\\/\\\/www.inmsol.com\\\/pl\\\/#organization\"},\"articleSection\":[\"Blog w j\u0119zyku polskim\"],\"inLanguage\":\"pl-PL\"},{\"@type\":\"WebPage\",\"@id\":\"https:\\\/\\\/www.inmsol.com\\\/pl\\\/sin-categoria-pl\\\/katedra-w-barcelonie-hiszpla-catedral-del-mar\\\/\",\"url\":\"https:\\\/\\\/www.inmsol.com\\\/pl\\\/sin-categoria-pl\\\/katedra-w-barcelonie-hiszpla-catedral-del-mar\\\/\",\"name\":\"Katedra w Barcelonie (hiszp.La catedral del mar) &#8226; iNMSOL\",\"isPartOf\":{\"@id\":\"https:\\\/\\\/www.inmsol.com\\\/pl\\\/#website\"},\"datePublished\":\"2011-12-02T11:15:45+00:00\",\"dateModified\":\"2013-05-19T16:30:57+00:00\",\"description\":\"Katedra w Barcelonie\",\"breadcrumb\":{\"@id\":\"https:\\\/\\\/www.inmsol.com\\\/pl\\\/sin-categoria-pl\\\/katedra-w-barcelonie-hiszpla-catedral-del-mar\\\/#breadcrumb\"},\"inLanguage\":\"pl-PL\",\"potentialAction\":[{\"@type\":\"ReadAction\",\"target\":[\"https:\\\/\\\/www.inmsol.com\\\/pl\\\/sin-categoria-pl\\\/katedra-w-barcelonie-hiszpla-catedral-del-mar\\\/\"]}]},{\"@type\":\"BreadcrumbList\",\"@id\":\"https:\\\/\\\/www.inmsol.com\\\/pl\\\/sin-categoria-pl\\\/katedra-w-barcelonie-hiszpla-catedral-del-mar\\\/#breadcrumb\",\"itemListElement\":[{\"@type\":\"ListItem\",\"position\":1,\"name\":\"Accredited Center by Instituto Cervantes\",\"item\":\"https:\\\/\\\/www.inmsol.com\\\/pl\\\/pagina-ejemplo\\\/\"},{\"@type\":\"ListItem\",\"position\":2,\"name\":\"Blog w j\u0119zyku polskim\",\"item\":\"https:\\\/\\\/www.inmsol.com\\\/pl\\\/category\\\/sin-categoria-pl\\\/\"},{\"@type\":\"ListItem\",\"position\":3,\"name\":\"Katedra w Barcelonie (hiszp.La catedral del mar)\"}]},{\"@type\":\"WebSite\",\"@id\":\"https:\\\/\\\/www.inmsol.com\\\/pl\\\/#website\",\"url\":\"https:\\\/\\\/www.inmsol.com\\\/pl\\\/\",\"name\":\"iNMSOL\",\"description\":\"Learn Spanish with Us | Cervantes acredited Learning Centre\",\"publisher\":{\"@id\":\"https:\\\/\\\/www.inmsol.com\\\/pl\\\/#organization\"},\"potentialAction\":[{\"@type\":\"SearchAction\",\"target\":{\"@type\":\"EntryPoint\",\"urlTemplate\":\"https:\\\/\\\/www.inmsol.com\\\/pl\\\/?s={search_term_string}\"},\"query-input\":{\"@type\":\"PropertyValueSpecification\",\"valueRequired\":true,\"valueName\":\"search_term_string\"}}],\"inLanguage\":\"pl-PL\"},{\"@type\":\"Organization\",\"@id\":\"https:\\\/\\\/www.inmsol.com\\\/pl\\\/#organization\",\"name\":\"Instituto Mediterr\u00e1neo Sol\",\"url\":\"https:\\\/\\\/www.inmsol.com\\\/pl\\\/\",\"logo\":{\"@type\":\"ImageObject\",\"inLanguage\":\"pl-PL\",\"@id\":\"https:\\\/\\\/www.inmsol.com\\\/pl\\\/#\\\/schema\\\/logo\\\/image\\\/\",\"url\":\"https:\\\/\\\/www.inmsol.com\\\/wp-content\\\/uploads\\\/2023\\\/06\\\/logo-inmsol-1.png\",\"contentUrl\":\"https:\\\/\\\/www.inmsol.com\\\/wp-content\\\/uploads\\\/2023\\\/06\\\/logo-inmsol-1.png\",\"width\":136,\"height\":73,\"caption\":\"Instituto Mediterr\u00e1neo Sol\"},\"image\":{\"@id\":\"https:\\\/\\\/www.inmsol.com\\\/pl\\\/#\\\/schema\\\/logo\\\/image\\\/\"},\"sameAs\":[\"https:\\\/\\\/www.facebook.com\\\/spanishcourses\",\"https:\\\/\\\/x.com\\\/StudyInGranada\",\"http:\\\/\\\/instagram.com\\\/imsolgranada\",\"https:\\\/\\\/es.linkedin.com\\\/company\\\/imsol-granada\",\"https:\\\/\\\/www.pinterest.es\\\/inmsol\\\/\",\"https:\\\/\\\/www.youtube.com\\\/channel\\\/UChz-Qn_7coFMosY85iYMO4g\"]},{\"@type\":\"Person\",\"@id\":\"https:\\\/\\\/www.inmsol.com\\\/pl\\\/#\\\/schema\\\/person\\\/18f18acd0397ef441e373e79ec3eb6ea\",\"name\":\"Javier Torres\",\"image\":{\"@type\":\"ImageObject\",\"inLanguage\":\"pl-PL\",\"@id\":\"https:\\\/\\\/secure.gravatar.com\\\/avatar\\\/90afa2d6499550218d247408758082af566e5ec3641e1b8eac0d7bb889344a55?s=96&d=mm&r=g\",\"url\":\"https:\\\/\\\/secure.gravatar.com\\\/avatar\\\/90afa2d6499550218d247408758082af566e5ec3641e1b8eac0d7bb889344a55?s=96&d=mm&r=g\",\"contentUrl\":\"https:\\\/\\\/secure.gravatar.com\\\/avatar\\\/90afa2d6499550218d247408758082af566e5ec3641e1b8eac0d7bb889344a55?s=96&d=mm&r=g\",\"caption\":\"Javier Torres\"},\"url\":\"https:\\\/\\\/www.inmsol.com\\\/pl\\\/author\\\/javier\\\/\"}]}<\/script>\n<!-- \/ Yoast SEO plugin. -->","yoast_head_json":{"title":"Katedra w Barcelonie (hiszp.La catedral del mar) &#8226; iNMSOL","description":"Katedra w Barcelonie","robots":{"index":"index","follow":"follow","max-snippet":"max-snippet:-1","max-image-preview":"max-image-preview:large","max-video-preview":"max-video-preview:-1"},"canonical":"https:\/\/www.inmsol.com\/pl\/sin-categoria-pl\/katedra-w-barcelonie-hiszpla-catedral-del-mar\/","og_locale":"pl_PL","og_type":"article","og_title":"Katedra w Barcelonie (hiszp.La catedral del mar) &#8226; iNMSOL","og_description":"Katedra w Barcelonie","og_url":"https:\/\/www.inmsol.com\/pl\/sin-categoria-pl\/katedra-w-barcelonie-hiszpla-catedral-del-mar\/","og_site_name":"iNMSOL","article_publisher":"https:\/\/www.facebook.com\/spanishcourses","article_published_time":"2011-12-02T11:15:45+00:00","article_modified_time":"2013-05-19T16:30:57+00:00","og_image":[{"width":320,"height":154,"url":"https:\/\/www.inmsol.com\/wp-content\/uploads\/2019\/08\/logo-inmsol.png","type":"image\/png"}],"author":"Javier Torres","twitter_misc":{"Napisane przez":"Javier Torres","Szacowany czas czytania":"3 minuty"},"schema":{"@context":"https:\/\/schema.org","@graph":[{"@type":"Article","@id":"https:\/\/www.inmsol.com\/pl\/sin-categoria-pl\/katedra-w-barcelonie-hiszpla-catedral-del-mar\/#article","isPartOf":{"@id":"https:\/\/www.inmsol.com\/pl\/sin-categoria-pl\/katedra-w-barcelonie-hiszpla-catedral-del-mar\/"},"author":{"name":"Javier Torres","@id":"https:\/\/www.inmsol.com\/pl\/#\/schema\/person\/18f18acd0397ef441e373e79ec3eb6ea"},"headline":"Katedra w Barcelonie (hiszp.La catedral del mar)","datePublished":"2011-12-02T11:15:45+00:00","dateModified":"2013-05-19T16:30:57+00:00","mainEntityOfPage":{"@id":"https:\/\/www.inmsol.com\/pl\/sin-categoria-pl\/katedra-w-barcelonie-hiszpla-catedral-del-mar\/"},"wordCount":551,"publisher":{"@id":"https:\/\/www.inmsol.com\/pl\/#organization"},"articleSection":["Blog w j\u0119zyku polskim"],"inLanguage":"pl-PL"},{"@type":"WebPage","@id":"https:\/\/www.inmsol.com\/pl\/sin-categoria-pl\/katedra-w-barcelonie-hiszpla-catedral-del-mar\/","url":"https:\/\/www.inmsol.com\/pl\/sin-categoria-pl\/katedra-w-barcelonie-hiszpla-catedral-del-mar\/","name":"Katedra w Barcelonie (hiszp.La catedral del mar) &#8226; iNMSOL","isPartOf":{"@id":"https:\/\/www.inmsol.com\/pl\/#website"},"datePublished":"2011-12-02T11:15:45+00:00","dateModified":"2013-05-19T16:30:57+00:00","description":"Katedra w Barcelonie","breadcrumb":{"@id":"https:\/\/www.inmsol.com\/pl\/sin-categoria-pl\/katedra-w-barcelonie-hiszpla-catedral-del-mar\/#breadcrumb"},"inLanguage":"pl-PL","potentialAction":[{"@type":"ReadAction","target":["https:\/\/www.inmsol.com\/pl\/sin-categoria-pl\/katedra-w-barcelonie-hiszpla-catedral-del-mar\/"]}]},{"@type":"BreadcrumbList","@id":"https:\/\/www.inmsol.com\/pl\/sin-categoria-pl\/katedra-w-barcelonie-hiszpla-catedral-del-mar\/#breadcrumb","itemListElement":[{"@type":"ListItem","position":1,"name":"Accredited Center by Instituto Cervantes","item":"https:\/\/www.inmsol.com\/pl\/pagina-ejemplo\/"},{"@type":"ListItem","position":2,"name":"Blog w j\u0119zyku polskim","item":"https:\/\/www.inmsol.com\/pl\/category\/sin-categoria-pl\/"},{"@type":"ListItem","position":3,"name":"Katedra w Barcelonie (hiszp.La catedral del mar)"}]},{"@type":"WebSite","@id":"https:\/\/www.inmsol.com\/pl\/#website","url":"https:\/\/www.inmsol.com\/pl\/","name":"iNMSOL","description":"Learn Spanish with Us | Cervantes acredited Learning Centre","publisher":{"@id":"https:\/\/www.inmsol.com\/pl\/#organization"},"potentialAction":[{"@type":"SearchAction","target":{"@type":"EntryPoint","urlTemplate":"https:\/\/www.inmsol.com\/pl\/?s={search_term_string}"},"query-input":{"@type":"PropertyValueSpecification","valueRequired":true,"valueName":"search_term_string"}}],"inLanguage":"pl-PL"},{"@type":"Organization","@id":"https:\/\/www.inmsol.com\/pl\/#organization","name":"Instituto Mediterr\u00e1neo Sol","url":"https:\/\/www.inmsol.com\/pl\/","logo":{"@type":"ImageObject","inLanguage":"pl-PL","@id":"https:\/\/www.inmsol.com\/pl\/#\/schema\/logo\/image\/","url":"https:\/\/www.inmsol.com\/wp-content\/uploads\/2023\/06\/logo-inmsol-1.png","contentUrl":"https:\/\/www.inmsol.com\/wp-content\/uploads\/2023\/06\/logo-inmsol-1.png","width":136,"height":73,"caption":"Instituto Mediterr\u00e1neo Sol"},"image":{"@id":"https:\/\/www.inmsol.com\/pl\/#\/schema\/logo\/image\/"},"sameAs":["https:\/\/www.facebook.com\/spanishcourses","https:\/\/x.com\/StudyInGranada","http:\/\/instagram.com\/imsolgranada","https:\/\/es.linkedin.com\/company\/imsol-granada","https:\/\/www.pinterest.es\/inmsol\/","https:\/\/www.youtube.com\/channel\/UChz-Qn_7coFMosY85iYMO4g"]},{"@type":"Person","@id":"https:\/\/www.inmsol.com\/pl\/#\/schema\/person\/18f18acd0397ef441e373e79ec3eb6ea","name":"Javier Torres","image":{"@type":"ImageObject","inLanguage":"pl-PL","@id":"https:\/\/secure.gravatar.com\/avatar\/90afa2d6499550218d247408758082af566e5ec3641e1b8eac0d7bb889344a55?s=96&d=mm&r=g","url":"https:\/\/secure.gravatar.com\/avatar\/90afa2d6499550218d247408758082af566e5ec3641e1b8eac0d7bb889344a55?s=96&d=mm&r=g","contentUrl":"https:\/\/secure.gravatar.com\/avatar\/90afa2d6499550218d247408758082af566e5ec3641e1b8eac0d7bb889344a55?s=96&d=mm&r=g","caption":"Javier Torres"},"url":"https:\/\/www.inmsol.com\/pl\/author\/javier\/"}]}},"_links":{"self":[{"href":"https:\/\/www.inmsol.com\/pl\/wp-json\/wp\/v2\/posts\/936","targetHints":{"allow":["GET"]}}],"collection":[{"href":"https:\/\/www.inmsol.com\/pl\/wp-json\/wp\/v2\/posts"}],"about":[{"href":"https:\/\/www.inmsol.com\/pl\/wp-json\/wp\/v2\/types\/post"}],"author":[{"embeddable":true,"href":"https:\/\/www.inmsol.com\/pl\/wp-json\/wp\/v2\/users\/2"}],"replies":[{"embeddable":true,"href":"https:\/\/www.inmsol.com\/pl\/wp-json\/wp\/v2\/comments?post=936"}],"version-history":[{"count":0,"href":"https:\/\/www.inmsol.com\/pl\/wp-json\/wp\/v2\/posts\/936\/revisions"}],"wp:attachment":[{"href":"https:\/\/www.inmsol.com\/pl\/wp-json\/wp\/v2\/media?parent=936"}],"wp:term":[{"taxonomy":"category","embeddable":true,"href":"https:\/\/www.inmsol.com\/pl\/wp-json\/wp\/v2\/categories?post=936"},{"taxonomy":"post_tag","embeddable":true,"href":"https:\/\/www.inmsol.com\/pl\/wp-json\/wp\/v2\/tags?post=936"}],"curies":[{"name":"wp","href":"https:\/\/api.w.org\/{rel}","templated":true}]}}