{"id":943,"date":"2011-12-05T13:03:46","date_gmt":"2011-12-05T13:03:46","guid":{"rendered":"https:\/\/www.inmsol.com\/"},"modified":"2013-05-19T19:04:19","modified_gmt":"2013-05-19T19:04:19","slug":"mario-vargas-llosa","status":"publish","type":"post","link":"https:\/\/www.inmsol.com\/pl\/sin-categoria-pl\/mario-vargas-llosa\/","title":{"rendered":"MARIO VARGAS LLOSA"},"content":{"rendered":"<p class=\"rtecenter\"><span style=\"font-family: arial, sans-serif; font-size: 13px;\"> \u00a0<\/span><\/p>\n<p>\u00a0<\/p>\n<p>Jorge Mario Pedro Vargas Llosa Marqu\u00e9s de Vargas Llosa znany jako <strong>Mario Vargas Llosa <\/strong>(ur. 28 marca 1936 w Arequipie) \u2013 peruwia\u0144ski pisarz, dziennikarz, my\u015bliciel, polityk. Laureat Nagrody Nobla w dziedzinie literatury w 2010 r.<\/p>\n<p><!--break--><\/p>\n<p><u><strong>Biografia<\/strong><\/u><\/p>\n<p>\u00a0<\/p>\n<p>Urodzi\u0142 si\u0119 w Arequipie w Peru jako jedyne dziecko Ernesto Vargasa Maldonado oraz Dory Llosa Ureta.<\/p>\n<p>W rok po urodzeniu jego rodzice rozwiedli si\u0119, a rodzina Llos\u00f3w przenios\u0142a si\u0119 do Cochabamby w Boliwii, gdzie jego dziadek Pedro Llosa podpisa\u0142 10-letni kontrakt na upraw\u0119 ziemi w hacjendzie Siapina (mieszkaj\u0105c w Boliwii pe\u0142ni\u0142 tak\u017ce funkcj\u0119 honorowego konsula Peru). W 1945 r. Jos\u00e9 Luis Bustamante y Rivero, krewny dziadka Pedra, zosta\u0142 wybrany na stanowisko prezydenta Peru. Zaproponowa\u0142 Pedro Llosie stanowisko prefekta Piury, kt\u00f3re przyj\u0105\u0142 natychmiast si\u0119 tam udaj\u0105c. Reszta rodziny do\u0142\u0105czy\u0142a do niego na prze\u0142omie 1945\/46. W 1947 r. jego rodzice ponownie wzi\u0119li \u015blub i przenie\u015bli si\u0119 do Limy.<\/p>\n<p>B\u0119d\u0105c m\u0142odzie\u0144cem zacz\u0105\u0142 pisa\u0107 opowiadania i poezje. W zdominowanym przez m\u0119sk\u0105 si\u0142\u0119 spo\u0142ecze\u0144stwie (kult macho) literatura uznawana by\u0142a za domen\u0119 kobiet. Ojciec Mario Vargasa Llosy, zaniepokojony zainteresowaniami syna, wys\u0142a\u0142 czternastolatka do szko\u0142y kadet\u00f3w Colegio Militar Leoncio Prado w Limie, maj\u0105c nadziej\u0119, \u017ce wojskowe \u017cycie zmieni jego zainteresowania. Prze\u017cycia pisarza z okresu pobytu w szkole by\u0142y podstaw\u0105 jego pierwszej powie\u015bci Miasto i psy. Po dw\u00f3ch latach w szkole wojskowej wr\u00f3ci\u0142 do Piury, \u017ceby doko\u0144czy\u0107 szko\u0142\u0119 \u015bredni\u0105. Obserwacja tego miasta zaowocowa\u0142a powie\u015bci\u0105 Zielony dom. W czasie nauki Mario Vargas Llosa zacz\u0105\u0142 pracowa\u0107 w lokalnej gazecie. Jeszcze przed uko\u0144czeniem szko\u0142y \u015bredniej napisa\u0142 opowiadanie Los jefes i rozpocz\u0105\u0142 prac\u0119 nad swym pierwszym dramatem scenicznym La Huida del Inca.<\/p>\n<p>W 1953 rozpocz\u0105\u0142 studia na wydziale humanistycznym Uniwersytetu \u015awi\u0119tego Marka w Limie. Jego decyzja przyj\u0119ta zosta\u0142a w rodzinie jako rebelia, gdy\u017c odrzuci\u0142 on ofert\u0119 studi\u00f3w na Pontyfikalnym Uniwersytecie Katolickim Peru, do kt\u00f3rego ucz\u0119szcza\u0142a m\u0142odzie\u017c pochodz\u0105ca z klas wy\u017cszych. W 1955 roku, w atmosferze skandalu obyczajowego, po\u015blubi\u0142 Juli\u0119 Urquidi, sw\u0105 dalek\u0105 ciotk\u0119, starsz\u0105 od siebie o 10 lat (zm. 10 marca 2010 w Santa Cruz, w Boliwii). Swe przygody z tego okresu przedstawi\u0142 w humorystycznej powie\u015bci Ciotka Julia i skryba \u2013 autobiograficznym dziele pisarza. Po uko\u0144czeniu studi\u00f3w pracowa\u0142 w kilku miejscach jednocze\u015bnie, mi\u0119dzy innymi redaguj\u0105c kronik\u0119 policyjn\u0105 dla lokalnej gazety i pisz\u0105c skrypty do audycji radiowych. Jego pierwsz\u0105 opublikowan\u0105 informacj\u0105 prasow\u0105 by\u0142a depesza w dzienniku &#8222;La Prensa&#8221;.<\/p>\n<p>W 1959 Vargas Llosa wraz z \u017con\u0105 przeni\u00f3s\u0142 si\u0119 do Pary\u017ca, gdzie pracowa\u0142 jako nauczyciel hiszpa\u0144skiego i dziennikarz. W 1964 rozwi\u00f3d\u0142 si\u0119 z Juli\u0105 i w 1965 o\u017ceni\u0142 si\u0119 po raz drugi &#8211; z m\u0142odsz\u0105 kuzynk\u0105 Patrici\u0105 Llosa Urquidi. Z drug\u0105 \u017con\u0105 mia\u0142 troje dzieci: syna Alvaro (urodzony w 1966 roku), pisarza, drugiego syna Gonzalo (urodzony w 1967 roku) oraz c\u00f3rk\u0119 Morgan\u0119, fotografk\u0119 (urodzon\u0105 w 1974 roku). W 1966 przeni\u00f3s\u0142 si\u0119 z Pary\u017ca do Londynu, gdzie zacz\u0105\u0142 wyk\u0142ada\u0107 literatur\u0119 iberoameryka\u0144sk\u0105 na Queen Mary College. Jednocze\u015bnie zacz\u0105\u0142 si\u0119 udziela\u0107 w emigracyjnym \u017cyciu politycznym. W ca\u0142ym okresie swej emigracji pisa\u0142 powie\u015bci, przynosz\u0105ce mu \u015bwiatow\u0105 s\u0142aw\u0119 oraz zajmowa\u0142 si\u0119 studiami nad literatur\u0105 hiszpa\u0144sk\u0105.<\/p>\n<p>W 1990 Mario Vargas Llosa kandydowa\u0142 w wyborach na prezydenta Peru z ramienia liberalnego Ruchu Wolno\u015bci. W pierwszej turze g\u0142osowania, 8 kwietnia, nieznaczn\u0105 ilo\u015bci\u0105 g\u0142os\u00f3w wyprzedzi\u0142 Alberta Fujimori z sojusz wyborczego Cambio 90. Przegra\u0142 z nim w drugiej turze, kt\u00f3ra odby\u0142a si\u0119 10 czerwca .<\/p>\n<p>Wsp\u00f3\u0142cze\u015bnie Mario Vargas Llosa dzieli swe \u017cycie pomi\u0119dzy okresy pobytu w ojczystym kraju i na emigracji, publikuje powie\u015bci, szkice i artyku\u0142y publicystyczne, wyk\u0142ada, prowadzi programy telewizyjne.<\/p>\n<p>Jego ksi\u0105\u017cki t\u0142umaczyli w Polsce m.in.: Wojciech Charchalis, Ma\u0142gorzata Lewicka, Filip \u0141obodzi\u0144ski, Carlos Marrod\u00e1n Casas, Kazimierz Piekarec, Danuta Rycerz, Joanna Sk\u00f3rnicka, Dorota Walasek-Elbanowska, Zofia Wasitowa, Ewa Zaleska.<\/p>\n<p>Laureat Premio Nacional de Novela del Per\u00fa (1967), Nagrody Ksi\u0119cia Asturii (1986). W 1994 r. otrzyma\u0142 Nagrod\u0119 Cervantesa \u2013 najwy\u017csze mo\u017cliwe trofeum w \u015bwiecie literatury hiszpa\u0144skoj\u0119zycznej. W 2005 otrzyma\u0142 przyznawan\u0105 przez American Enterprise Institute nagrod\u0119 Irvinga Kristola jako pisarz, &#8222;obro\u0144ca demokracji, wolnego rynku i indywidualnej wolno\u015bci&#8221;.<\/p>\n<p>7 pa\u017adziernika 2010 roku, w wieku 74 lat, Mario Vargas Llosa zosta\u0142 uhonorowany nagrod\u0105 Nobla. Szwedzka Akademia sw\u00f3j werdykt uzasadnia\u0142a twierdz\u0105, \u017ce Vargas Llosa zosta\u0142 nagrodzony za kartografi\u0119 struktur w\u0142adzy oraz wyraziste obrazy oporu, buntu i pora\u017cek jednostki.<br \/>\n\tW 2011 otrzyma\u0142 od kr\u00f3la Hiszpanii nobilitacj\u0119 i tytu\u0142 markiza de Vargas Llosa.<\/p>\n<p>\u00a0<\/p>\n<p><u><strong>Publikacje<\/strong><\/u><\/p>\n<p><strong>Powie\u015bci i zbiory opowiada\u0144<\/strong><\/p>\n<p>\u00a0<\/p>\n<ul>\n<li>\n\t\t1959: Los jefes \u2013 Wyzwanie<\/li>\n<li>\n\t\t1963: La ciudad y los perros \u2013 Miasto i psy<\/li>\n<li>\n\t\t1966: La casa verde \u2013 Zielony dom<\/li>\n<li>\n\t\t1967: Los cachorros \u2013 Szczeniaki<\/li>\n<li>\n\t\t1969: Conversaci\u00f3n en La Catedral \u2013 Rozmowa w Katedrze<\/li>\n<li>\n\t\t1973: Pantale\u00f3n y las visitadoras \u2013 Pantaleon i wizytantki<\/li>\n<li>\n\t\t1977: La t\u00eda Julia y el escribidor \u2013 Ciotka Julia i skryba<\/li>\n<li>\n\t\t1981: La guerra del fin del mundo \u2013 Wojna ko\u0144ca \u015bwiata<\/li>\n<li>\n\t\t1984: Historia de Mayta \u2013 Historia Alejandra Mayty<\/li>\n<li>\n\t\t1986: Qui\u00e9n mat\u00f3 a Palomino Molero? \u2013 Kto zabi\u0142 Palomina Molero?<\/li>\n<li>\n\t\t1987: El hablador \u2013 Gaw\u0119dziarz<\/li>\n<li>\n\t\t1988: Elogio de la madastra \u2013 Pochwa\u0142a macochy<\/li>\n<li>\n\t\t1993: Lituma en los Andes \u2013 Lituma w Andach<\/li>\n<li>\n\t\t1997: Los cuadernos de don Rigoberto \u2013 Zeszyty don Rigoberta<\/li>\n<li>\n\t\t2000: La fiesta del Chivo \u2013 \u015awi\u0119to koz\u0142a<\/li>\n<li>\n\t\t2003: El para\u00edso en la otra esquina \u2013 Raj tu\u017c za rogiem<\/li>\n<li>\n\t\t2006: Travesuras de la ni\u00f1a mala \u2013 Szelmostwa niegrzecznej dziewczynki \u2013 polskie wydanie ukaza\u0142o si\u0119 we wrze\u015bniu 2007 roku.<\/li>\n<li>\n\t\t2010: El sue\u00f1o del celta &#8211; Marzenie Celta<\/li>\n<\/ul>\n<p><u><strong>Literatura faktu<\/strong><\/u><\/p>\n<ul>\n<li>\n\t\t1971: Garc\u00eda M\u00e1rquez: Historia de un deicidio &#8211; polskie t\u0142umaczenie ukaza\u0142o si\u0119 w &#8222;Literaturze na \u015awiecie&#8221; w 1983, numer 9 (146), str. 96-135<\/li>\n<li>\n\t\t1975: La orgia perpetua: Flaubert y madame Bovary<\/li>\n<li>\n\t\t1981: Entre Sartre y Camus<\/li>\n<li>\n\t\t1990: La verdad de las mentiras &#8211; Prawda k\u0142amstw \u2013 eseje o literaturze<\/li>\n<li>\n\t\t1993: El pez en el agua \u2013 Jak ryba w wodzie. Wspomnienia &#8211; autobiografia<\/li>\n<li>\n\t\t1997: Cartas a un joven novelista<\/li>\n<li>\n\t\t2004: La tentaci\u00f3n de lo imposible<\/li>\n<li>\n\t\t2006: Israel \u2013 Palestina. Paz o guerra santa &#8211; Izrael \u2013 Palestyna. Pok\u00f3j czy \u015bwi\u0119ta wojna<\/li>\n<li>\n\t\t2007: El Preg\u00f3n de Sevilla<\/li>\n<li>\n\t\t2009: El Viaje a la Ficcion<\/li>\n<\/ul>\n<p><u><strong>Sztuki teatralne<\/strong><\/u><\/p>\n<ul>\n<li>\n\t\tEl loco de los balcones<\/li>\n<li>\n\t\tKathie y el hipop\u00f3tamo<\/li>\n<li>\n\t\tLa Chunga<\/li>\n<li>\n\t\t1981: Panienka z Tacny<\/li>\n<li>\n\t\tOjos bonitos, cuadros feos<\/li>\n<\/ul>\n<p>\u00a0<\/p>\n<p>\u00a0<\/p>\n","protected":false},"excerpt":{"rendered":"<p>\u00a0 \u00a0 Jorge Mario Pedro Vargas Llosa Marqu\u00e9s de Vargas Llosa znany jako Mario Vargas Llosa (ur. 28 marca 1936 w Arequipie) \u2013 peruwia\u0144ski pisarz, dziennikarz, my\u015bliciel, polityk. Laureat Nagrody Nobla w dziedzinie literatury w 2010 r. Biografia \u00a0 Urodzi\u0142 si\u0119 w Arequipie w Peru&#8230;<\/p>\n","protected":false},"author":2,"featured_media":0,"comment_status":"closed","ping_status":"closed","sticky":false,"template":"","format":"standard","meta":{"_acf_changed":false,"footnotes":""},"categories":[11],"tags":[],"class_list":["post-943","post","type-post","status-publish","format-standard","hentry","category-sin-categoria-pl"],"acf":[],"yoast_head":"<!-- This site is optimized with the Yoast SEO plugin v27.5 - https:\/\/yoast.com\/product\/yoast-seo-wordpress\/ -->\n<title>MARIO VARGAS LLOSA  &#8226; iNMSOL<\/title>\n<meta name=\"description\" content=\"MARIO VARGAS LLOSA GANA EL PREMIO NOBEL DE LA LITERATURA\" \/>\n<meta name=\"robots\" content=\"index, follow, max-snippet:-1, max-image-preview:large, max-video-preview:-1\" \/>\n<link rel=\"canonical\" href=\"https:\/\/www.inmsol.com\/pl\/sin-categoria-pl\/mario-vargas-llosa\/\" \/>\n<meta property=\"og:locale\" content=\"pl_PL\" \/>\n<meta property=\"og:type\" content=\"article\" \/>\n<meta property=\"og:title\" content=\"MARIO VARGAS LLOSA  &#8226; iNMSOL\" \/>\n<meta property=\"og:description\" content=\"MARIO VARGAS LLOSA GANA EL PREMIO NOBEL DE LA LITERATURA\" \/>\n<meta property=\"og:url\" content=\"https:\/\/www.inmsol.com\/pl\/sin-categoria-pl\/mario-vargas-llosa\/\" \/>\n<meta property=\"og:site_name\" content=\"iNMSOL\" \/>\n<meta property=\"article:publisher\" content=\"https:\/\/www.facebook.com\/spanishcourses\" \/>\n<meta property=\"article:published_time\" content=\"2011-12-05T13:03:46+00:00\" \/>\n<meta property=\"article:modified_time\" content=\"2013-05-19T19:04:19+00:00\" \/>\n<meta property=\"og:image\" content=\"https:\/\/www.inmsol.com\/wp-content\/uploads\/2019\/08\/logo-inmsol.png\" \/>\n\t<meta property=\"og:image:width\" content=\"320\" \/>\n\t<meta property=\"og:image:height\" content=\"154\" \/>\n\t<meta property=\"og:image:type\" content=\"image\/png\" \/>\n<meta name=\"author\" content=\"Javier Torres\" \/>\n<meta name=\"twitter:label1\" content=\"Napisane przez\" \/>\n\t<meta name=\"twitter:data1\" content=\"Javier Torres\" \/>\n\t<meta name=\"twitter:label2\" content=\"Szacowany czas czytania\" \/>\n\t<meta name=\"twitter:data2\" content=\"5 minut\" \/>\n<script type=\"application\/ld+json\" class=\"yoast-schema-graph\">{\"@context\":\"https:\\\/\\\/schema.org\",\"@graph\":[{\"@type\":\"Article\",\"@id\":\"https:\\\/\\\/www.inmsol.com\\\/pl\\\/sin-categoria-pl\\\/mario-vargas-llosa\\\/#article\",\"isPartOf\":{\"@id\":\"https:\\\/\\\/www.inmsol.com\\\/pl\\\/sin-categoria-pl\\\/mario-vargas-llosa\\\/\"},\"author\":{\"name\":\"Javier Torres\",\"@id\":\"https:\\\/\\\/www.inmsol.com\\\/pl\\\/#\\\/schema\\\/person\\\/18f18acd0397ef441e373e79ec3eb6ea\"},\"headline\":\"MARIO VARGAS LLOSA\",\"datePublished\":\"2011-12-05T13:03:46+00:00\",\"dateModified\":\"2013-05-19T19:04:19+00:00\",\"mainEntityOfPage\":{\"@id\":\"https:\\\/\\\/www.inmsol.com\\\/pl\\\/sin-categoria-pl\\\/mario-vargas-llosa\\\/\"},\"wordCount\":1018,\"publisher\":{\"@id\":\"https:\\\/\\\/www.inmsol.com\\\/pl\\\/#organization\"},\"articleSection\":[\"Blog w j\u0119zyku polskim\"],\"inLanguage\":\"pl-PL\"},{\"@type\":\"WebPage\",\"@id\":\"https:\\\/\\\/www.inmsol.com\\\/pl\\\/sin-categoria-pl\\\/mario-vargas-llosa\\\/\",\"url\":\"https:\\\/\\\/www.inmsol.com\\\/pl\\\/sin-categoria-pl\\\/mario-vargas-llosa\\\/\",\"name\":\"MARIO VARGAS LLOSA &#8226; iNMSOL\",\"isPartOf\":{\"@id\":\"https:\\\/\\\/www.inmsol.com\\\/pl\\\/#website\"},\"datePublished\":\"2011-12-05T13:03:46+00:00\",\"dateModified\":\"2013-05-19T19:04:19+00:00\",\"description\":\"MARIO VARGAS LLOSA GANA EL PREMIO NOBEL DE LA LITERATURA\",\"breadcrumb\":{\"@id\":\"https:\\\/\\\/www.inmsol.com\\\/pl\\\/sin-categoria-pl\\\/mario-vargas-llosa\\\/#breadcrumb\"},\"inLanguage\":\"pl-PL\",\"potentialAction\":[{\"@type\":\"ReadAction\",\"target\":[\"https:\\\/\\\/www.inmsol.com\\\/pl\\\/sin-categoria-pl\\\/mario-vargas-llosa\\\/\"]}]},{\"@type\":\"BreadcrumbList\",\"@id\":\"https:\\\/\\\/www.inmsol.com\\\/pl\\\/sin-categoria-pl\\\/mario-vargas-llosa\\\/#breadcrumb\",\"itemListElement\":[{\"@type\":\"ListItem\",\"position\":1,\"name\":\"Accredited Center by Instituto Cervantes\",\"item\":\"https:\\\/\\\/www.inmsol.com\\\/pl\\\/pagina-ejemplo\\\/\"},{\"@type\":\"ListItem\",\"position\":2,\"name\":\"Blog w j\u0119zyku polskim\",\"item\":\"https:\\\/\\\/www.inmsol.com\\\/pl\\\/category\\\/sin-categoria-pl\\\/\"},{\"@type\":\"ListItem\",\"position\":3,\"name\":\"MARIO VARGAS LLOSA\"}]},{\"@type\":\"WebSite\",\"@id\":\"https:\\\/\\\/www.inmsol.com\\\/pl\\\/#website\",\"url\":\"https:\\\/\\\/www.inmsol.com\\\/pl\\\/\",\"name\":\"iNMSOL\",\"description\":\"Learn Spanish with Us | Cervantes acredited Learning Centre\",\"publisher\":{\"@id\":\"https:\\\/\\\/www.inmsol.com\\\/pl\\\/#organization\"},\"potentialAction\":[{\"@type\":\"SearchAction\",\"target\":{\"@type\":\"EntryPoint\",\"urlTemplate\":\"https:\\\/\\\/www.inmsol.com\\\/pl\\\/?s={search_term_string}\"},\"query-input\":{\"@type\":\"PropertyValueSpecification\",\"valueRequired\":true,\"valueName\":\"search_term_string\"}}],\"inLanguage\":\"pl-PL\"},{\"@type\":\"Organization\",\"@id\":\"https:\\\/\\\/www.inmsol.com\\\/pl\\\/#organization\",\"name\":\"Instituto Mediterr\u00e1neo Sol\",\"url\":\"https:\\\/\\\/www.inmsol.com\\\/pl\\\/\",\"logo\":{\"@type\":\"ImageObject\",\"inLanguage\":\"pl-PL\",\"@id\":\"https:\\\/\\\/www.inmsol.com\\\/pl\\\/#\\\/schema\\\/logo\\\/image\\\/\",\"url\":\"https:\\\/\\\/www.inmsol.com\\\/wp-content\\\/uploads\\\/2023\\\/06\\\/logo-inmsol-1.png\",\"contentUrl\":\"https:\\\/\\\/www.inmsol.com\\\/wp-content\\\/uploads\\\/2023\\\/06\\\/logo-inmsol-1.png\",\"width\":136,\"height\":73,\"caption\":\"Instituto Mediterr\u00e1neo Sol\"},\"image\":{\"@id\":\"https:\\\/\\\/www.inmsol.com\\\/pl\\\/#\\\/schema\\\/logo\\\/image\\\/\"},\"sameAs\":[\"https:\\\/\\\/www.facebook.com\\\/spanishcourses\",\"https:\\\/\\\/x.com\\\/StudyInGranada\",\"http:\\\/\\\/instagram.com\\\/imsolgranada\",\"https:\\\/\\\/es.linkedin.com\\\/company\\\/imsol-granada\",\"https:\\\/\\\/www.pinterest.es\\\/inmsol\\\/\",\"https:\\\/\\\/www.youtube.com\\\/channel\\\/UChz-Qn_7coFMosY85iYMO4g\"]},{\"@type\":\"Person\",\"@id\":\"https:\\\/\\\/www.inmsol.com\\\/pl\\\/#\\\/schema\\\/person\\\/18f18acd0397ef441e373e79ec3eb6ea\",\"name\":\"Javier Torres\",\"image\":{\"@type\":\"ImageObject\",\"inLanguage\":\"pl-PL\",\"@id\":\"https:\\\/\\\/secure.gravatar.com\\\/avatar\\\/90afa2d6499550218d247408758082af566e5ec3641e1b8eac0d7bb889344a55?s=96&d=mm&r=g\",\"url\":\"https:\\\/\\\/secure.gravatar.com\\\/avatar\\\/90afa2d6499550218d247408758082af566e5ec3641e1b8eac0d7bb889344a55?s=96&d=mm&r=g\",\"contentUrl\":\"https:\\\/\\\/secure.gravatar.com\\\/avatar\\\/90afa2d6499550218d247408758082af566e5ec3641e1b8eac0d7bb889344a55?s=96&d=mm&r=g\",\"caption\":\"Javier Torres\"},\"url\":\"https:\\\/\\\/www.inmsol.com\\\/pl\\\/author\\\/javier\\\/\"}]}<\/script>\n<!-- \/ Yoast SEO plugin. -->","yoast_head_json":{"title":"MARIO VARGAS LLOSA  &#8226; iNMSOL","description":"MARIO VARGAS LLOSA GANA EL PREMIO NOBEL DE LA LITERATURA","robots":{"index":"index","follow":"follow","max-snippet":"max-snippet:-1","max-image-preview":"max-image-preview:large","max-video-preview":"max-video-preview:-1"},"canonical":"https:\/\/www.inmsol.com\/pl\/sin-categoria-pl\/mario-vargas-llosa\/","og_locale":"pl_PL","og_type":"article","og_title":"MARIO VARGAS LLOSA  &#8226; iNMSOL","og_description":"MARIO VARGAS LLOSA GANA EL PREMIO NOBEL DE LA LITERATURA","og_url":"https:\/\/www.inmsol.com\/pl\/sin-categoria-pl\/mario-vargas-llosa\/","og_site_name":"iNMSOL","article_publisher":"https:\/\/www.facebook.com\/spanishcourses","article_published_time":"2011-12-05T13:03:46+00:00","article_modified_time":"2013-05-19T19:04:19+00:00","og_image":[{"width":320,"height":154,"url":"https:\/\/www.inmsol.com\/wp-content\/uploads\/2019\/08\/logo-inmsol.png","type":"image\/png"}],"author":"Javier Torres","twitter_misc":{"Napisane przez":"Javier Torres","Szacowany czas czytania":"5 minut"},"schema":{"@context":"https:\/\/schema.org","@graph":[{"@type":"Article","@id":"https:\/\/www.inmsol.com\/pl\/sin-categoria-pl\/mario-vargas-llosa\/#article","isPartOf":{"@id":"https:\/\/www.inmsol.com\/pl\/sin-categoria-pl\/mario-vargas-llosa\/"},"author":{"name":"Javier Torres","@id":"https:\/\/www.inmsol.com\/pl\/#\/schema\/person\/18f18acd0397ef441e373e79ec3eb6ea"},"headline":"MARIO VARGAS LLOSA","datePublished":"2011-12-05T13:03:46+00:00","dateModified":"2013-05-19T19:04:19+00:00","mainEntityOfPage":{"@id":"https:\/\/www.inmsol.com\/pl\/sin-categoria-pl\/mario-vargas-llosa\/"},"wordCount":1018,"publisher":{"@id":"https:\/\/www.inmsol.com\/pl\/#organization"},"articleSection":["Blog w j\u0119zyku polskim"],"inLanguage":"pl-PL"},{"@type":"WebPage","@id":"https:\/\/www.inmsol.com\/pl\/sin-categoria-pl\/mario-vargas-llosa\/","url":"https:\/\/www.inmsol.com\/pl\/sin-categoria-pl\/mario-vargas-llosa\/","name":"MARIO VARGAS LLOSA &#8226; iNMSOL","isPartOf":{"@id":"https:\/\/www.inmsol.com\/pl\/#website"},"datePublished":"2011-12-05T13:03:46+00:00","dateModified":"2013-05-19T19:04:19+00:00","description":"MARIO VARGAS LLOSA GANA EL PREMIO NOBEL DE LA LITERATURA","breadcrumb":{"@id":"https:\/\/www.inmsol.com\/pl\/sin-categoria-pl\/mario-vargas-llosa\/#breadcrumb"},"inLanguage":"pl-PL","potentialAction":[{"@type":"ReadAction","target":["https:\/\/www.inmsol.com\/pl\/sin-categoria-pl\/mario-vargas-llosa\/"]}]},{"@type":"BreadcrumbList","@id":"https:\/\/www.inmsol.com\/pl\/sin-categoria-pl\/mario-vargas-llosa\/#breadcrumb","itemListElement":[{"@type":"ListItem","position":1,"name":"Accredited Center by Instituto Cervantes","item":"https:\/\/www.inmsol.com\/pl\/pagina-ejemplo\/"},{"@type":"ListItem","position":2,"name":"Blog w j\u0119zyku polskim","item":"https:\/\/www.inmsol.com\/pl\/category\/sin-categoria-pl\/"},{"@type":"ListItem","position":3,"name":"MARIO VARGAS LLOSA"}]},{"@type":"WebSite","@id":"https:\/\/www.inmsol.com\/pl\/#website","url":"https:\/\/www.inmsol.com\/pl\/","name":"iNMSOL","description":"Learn Spanish with Us | Cervantes acredited Learning Centre","publisher":{"@id":"https:\/\/www.inmsol.com\/pl\/#organization"},"potentialAction":[{"@type":"SearchAction","target":{"@type":"EntryPoint","urlTemplate":"https:\/\/www.inmsol.com\/pl\/?s={search_term_string}"},"query-input":{"@type":"PropertyValueSpecification","valueRequired":true,"valueName":"search_term_string"}}],"inLanguage":"pl-PL"},{"@type":"Organization","@id":"https:\/\/www.inmsol.com\/pl\/#organization","name":"Instituto Mediterr\u00e1neo Sol","url":"https:\/\/www.inmsol.com\/pl\/","logo":{"@type":"ImageObject","inLanguage":"pl-PL","@id":"https:\/\/www.inmsol.com\/pl\/#\/schema\/logo\/image\/","url":"https:\/\/www.inmsol.com\/wp-content\/uploads\/2023\/06\/logo-inmsol-1.png","contentUrl":"https:\/\/www.inmsol.com\/wp-content\/uploads\/2023\/06\/logo-inmsol-1.png","width":136,"height":73,"caption":"Instituto Mediterr\u00e1neo Sol"},"image":{"@id":"https:\/\/www.inmsol.com\/pl\/#\/schema\/logo\/image\/"},"sameAs":["https:\/\/www.facebook.com\/spanishcourses","https:\/\/x.com\/StudyInGranada","http:\/\/instagram.com\/imsolgranada","https:\/\/es.linkedin.com\/company\/imsol-granada","https:\/\/www.pinterest.es\/inmsol\/","https:\/\/www.youtube.com\/channel\/UChz-Qn_7coFMosY85iYMO4g"]},{"@type":"Person","@id":"https:\/\/www.inmsol.com\/pl\/#\/schema\/person\/18f18acd0397ef441e373e79ec3eb6ea","name":"Javier Torres","image":{"@type":"ImageObject","inLanguage":"pl-PL","@id":"https:\/\/secure.gravatar.com\/avatar\/90afa2d6499550218d247408758082af566e5ec3641e1b8eac0d7bb889344a55?s=96&d=mm&r=g","url":"https:\/\/secure.gravatar.com\/avatar\/90afa2d6499550218d247408758082af566e5ec3641e1b8eac0d7bb889344a55?s=96&d=mm&r=g","contentUrl":"https:\/\/secure.gravatar.com\/avatar\/90afa2d6499550218d247408758082af566e5ec3641e1b8eac0d7bb889344a55?s=96&d=mm&r=g","caption":"Javier Torres"},"url":"https:\/\/www.inmsol.com\/pl\/author\/javier\/"}]}},"_links":{"self":[{"href":"https:\/\/www.inmsol.com\/pl\/wp-json\/wp\/v2\/posts\/943","targetHints":{"allow":["GET"]}}],"collection":[{"href":"https:\/\/www.inmsol.com\/pl\/wp-json\/wp\/v2\/posts"}],"about":[{"href":"https:\/\/www.inmsol.com\/pl\/wp-json\/wp\/v2\/types\/post"}],"author":[{"embeddable":true,"href":"https:\/\/www.inmsol.com\/pl\/wp-json\/wp\/v2\/users\/2"}],"replies":[{"embeddable":true,"href":"https:\/\/www.inmsol.com\/pl\/wp-json\/wp\/v2\/comments?post=943"}],"version-history":[{"count":0,"href":"https:\/\/www.inmsol.com\/pl\/wp-json\/wp\/v2\/posts\/943\/revisions"}],"wp:attachment":[{"href":"https:\/\/www.inmsol.com\/pl\/wp-json\/wp\/v2\/media?parent=943"}],"wp:term":[{"taxonomy":"category","embeddable":true,"href":"https:\/\/www.inmsol.com\/pl\/wp-json\/wp\/v2\/categories?post=943"},{"taxonomy":"post_tag","embeddable":true,"href":"https:\/\/www.inmsol.com\/pl\/wp-json\/wp\/v2\/tags?post=943"}],"curies":[{"name":"wp","href":"https:\/\/api.w.org\/{rel}","templated":true}]}}