{"id":69616,"date":"2023-02-23T14:29:17","date_gmt":"2023-02-23T13:29:17","guid":{"rendered":"https:\/\/www.inmsol.com\/?p=69616"},"modified":"2023-02-23T14:29:17","modified_gmt":"2023-02-23T13:29:17","slug":"andalusia-day-on-february-28","status":"publish","type":"post","link":"https:\/\/www.inmsol.com\/tr\/sin-categoria-tr\/andalusia-day-on-february-28\/","title":{"rendered":"Andalusia Day on February 28"},"content":{"rendered":"<p><strong>Celebrate February 28 in Andalusia: the day of Andalusia<\/strong><\/p>\n<p>Every year on February 28 is a very special day for all Andalusians, because it is celebrated the day of Andalusia. This day is bank holiday, peopel do not work and all Andalusians spend the day with family and friends, also taking part to important constitutional and institutional events.\u00a0 But why is Andalusia Day celebrated?<\/p>\n<p><img fetchpriority=\"high\" decoding=\"async\" class=\"wp-image-69601 size-full aligncenter\" title=\"Andalusian cities\" src=\"https:\/\/www.inmsol.com\/wp-content\/uploads\/2023\/02\/Collage-ciudades.jpg\" alt=\"Andalusian cities\" width=\"1202\" height=\"600\" srcset=\"https:\/\/www.inmsol.com\/wp-content\/uploads\/2023\/02\/Collage-ciudades.jpg 1202w, https:\/\/www.inmsol.com\/wp-content\/uploads\/2023\/02\/Collage-ciudades-800x399.jpg 800w, https:\/\/www.inmsol.com\/wp-content\/uploads\/2023\/02\/Collage-ciudades-64x32.jpg 64w, https:\/\/www.inmsol.com\/wp-content\/uploads\/2023\/02\/Collage-ciudades-460x230.jpg 460w, https:\/\/www.inmsol.com\/wp-content\/uploads\/2023\/02\/Collage-ciudades-1024x511.jpg 1024w, https:\/\/www.inmsol.com\/wp-content\/uploads\/2023\/02\/Collage-ciudades-768x383.jpg 768w, https:\/\/www.inmsol.com\/wp-content\/uploads\/2023\/02\/Collage-ciudades-250x125.jpg 250w, https:\/\/www.inmsol.com\/wp-content\/uploads\/2023\/02\/Collage-ciudades-600x300.jpg 600w\" sizes=\"(max-width: 1202px) 100vw, 1202px\" \/><\/p>\n<p><strong>Why is 28 February celebrated in Andalusia?<\/strong><\/p>\n<p>Andalusia is an autonomous region of Spain, composed of 8 provinces: Almer\u00eda, C\u00e1diz, C\u00f3rdoba, Granada, Huelva, Ja\u00e9n, M\u00e1laga and Sevilla. After many years of struggle for independence, it was on February 28, 1980 when the Andalusians went to the polls to decide the autonomous future of the community.\u00a0 The votes in favor of the yes were the majority in almost all the Andalusian provinces, so that the Statute of Autonomy of Andalusia was definitively approved. <a href=\"https:\/\/www.diariodesevilla.es\/andalucia\/Dia-Andalucia-febrero_0_1659734595.html\">(Diario de Sevilla source: Why is Andalusia Day celebrated on February 28? (diariodesevilla.es)<\/a> So this holiday commemorates the referendum of the Statute of Autonomy of Andalusia held on February 28, 1980.<\/p>\n<p>As a <a href=\"https:\/\/www.inmsol.com\/es\/escuela-espanol-granada\/\">Spanish school<\/a>, at <a href=\"https:\/\/www.inmsol.com\/es\/\">iNMSOL<\/a> we love our culture, and we want to tell you a little more about this day.<\/p>\n<p><strong>Flag of Andalusia<\/strong><\/p>\n<p>One of the results of independence has been the creation of the flag of Andalusia, which consists of three horizontal bands of the same size in green, white and green, symbolizing the hues of the Andalusian landscape, the values of purity and hope in the future, as indicated on the website of the <a href=\"https:\/\/www.juntadeandalucia.es\/organismos\/transparencia\/informacion-institucional-organizativa\/simbolos.html\">Junta de Andaluc\u00eda<\/a>. It also has a shield formed by the figure of Hercules that holds two lions between columns. Finally, at the bottom, there is a legend with the phrase &#8220;Andalusia for Spain and Humanity&#8221;. (Information taken from an article of the Sixth, available at this<a href=\"https:\/\/www.lasexta.com\/noticias\/cultura\/que-celebra-dia-andalucia_20220217620ceb380e0614000119d9b8.html\"> link Why is Andalusia Day celebrated? (lasexta.com)<\/a><\/p>\n<p><a href=\"https:\/\/www.inmsol.com\/wp-content\/uploads\/2023\/02\/Bandera-Andalucia.jpg\" target=\"_blank\" rel=\"noopener\"><img decoding=\"async\" class=\"aligncenter wp-image-69571 size-full\" title=\"Andalusia day february 28th\" src=\"https:\/\/www.inmsol.com\/wp-content\/uploads\/2023\/02\/Bandera-Andalucia.jpg\" alt=\"Andalusia day february 28th\" width=\"1202\" height=\"600\" srcset=\"https:\/\/www.inmsol.com\/wp-content\/uploads\/2023\/02\/Bandera-Andalucia.jpg 1202w, https:\/\/www.inmsol.com\/wp-content\/uploads\/2023\/02\/Bandera-Andalucia-800x399.jpg 800w, https:\/\/www.inmsol.com\/wp-content\/uploads\/2023\/02\/Bandera-Andalucia-64x32.jpg 64w, https:\/\/www.inmsol.com\/wp-content\/uploads\/2023\/02\/Bandera-Andalucia-460x230.jpg 460w, https:\/\/www.inmsol.com\/wp-content\/uploads\/2023\/02\/Bandera-Andalucia-1024x511.jpg 1024w, https:\/\/www.inmsol.com\/wp-content\/uploads\/2023\/02\/Bandera-Andalucia-768x383.jpg 768w, https:\/\/www.inmsol.com\/wp-content\/uploads\/2023\/02\/Bandera-Andalucia-250x125.jpg 250w, https:\/\/www.inmsol.com\/wp-content\/uploads\/2023\/02\/Bandera-Andalucia-600x300.jpg 600w\" sizes=\"(max-width: 1202px) 100vw, 1202px\" \/><\/a><\/p>\n<p>On the other hand, there is also the <a href=\"https:\/\/www.bing.com\/videos\/search?q=himno+de+andaluc%c3%ada+Jos%c3%a9+castillo+diaz&amp;qft=+filterui%3asite-youtube.com&amp;view=detail&amp;mid=323856F69BC09C051F96323856F69BC09C051F96&amp;&amp;FORM=VRDGAR&amp;ru=%2Fvideos%2Fsearch%3Fq%3Dhimno%2520de%2520andaluc%25C3%25ADa%2520Jos%25C3%25A9%2520castillo%2520diaz%26qs%3DHS%26form%3DQBVR%26qft%3D%2520filterui%253Asite-youtube.com%26%3D%2525eAdministra%2520tu%2520historial%2520de%2520b%25C3%25BAsqueda%2525E%26sp%3D1%26pq%3D%26sc%3D9-0%26sk%3D%26cvid%3D3C27A26D5DA84708A3CD46D77D6B5031%26ghsh%3D0%26ghacc%3D0%26ghpl%3D\">hymn<\/a> of Andalusia, which has its origin in the &#8220;Holy God&#8221; and is a song that the peasants hummed while working. Later, it was adapted by Jos\u00e9 del Castillo D\u00edaz. (Information taken from an article of the Sixth, available at this<a href=\"https:\/\/www.lasexta.com\/noticias\/cultura\/que-celebra-dia-andalucia_20220217620ceb380e0614000119d9b8.html\"> link Why is Andalusia Day celebrated? (lasexta.com))<\/a><\/p>\n<p style=\"text-align: center;\"><em>La bandera blanca y verde<\/em><\/p>\n<p style=\"text-align: center;\"><em>vuelve, tras siglos de guerra,<\/em><\/p>\n<p style=\"text-align: center;\"><em>a decir paz y esperanza,<\/em><\/p>\n<p style=\"text-align: center;\"><em>bajo el sol de nuestra tierra.<\/em><\/p>\n<p style=\"text-align: center;\"><em>\u00a1Andaluces, levantaos!<\/em><\/p>\n<p style=\"text-align: center;\"><em>\u00a1Pedid tierra y libertad!<\/em><\/p>\n<p style=\"text-align: center;\"><em>\u00a1Sea por Andaluc\u00eda libre,<\/em><\/p>\n<p style=\"text-align: center;\"><em>Espa\u00f1a y la Humanidad!<\/em><\/p>\n<p style=\"text-align: center;\"><em>Los andaluces queremos<\/em><\/p>\n<p style=\"text-align: center;\"><em>volver a ser lo que fuimos<\/em><\/p>\n<p style=\"text-align: center;\"><em>hombres de luz, que a los hombres,<\/em><\/p>\n<p style=\"text-align: center;\"><em>alma de hombres les dimos.<\/em><\/p>\n<p style=\"text-align: center;\"><em>\u00a1Andaluces, levantaos!<\/em><\/p>\n<p style=\"text-align: center;\"><em>\u00a1Pedid tierra y libertad!<\/em><\/p>\n<p style=\"text-align: center;\"><em>\u00a1Sea por Andaluc\u00eda libre,<\/em><\/p>\n<p style=\"text-align: center;\"><em>Espa\u00f1a y la Humanidad!<\/em><\/p>\n<p><strong>What to do on February 28 ?<\/strong><\/p>\n<p>Many people take advantage of this day to travel, especially if the holiday is on Monday, as they can enjoy the entire weekend before until Monday. In addition, you can also do many activities in different cities, for example go to museums, which during this day are usually free or also participate in institutional events that are usually held in different cities of Andalusia. Another idea, especially if you are from a foreign country and you are living in Andalusia, is to enjoy the walks and views of the city, since to commemorate the Day of Andalusia, since all the cities and villages of the community are decorated with the flag of Andalusia, so that the green and white pennant is seen in virtually all establishments. In addition, you can visit the <a href=\"https:\/\/www.parlamentodeandalucia.es\/webdinamica\/portal-web-parlamento\/inicio.do\">Parliament of Andalusia<\/a>, which on this date celebrates its Open Days.<\/p>\n<p><img decoding=\"async\" class=\"wp-image-69594 size-full aligncenter\" title=\"Andalusian Parliament\" src=\"https:\/\/www.inmsol.com\/wp-content\/uploads\/2023\/02\/parlamento-Andalucia.jpg\" alt=\"Andalusian Parliament\" width=\"1202\" height=\"600\" srcset=\"https:\/\/www.inmsol.com\/wp-content\/uploads\/2023\/02\/parlamento-Andalucia.jpg 1202w, https:\/\/www.inmsol.com\/wp-content\/uploads\/2023\/02\/parlamento-Andalucia-800x399.jpg 800w, https:\/\/www.inmsol.com\/wp-content\/uploads\/2023\/02\/parlamento-Andalucia-64x32.jpg 64w, https:\/\/www.inmsol.com\/wp-content\/uploads\/2023\/02\/parlamento-Andalucia-460x230.jpg 460w, https:\/\/www.inmsol.com\/wp-content\/uploads\/2023\/02\/parlamento-Andalucia-1024x511.jpg 1024w, https:\/\/www.inmsol.com\/wp-content\/uploads\/2023\/02\/parlamento-Andalucia-768x383.jpg 768w, https:\/\/www.inmsol.com\/wp-content\/uploads\/2023\/02\/parlamento-Andalucia-250x125.jpg 250w, https:\/\/www.inmsol.com\/wp-content\/uploads\/2023\/02\/parlamento-Andalucia-600x300.jpg 600w\" sizes=\"(max-width: 1202px) 100vw, 1202px\" \/><\/p>\n<p style=\"text-align: center;\"><strong>Many and varied ways to celebrate the day of Andalusia, Independence and Freedom!<\/strong><\/p>\n","protected":false},"excerpt":{"rendered":"<p>Celebrate February 28 in Andalusia: the day of Andalusia Every year on February 28 is a very special day for all Andalusians, because it is celebrated the day of Andalusia. This day is bank holiday, peopel do not work and all Andalusians spend the day&#8230;<\/p>\n","protected":false},"author":31,"featured_media":69577,"comment_status":"open","ping_status":"closed","sticky":false,"template":"","format":"standard","meta":{"_acf_changed":false,"footnotes":""},"categories":[13,614],"tags":[],"class_list":["post-69616","post","type-post","status-publish","format-standard","has-post-thumbnail","hentry","category-sin-categoria-tr","category-cultura-literatura-historia-espana-es-tr"],"acf":[],"yoast_head":"<!-- This site is optimized with the Yoast SEO plugin v27.5 - https:\/\/yoast.com\/product\/yoast-seo-wordpress\/ -->\n<title>Andalusia Day on February 28 &#8226; iNMSOL<\/title>\n<meta name=\"description\" content=\"Andalusia Day, celebrated on February 28, is one of the most important celebrations in the Andalusian region.\" \/>\n<meta name=\"robots\" content=\"index, follow, max-snippet:-1, max-image-preview:large, max-video-preview:-1\" \/>\n<link rel=\"canonical\" href=\"https:\/\/www.inmsol.com\/tr\/sin-categoria-tr\/andalusia-day-on-february-28\/\" \/>\n<meta property=\"og:locale\" content=\"tr_TR\" \/>\n<meta property=\"og:type\" content=\"article\" \/>\n<meta property=\"og:title\" content=\"Andalusia Day on February 28 &#8226; iNMSOL\" \/>\n<meta property=\"og:description\" content=\"Andalusia Day, celebrated on February 28, is one of the most important celebrations in the Andalusian region.\" \/>\n<meta property=\"og:url\" content=\"https:\/\/www.inmsol.com\/tr\/sin-categoria-tr\/andalusia-day-on-february-28\/\" \/>\n<meta property=\"og:site_name\" content=\"iNMSOL\" \/>\n<meta property=\"article:publisher\" content=\"https:\/\/www.facebook.com\/spanishcourses\" \/>\n<meta property=\"article:published_time\" content=\"2023-02-23T13:29:17+00:00\" \/>\n<meta property=\"og:image\" content=\"https:\/\/www.inmsol.com\/wp-content\/uploads\/2023\/02\/Bandera-Andalucia.jpg\" \/>\n\t<meta property=\"og:image:width\" content=\"1202\" \/>\n\t<meta property=\"og:image:height\" content=\"600\" \/>\n\t<meta property=\"og:image:type\" content=\"image\/jpeg\" \/>\n<meta name=\"author\" content=\"Rocio Mart\u00ednez\" \/>\n<meta name=\"twitter:label1\" content=\"Yazan:\" \/>\n\t<meta name=\"twitter:data1\" content=\"Rocio Mart\u00ednez\" \/>\n\t<meta name=\"twitter:label2\" content=\"Tahmini okuma s\u00fcresi\" \/>\n\t<meta name=\"twitter:data2\" content=\"4 dakika\" \/>\n<script type=\"application\/ld+json\" class=\"yoast-schema-graph\">{\"@context\":\"https:\\\/\\\/schema.org\",\"@graph\":[{\"@type\":\"Article\",\"@id\":\"https:\\\/\\\/www.inmsol.com\\\/tr\\\/sin-categoria-tr\\\/andalusia-day-on-february-28\\\/#article\",\"isPartOf\":{\"@id\":\"https:\\\/\\\/www.inmsol.com\\\/tr\\\/sin-categoria-tr\\\/andalusia-day-on-february-28\\\/\"},\"author\":{\"name\":\"Rocio Mart\u00ednez\",\"@id\":\"https:\\\/\\\/www.inmsol.com\\\/tr\\\/#\\\/schema\\\/person\\\/d041a9956283741a6ed56e0530eb28b5\"},\"headline\":\"Andalusia Day on February 28\",\"datePublished\":\"2023-02-23T13:29:17+00:00\",\"mainEntityOfPage\":{\"@id\":\"https:\\\/\\\/www.inmsol.com\\\/tr\\\/sin-categoria-tr\\\/andalusia-day-on-february-28\\\/\"},\"wordCount\":605,\"commentCount\":0,\"publisher\":{\"@id\":\"https:\\\/\\\/www.inmsol.com\\\/tr\\\/#organization\"},\"image\":{\"@id\":\"https:\\\/\\\/www.inmsol.com\\\/tr\\\/sin-categoria-tr\\\/andalusia-day-on-february-28\\\/#primaryimage\"},\"thumbnailUrl\":\"https:\\\/\\\/www.inmsol.com\\\/wp-content\\\/uploads\\\/2023\\\/02\\\/Bandera-Andalucia.jpg\",\"articleSection\":[\"Blog\",\"Cultura, Literatura e Historia de Espa\u00f1a e Hispanoam\u00e9rica\"],\"inLanguage\":\"tr\",\"potentialAction\":[{\"@type\":\"CommentAction\",\"name\":\"Comment\",\"target\":[\"https:\\\/\\\/www.inmsol.com\\\/tr\\\/sin-categoria-tr\\\/andalusia-day-on-february-28\\\/#respond\"]}]},{\"@type\":\"WebPage\",\"@id\":\"https:\\\/\\\/www.inmsol.com\\\/tr\\\/sin-categoria-tr\\\/andalusia-day-on-february-28\\\/\",\"url\":\"https:\\\/\\\/www.inmsol.com\\\/tr\\\/sin-categoria-tr\\\/andalusia-day-on-february-28\\\/\",\"name\":\"Andalusia Day on February 28 &#8226; iNMSOL\",\"isPartOf\":{\"@id\":\"https:\\\/\\\/www.inmsol.com\\\/tr\\\/#website\"},\"primaryImageOfPage\":{\"@id\":\"https:\\\/\\\/www.inmsol.com\\\/tr\\\/sin-categoria-tr\\\/andalusia-day-on-february-28\\\/#primaryimage\"},\"image\":{\"@id\":\"https:\\\/\\\/www.inmsol.com\\\/tr\\\/sin-categoria-tr\\\/andalusia-day-on-february-28\\\/#primaryimage\"},\"thumbnailUrl\":\"https:\\\/\\\/www.inmsol.com\\\/wp-content\\\/uploads\\\/2023\\\/02\\\/Bandera-Andalucia.jpg\",\"datePublished\":\"2023-02-23T13:29:17+00:00\",\"description\":\"Andalusia Day, celebrated on February 28, is one of the most important celebrations in the Andalusian region.\",\"breadcrumb\":{\"@id\":\"https:\\\/\\\/www.inmsol.com\\\/tr\\\/sin-categoria-tr\\\/andalusia-day-on-february-28\\\/#breadcrumb\"},\"inLanguage\":\"tr\",\"potentialAction\":[{\"@type\":\"ReadAction\",\"target\":[\"https:\\\/\\\/www.inmsol.com\\\/tr\\\/sin-categoria-tr\\\/andalusia-day-on-february-28\\\/\"]}]},{\"@type\":\"ImageObject\",\"inLanguage\":\"tr\",\"@id\":\"https:\\\/\\\/www.inmsol.com\\\/tr\\\/sin-categoria-tr\\\/andalusia-day-on-february-28\\\/#primaryimage\",\"url\":\"https:\\\/\\\/www.inmsol.com\\\/wp-content\\\/uploads\\\/2023\\\/02\\\/Bandera-Andalucia.jpg\",\"contentUrl\":\"https:\\\/\\\/www.inmsol.com\\\/wp-content\\\/uploads\\\/2023\\\/02\\\/Bandera-Andalucia.jpg\",\"width\":1202,\"height\":600},{\"@type\":\"BreadcrumbList\",\"@id\":\"https:\\\/\\\/www.inmsol.com\\\/tr\\\/sin-categoria-tr\\\/andalusia-day-on-february-28\\\/#breadcrumb\",\"itemListElement\":[{\"@type\":\"ListItem\",\"position\":1,\"name\":\"Accredited Center by Instituto Cervantes\",\"item\":\"https:\\\/\\\/www.inmsol.com\\\/tr\\\/pagina-ejemplo\\\/\"},{\"@type\":\"ListItem\",\"position\":2,\"name\":\"Blog\",\"item\":\"https:\\\/\\\/www.inmsol.com\\\/tr\\\/category\\\/sin-categoria-tr\\\/\"},{\"@type\":\"ListItem\",\"position\":3,\"name\":\"Andalusia Day on February 28\"}]},{\"@type\":\"WebSite\",\"@id\":\"https:\\\/\\\/www.inmsol.com\\\/tr\\\/#website\",\"url\":\"https:\\\/\\\/www.inmsol.com\\\/tr\\\/\",\"name\":\"iNMSOL\",\"description\":\"Learn Spanish with Us | Cervantes acredited Learning Centre\",\"publisher\":{\"@id\":\"https:\\\/\\\/www.inmsol.com\\\/tr\\\/#organization\"},\"potentialAction\":[{\"@type\":\"SearchAction\",\"target\":{\"@type\":\"EntryPoint\",\"urlTemplate\":\"https:\\\/\\\/www.inmsol.com\\\/tr\\\/?s={search_term_string}\"},\"query-input\":{\"@type\":\"PropertyValueSpecification\",\"valueRequired\":true,\"valueName\":\"search_term_string\"}}],\"inLanguage\":\"tr\"},{\"@type\":\"Organization\",\"@id\":\"https:\\\/\\\/www.inmsol.com\\\/tr\\\/#organization\",\"name\":\"Instituto Mediterr\u00e1neo Sol\",\"url\":\"https:\\\/\\\/www.inmsol.com\\\/tr\\\/\",\"logo\":{\"@type\":\"ImageObject\",\"inLanguage\":\"tr\",\"@id\":\"https:\\\/\\\/www.inmsol.com\\\/tr\\\/#\\\/schema\\\/logo\\\/image\\\/\",\"url\":\"https:\\\/\\\/www.inmsol.com\\\/wp-content\\\/uploads\\\/2023\\\/06\\\/logo-inmsol-1.png\",\"contentUrl\":\"https:\\\/\\\/www.inmsol.com\\\/wp-content\\\/uploads\\\/2023\\\/06\\\/logo-inmsol-1.png\",\"width\":136,\"height\":73,\"caption\":\"Instituto Mediterr\u00e1neo Sol\"},\"image\":{\"@id\":\"https:\\\/\\\/www.inmsol.com\\\/tr\\\/#\\\/schema\\\/logo\\\/image\\\/\"},\"sameAs\":[\"https:\\\/\\\/www.facebook.com\\\/spanishcourses\",\"https:\\\/\\\/x.com\\\/StudyInGranada\",\"http:\\\/\\\/instagram.com\\\/imsolgranada\",\"https:\\\/\\\/es.linkedin.com\\\/company\\\/imsol-granada\",\"https:\\\/\\\/www.pinterest.es\\\/inmsol\\\/\",\"https:\\\/\\\/www.youtube.com\\\/channel\\\/UChz-Qn_7coFMosY85iYMO4g\"]},{\"@type\":\"Person\",\"@id\":\"https:\\\/\\\/www.inmsol.com\\\/tr\\\/#\\\/schema\\\/person\\\/d041a9956283741a6ed56e0530eb28b5\",\"name\":\"Rocio Mart\u00ednez\",\"image\":{\"@type\":\"ImageObject\",\"inLanguage\":\"tr\",\"@id\":\"https:\\\/\\\/secure.gravatar.com\\\/avatar\\\/95b9b0d999ef55a048952ade325bea9ee664237dc576277e59c3cc8fc6ea1123?s=96&d=mm&r=g\",\"url\":\"https:\\\/\\\/secure.gravatar.com\\\/avatar\\\/95b9b0d999ef55a048952ade325bea9ee664237dc576277e59c3cc8fc6ea1123?s=96&d=mm&r=g\",\"contentUrl\":\"https:\\\/\\\/secure.gravatar.com\\\/avatar\\\/95b9b0d999ef55a048952ade325bea9ee664237dc576277e59c3cc8fc6ea1123?s=96&d=mm&r=g\",\"caption\":\"Rocio Mart\u00ednez\"},\"url\":\"https:\\\/\\\/www.inmsol.com\\\/tr\\\/author\\\/secretaria\\\/\"}]}<\/script>\n<!-- \/ Yoast SEO plugin. -->","yoast_head_json":{"title":"Andalusia Day on February 28 &#8226; iNMSOL","description":"Andalusia Day, celebrated on February 28, is one of the most important celebrations in the Andalusian region.","robots":{"index":"index","follow":"follow","max-snippet":"max-snippet:-1","max-image-preview":"max-image-preview:large","max-video-preview":"max-video-preview:-1"},"canonical":"https:\/\/www.inmsol.com\/tr\/sin-categoria-tr\/andalusia-day-on-february-28\/","og_locale":"tr_TR","og_type":"article","og_title":"Andalusia Day on February 28 &#8226; iNMSOL","og_description":"Andalusia Day, celebrated on February 28, is one of the most important celebrations in the Andalusian region.","og_url":"https:\/\/www.inmsol.com\/tr\/sin-categoria-tr\/andalusia-day-on-february-28\/","og_site_name":"iNMSOL","article_publisher":"https:\/\/www.facebook.com\/spanishcourses","article_published_time":"2023-02-23T13:29:17+00:00","og_image":[{"width":1202,"height":600,"url":"https:\/\/www.inmsol.com\/wp-content\/uploads\/2023\/02\/Bandera-Andalucia.jpg","type":"image\/jpeg"}],"author":"Rocio Mart\u00ednez","twitter_misc":{"Yazan:":"Rocio Mart\u00ednez","Tahmini okuma s\u00fcresi":"4 dakika"},"schema":{"@context":"https:\/\/schema.org","@graph":[{"@type":"Article","@id":"https:\/\/www.inmsol.com\/tr\/sin-categoria-tr\/andalusia-day-on-february-28\/#article","isPartOf":{"@id":"https:\/\/www.inmsol.com\/tr\/sin-categoria-tr\/andalusia-day-on-february-28\/"},"author":{"name":"Rocio Mart\u00ednez","@id":"https:\/\/www.inmsol.com\/tr\/#\/schema\/person\/d041a9956283741a6ed56e0530eb28b5"},"headline":"Andalusia Day on February 28","datePublished":"2023-02-23T13:29:17+00:00","mainEntityOfPage":{"@id":"https:\/\/www.inmsol.com\/tr\/sin-categoria-tr\/andalusia-day-on-february-28\/"},"wordCount":605,"commentCount":0,"publisher":{"@id":"https:\/\/www.inmsol.com\/tr\/#organization"},"image":{"@id":"https:\/\/www.inmsol.com\/tr\/sin-categoria-tr\/andalusia-day-on-february-28\/#primaryimage"},"thumbnailUrl":"https:\/\/www.inmsol.com\/wp-content\/uploads\/2023\/02\/Bandera-Andalucia.jpg","articleSection":["Blog","Cultura, Literatura e Historia de Espa\u00f1a e Hispanoam\u00e9rica"],"inLanguage":"tr","potentialAction":[{"@type":"CommentAction","name":"Comment","target":["https:\/\/www.inmsol.com\/tr\/sin-categoria-tr\/andalusia-day-on-february-28\/#respond"]}]},{"@type":"WebPage","@id":"https:\/\/www.inmsol.com\/tr\/sin-categoria-tr\/andalusia-day-on-february-28\/","url":"https:\/\/www.inmsol.com\/tr\/sin-categoria-tr\/andalusia-day-on-february-28\/","name":"Andalusia Day on February 28 &#8226; iNMSOL","isPartOf":{"@id":"https:\/\/www.inmsol.com\/tr\/#website"},"primaryImageOfPage":{"@id":"https:\/\/www.inmsol.com\/tr\/sin-categoria-tr\/andalusia-day-on-february-28\/#primaryimage"},"image":{"@id":"https:\/\/www.inmsol.com\/tr\/sin-categoria-tr\/andalusia-day-on-february-28\/#primaryimage"},"thumbnailUrl":"https:\/\/www.inmsol.com\/wp-content\/uploads\/2023\/02\/Bandera-Andalucia.jpg","datePublished":"2023-02-23T13:29:17+00:00","description":"Andalusia Day, celebrated on February 28, is one of the most important celebrations in the Andalusian region.","breadcrumb":{"@id":"https:\/\/www.inmsol.com\/tr\/sin-categoria-tr\/andalusia-day-on-february-28\/#breadcrumb"},"inLanguage":"tr","potentialAction":[{"@type":"ReadAction","target":["https:\/\/www.inmsol.com\/tr\/sin-categoria-tr\/andalusia-day-on-february-28\/"]}]},{"@type":"ImageObject","inLanguage":"tr","@id":"https:\/\/www.inmsol.com\/tr\/sin-categoria-tr\/andalusia-day-on-february-28\/#primaryimage","url":"https:\/\/www.inmsol.com\/wp-content\/uploads\/2023\/02\/Bandera-Andalucia.jpg","contentUrl":"https:\/\/www.inmsol.com\/wp-content\/uploads\/2023\/02\/Bandera-Andalucia.jpg","width":1202,"height":600},{"@type":"BreadcrumbList","@id":"https:\/\/www.inmsol.com\/tr\/sin-categoria-tr\/andalusia-day-on-february-28\/#breadcrumb","itemListElement":[{"@type":"ListItem","position":1,"name":"Accredited Center by Instituto Cervantes","item":"https:\/\/www.inmsol.com\/tr\/pagina-ejemplo\/"},{"@type":"ListItem","position":2,"name":"Blog","item":"https:\/\/www.inmsol.com\/tr\/category\/sin-categoria-tr\/"},{"@type":"ListItem","position":3,"name":"Andalusia Day on February 28"}]},{"@type":"WebSite","@id":"https:\/\/www.inmsol.com\/tr\/#website","url":"https:\/\/www.inmsol.com\/tr\/","name":"iNMSOL","description":"Learn Spanish with Us | Cervantes acredited Learning Centre","publisher":{"@id":"https:\/\/www.inmsol.com\/tr\/#organization"},"potentialAction":[{"@type":"SearchAction","target":{"@type":"EntryPoint","urlTemplate":"https:\/\/www.inmsol.com\/tr\/?s={search_term_string}"},"query-input":{"@type":"PropertyValueSpecification","valueRequired":true,"valueName":"search_term_string"}}],"inLanguage":"tr"},{"@type":"Organization","@id":"https:\/\/www.inmsol.com\/tr\/#organization","name":"Instituto Mediterr\u00e1neo Sol","url":"https:\/\/www.inmsol.com\/tr\/","logo":{"@type":"ImageObject","inLanguage":"tr","@id":"https:\/\/www.inmsol.com\/tr\/#\/schema\/logo\/image\/","url":"https:\/\/www.inmsol.com\/wp-content\/uploads\/2023\/06\/logo-inmsol-1.png","contentUrl":"https:\/\/www.inmsol.com\/wp-content\/uploads\/2023\/06\/logo-inmsol-1.png","width":136,"height":73,"caption":"Instituto Mediterr\u00e1neo Sol"},"image":{"@id":"https:\/\/www.inmsol.com\/tr\/#\/schema\/logo\/image\/"},"sameAs":["https:\/\/www.facebook.com\/spanishcourses","https:\/\/x.com\/StudyInGranada","http:\/\/instagram.com\/imsolgranada","https:\/\/es.linkedin.com\/company\/imsol-granada","https:\/\/www.pinterest.es\/inmsol\/","https:\/\/www.youtube.com\/channel\/UChz-Qn_7coFMosY85iYMO4g"]},{"@type":"Person","@id":"https:\/\/www.inmsol.com\/tr\/#\/schema\/person\/d041a9956283741a6ed56e0530eb28b5","name":"Rocio Mart\u00ednez","image":{"@type":"ImageObject","inLanguage":"tr","@id":"https:\/\/secure.gravatar.com\/avatar\/95b9b0d999ef55a048952ade325bea9ee664237dc576277e59c3cc8fc6ea1123?s=96&d=mm&r=g","url":"https:\/\/secure.gravatar.com\/avatar\/95b9b0d999ef55a048952ade325bea9ee664237dc576277e59c3cc8fc6ea1123?s=96&d=mm&r=g","contentUrl":"https:\/\/secure.gravatar.com\/avatar\/95b9b0d999ef55a048952ade325bea9ee664237dc576277e59c3cc8fc6ea1123?s=96&d=mm&r=g","caption":"Rocio Mart\u00ednez"},"url":"https:\/\/www.inmsol.com\/tr\/author\/secretaria\/"}]}},"_links":{"self":[{"href":"https:\/\/www.inmsol.com\/tr\/wp-json\/wp\/v2\/posts\/69616","targetHints":{"allow":["GET"]}}],"collection":[{"href":"https:\/\/www.inmsol.com\/tr\/wp-json\/wp\/v2\/posts"}],"about":[{"href":"https:\/\/www.inmsol.com\/tr\/wp-json\/wp\/v2\/types\/post"}],"author":[{"embeddable":true,"href":"https:\/\/www.inmsol.com\/tr\/wp-json\/wp\/v2\/users\/31"}],"replies":[{"embeddable":true,"href":"https:\/\/www.inmsol.com\/tr\/wp-json\/wp\/v2\/comments?post=69616"}],"version-history":[{"count":0,"href":"https:\/\/www.inmsol.com\/tr\/wp-json\/wp\/v2\/posts\/69616\/revisions"}],"wp:featuredmedia":[{"embeddable":true,"href":"https:\/\/www.inmsol.com\/tr\/wp-json\/wp\/v2\/media\/69577"}],"wp:attachment":[{"href":"https:\/\/www.inmsol.com\/tr\/wp-json\/wp\/v2\/media?parent=69616"}],"wp:term":[{"taxonomy":"category","embeddable":true,"href":"https:\/\/www.inmsol.com\/tr\/wp-json\/wp\/v2\/categories?post=69616"},{"taxonomy":"post_tag","embeddable":true,"href":"https:\/\/www.inmsol.com\/tr\/wp-json\/wp\/v2\/tags?post=69616"}],"curies":[{"name":"wp","href":"https:\/\/api.w.org\/{rel}","templated":true}]}}