{"id":91062,"date":"2026-04-28T15:24:02","date_gmt":"2026-04-28T13:24:02","guid":{"rendered":"https:\/\/www.inmsol.com\/?p=91062"},"modified":"2026-04-28T15:24:02","modified_gmt":"2026-04-28T13:24:02","slug":"granada-book-fair-2026-your-must-attend-event","status":"publish","type":"post","link":"https:\/\/www.inmsol.com\/tr\/sin-categoria-tr\/granada-book-fair-2026-your-must-attend-event\/","title":{"rendered":"Granada Book Fair 2026: Your Must-Attend Event!"},"content":{"rendered":"<h4 style=\"text-align: left;\"><a href=\"https:\/\/www.inmsol.com\/tr\/\" target=\"_blank\" rel=\"noopener\">iNMSOL<\/a> invites you to experience your next Spanish lesson between the pages of a book.\u00a0 Come visit the Granada Book Fair!<\/h4>\n<p>The <strong>Granada Book Fair<\/strong> is the time of year when Granada reveals its full cultural and literary essence. This year, the <strong>44th edition<\/strong> will transform the heart of the city into a vibrant stage of stories, encounters, and discoveries.<\/p>\n<p>For <strong>Spanish language students<\/strong>, attending this event is not just a leisure opportunity. It is a unique way to <strong>immerse yourself in the Spanish language<\/strong> and in Granada&#8217;s social life.<\/p>\n<p><a href=\"https:\/\/www.inmsol.com\/wp-content\/uploads\/2026\/04\/Feria-del-Libro-Granada-2.png\" target=\"_blank\" rel=\"noopener\"><img fetchpriority=\"high\" decoding=\"async\" class=\"aligncenter wp-image-91053 size-full\" title=\"Granada Book Fair 2026\" src=\"https:\/\/www.inmsol.com\/wp-content\/uploads\/2026\/04\/Feria-del-Libro-Granada-2.png\" alt=\"Granada Book Fair 2026\" width=\"800\" height=\"600\" srcset=\"https:\/\/www.inmsol.com\/wp-content\/uploads\/2026\/04\/Feria-del-Libro-Granada-2.png 800w, https:\/\/www.inmsol.com\/wp-content\/uploads\/2026\/04\/Feria-del-Libro-Granada-2-400x300.png 400w, https:\/\/www.inmsol.com\/wp-content\/uploads\/2026\/04\/Feria-del-Libro-Granada-2-150x113.png 150w, https:\/\/www.inmsol.com\/wp-content\/uploads\/2026\/04\/Feria-del-Libro-Granada-2-768x576.png 768w, https:\/\/www.inmsol.com\/wp-content\/uploads\/2026\/04\/Feria-del-Libro-Granada-2-700x525.png 700w, https:\/\/www.inmsol.com\/wp-content\/uploads\/2026\/04\/Feria-del-Libro-Granada-2-64x48.png 64w\" sizes=\"(max-width: 800px) 100vw, 800px\" \/><\/a><\/p>\n<p>&nbsp;<\/p>\n<h3>Dates and Location: The Beating Heart of Granada<\/h3>\n<p>The <strong>Granada Book Fair 2026<\/strong> will take place from <strong>April 23 to May 3<\/strong>. The opening date is no coincidence: it coincides with <strong>World Book Day<\/strong> and the feast of <strong>Saint George<\/strong> \u2014 patron saint of booksellers in many Spanish-speaking countries. The stalls will stretch along the charming <a href=\"https:\/\/granadateguia.com\/visitar-granada\/carrera-de-la-virgen-en-granada\/\" target=\"_blank\" rel=\"noopener\"><strong>Carrera de la Virgen<\/strong><\/a> and <a href=\"https:\/\/rinconesdegranada.com\/fuente-de-las-batallas\" target=\"_blank\" rel=\"noopener\"><strong>Fuente de las Batallas<\/strong><\/a>, just steps from iNMSOL. It is a strategic location that allows you to move from our Spanish classes to total immersion in <strong>literary vocabulary<\/strong> in less than five minutes.<\/p>\n<p><a href=\"https:\/\/www.inmsol.com\/wp-content\/uploads\/2026\/04\/Feria-del-Libro-Granada-4.png\" target=\"_blank\" rel=\"noopener\"><img decoding=\"async\" class=\"aligncenter wp-image-91039 size-full\" title=\"Granada Book Fair city center\" src=\"https:\/\/www.inmsol.com\/wp-content\/uploads\/2026\/04\/Feria-del-Libro-Granada-4.png\" alt=\"Granada Book Fair city center\" width=\"800\" height=\"600\" srcset=\"https:\/\/www.inmsol.com\/wp-content\/uploads\/2026\/04\/Feria-del-Libro-Granada-4.png 800w, https:\/\/www.inmsol.com\/wp-content\/uploads\/2026\/04\/Feria-del-Libro-Granada-4-400x300.png 400w, https:\/\/www.inmsol.com\/wp-content\/uploads\/2026\/04\/Feria-del-Libro-Granada-4-150x113.png 150w, https:\/\/www.inmsol.com\/wp-content\/uploads\/2026\/04\/Feria-del-Libro-Granada-4-768x576.png 768w, https:\/\/www.inmsol.com\/wp-content\/uploads\/2026\/04\/Feria-del-Libro-Granada-4-700x525.png 700w, https:\/\/www.inmsol.com\/wp-content\/uploads\/2026\/04\/Feria-del-Libro-Granada-4-64x48.png 64w\" sizes=\"(max-width: 800px) 100vw, 800px\" \/><\/a><\/p>\n<p>Strolling among books beneath the grand trees of this historic avenue is an experience every <strong>Spanish student<\/strong> should have at least once.<\/p>\n<p>&nbsp;<\/p>\n<h3>What to Expect?<\/h3>\n<p>This year&#8217;s theme, <strong>&#8220;As\u00ed que pasen cinco a\u00f1os&#8221;<\/strong>, pays tribute to the great Granadan poet <strong>Federico Garc\u00eda Lorca<\/strong>. The fair is strongly focused on supporting Granada&#8217;s bid to become <strong>European Capital of Culture 2031<\/strong>.<\/p>\n<p>You\u2019ll find hundreds of <a href=\"https:\/\/ferialibrogranada.es\/expositores\/\" target=\"_blank\" rel=\"noopener\"><strong>exhibitors<\/strong><\/a> \u2014 from major chains to small independent bookshops.<\/p>\n<p><a href=\"https:\/\/www.inmsol.com\/wp-content\/uploads\/2026\/04\/Feria-del-Libro-Granada-1.png\" target=\"_blank\" rel=\"noopener\"><img decoding=\"async\" class=\"aligncenter wp-image-91046 size-full\" title=\"Granada Book Fair's activities\" src=\"https:\/\/www.inmsol.com\/wp-content\/uploads\/2026\/04\/Feria-del-Libro-Granada-1.png\" alt=\"Granada Book Fair's activities\" width=\"800\" height=\"600\" srcset=\"https:\/\/www.inmsol.com\/wp-content\/uploads\/2026\/04\/Feria-del-Libro-Granada-1.png 800w, https:\/\/www.inmsol.com\/wp-content\/uploads\/2026\/04\/Feria-del-Libro-Granada-1-400x300.png 400w, https:\/\/www.inmsol.com\/wp-content\/uploads\/2026\/04\/Feria-del-Libro-Granada-1-150x113.png 150w, https:\/\/www.inmsol.com\/wp-content\/uploads\/2026\/04\/Feria-del-Libro-Granada-1-768x576.png 768w, https:\/\/www.inmsol.com\/wp-content\/uploads\/2026\/04\/Feria-del-Libro-Granada-1-700x525.png 700w, https:\/\/www.inmsol.com\/wp-content\/uploads\/2026\/04\/Feria-del-Libro-Granada-1-64x48.png 64w\" sizes=\"(max-width: 800px) 100vw, 800px\" \/><\/a><\/p>\n<p>You will discover an endless array of titles spanning from <strong>classics of Spanish literature<\/strong> to the latest publishing releases. It is the perfect place to <strong>practice your Spanish<\/strong> by chatting with booksellers, always eager to recommend the most suitable read for you.<\/p>\n<p>&nbsp;<\/p>\n<h3>The Magic of Granadan Nights<\/h3>\n<p>If the fair is lively and colourful in the morning, it becomes magical at night. The evening activities are the highlight of the programme:<\/p>\n<ul>\n<li><strong>Author Meet-and-Greets<\/strong>: Many writers present their works between <strong>5:00 p.m. and 9:00 p.m.<\/strong> Listening to an author speak about their work is an unbeatable <strong>listening comprehension exercise<\/strong>. You will also have the chance to get your book signed at the <strong><a href=\"https:\/\/ferialibrogranada.es\/lugar\/caseta-oficial-de-firmas\/\" target=\"_blank\" rel=\"noopener\">Official Signing Tent<\/a> (Caseta Oficial de Firmas)<\/strong>.<\/li>\n<li><strong>Poetry and Science Nights<\/strong>: Don&#8217;t miss the poetry readings under the stars or the science debates of <strong>&#8220;La Noche en Blanco&#8221;<\/strong>. These events often run until <strong>10:30 p.m.<\/strong>, offering a different and fascinating perspective on <strong>Spanish culture<\/strong>.<\/li>\n<li><strong>The Preg\u00f3n<\/strong>: The inaugural speech is a solemn yet festive moment that marks the beginning of ten days of pure passion for books.<\/li>\n<\/ul>\n<p>&nbsp;<\/p>\n<p>Topics such as <strong>translation<\/strong>, <strong>science<\/strong>, and <strong>young adult literature<\/strong> will take centre stage at meetings held in the <a href=\"https:\/\/ferialibrogranada.es\/lugar\/pabellon-andalucia\/\" target=\"_blank\" rel=\"noopener\"><strong>Pabell\u00f3n Andaluc\u00eda<\/strong><\/a> or the <a href=\"https:\/\/ferialibrogranada.es\/lugar\/sala-zaida\/\" target=\"_blank\" rel=\"noopener\"><strong>Sala Zaida<\/strong><\/a>.<\/p>\n<p>\ud83d\udcce <strong><a href=\"https:\/\/ferialibrogranada.es\/programacion\/\" target=\"_blank\" rel=\"noopener\">Download the full programme!<\/a><\/strong><\/p>\n<p>&nbsp;<\/p>\n<h3>Why Attend? Learn Spanish in a Real-World Context<\/h3>\n<p>Attending the Book Fair will allow you to:<\/p>\n<ol>\n<li><strong>Enrich your vocabulary<\/strong> in a natural and fun way \u2014 from literature to everyday conversation<\/li>\n<li><strong>Discover local culture<\/strong> and Granada&#8217;s deep bond with its poets, first and foremost <strong>Federico Garc\u00eda Lorca<\/strong><\/li>\n<li><strong>Socialise<\/strong> with fellow students and locals in a relaxed and stimulating environment \u2014 <strong>real Spanish practice!<\/strong><\/li>\n<\/ol>\n<p>Don&#8217;t miss the opportunity to experience <strong>Granadan culture<\/strong> first-hand. <strong>Buy a book in Spanish<\/strong>, get it signed, and let Granada tell you its story.<\/p>\n<p>&nbsp;<\/p>\n<p>You might just find the very book that will make you fall in love with the <strong>Spanish language<\/strong> forever.<\/p>\n<p>&nbsp;<\/p>\n<blockquote>\n<h4>\u00a1Nos vemos entre los stands!<\/h4>\n<\/blockquote>\n<p><a href=\"https:\/\/www.inmsol.com\/wp-content\/uploads\/2026\/04\/Feria-del-Libro-Granada-3.png\" target=\"_blank\" rel=\"noopener\"><img loading=\"lazy\" decoding=\"async\" class=\"aligncenter wp-image-91032 size-full\" title=\"Granada Book Fair 2026\" src=\"https:\/\/www.inmsol.com\/wp-content\/uploads\/2026\/04\/Feria-del-Libro-Granada-3.png\" alt=\"Granada Book Fair 2026\" width=\"800\" height=\"600\" srcset=\"https:\/\/www.inmsol.com\/wp-content\/uploads\/2026\/04\/Feria-del-Libro-Granada-3.png 800w, https:\/\/www.inmsol.com\/wp-content\/uploads\/2026\/04\/Feria-del-Libro-Granada-3-400x300.png 400w, https:\/\/www.inmsol.com\/wp-content\/uploads\/2026\/04\/Feria-del-Libro-Granada-3-150x113.png 150w, https:\/\/www.inmsol.com\/wp-content\/uploads\/2026\/04\/Feria-del-Libro-Granada-3-768x576.png 768w, https:\/\/www.inmsol.com\/wp-content\/uploads\/2026\/04\/Feria-del-Libro-Granada-3-700x525.png 700w, https:\/\/www.inmsol.com\/wp-content\/uploads\/2026\/04\/Feria-del-Libro-Granada-3-64x48.png 64w\" sizes=\"(max-width: 800px) 100vw, 800px\" \/><\/a><\/p>\n","protected":false},"excerpt":{"rendered":"<p>Granada 2026: the Book Fair awaits you. Dates, locations, and evening events for Spanish students to live the full Spanish experience!<\/p>\n","protected":false},"author":31,"featured_media":91038,"comment_status":"open","ping_status":"closed","sticky":false,"template":"","format":"standard","meta":{"_acf_changed":false,"footnotes":""},"categories":[13,614,1433,601,1481,1438,603,599],"tags":[],"class_list":["post-91062","post","type-post","status-publish","format-standard","has-post-thumbnail","hentry","category-sin-categoria-tr","category-cultura-literatura-historia-espana-es-tr","category-events-in-granada-tr","category-events-granada-tr","category-language","category-learning-spanish-blog-w-jzyku-polskim-tr","category-learning-spanish-tr","category-news-tr"],"acf":[],"yoast_head":"<!-- This site is optimized with the Yoast SEO plugin v27.5 - https:\/\/yoast.com\/product\/yoast-seo-wordpress\/ -->\n<title>Granada Book Fair 2026: Your Must-Attend Event! &#8226; iNMSOL<\/title>\n<meta name=\"description\" content=\"Granada 2026: the Book Fair awaits you. Dates, locations, and evening events for Spanish students to live the full Spanish experience!\" \/>\n<meta name=\"robots\" content=\"index, follow, max-snippet:-1, max-image-preview:large, max-video-preview:-1\" \/>\n<link rel=\"canonical\" href=\"https:\/\/www.inmsol.com\/tr\/sin-categoria-tr\/granada-book-fair-2026-your-must-attend-event\/\" \/>\n<meta property=\"og:locale\" content=\"tr_TR\" \/>\n<meta property=\"og:type\" content=\"article\" \/>\n<meta property=\"og:title\" content=\"Granada Book Fair 2026: Your Must-Attend Event! &#8226; iNMSOL\" \/>\n<meta property=\"og:description\" content=\"Granada 2026: the Book Fair awaits you. Dates, locations, and evening events for Spanish students to live the full Spanish experience!\" \/>\n<meta property=\"og:url\" content=\"https:\/\/www.inmsol.com\/tr\/sin-categoria-tr\/granada-book-fair-2026-your-must-attend-event\/\" \/>\n<meta property=\"og:site_name\" content=\"iNMSOL\" \/>\n<meta property=\"article:publisher\" content=\"https:\/\/www.facebook.com\/spanishcourses\" \/>\n<meta property=\"article:published_time\" content=\"2026-04-28T13:24:02+00:00\" \/>\n<meta property=\"og:image\" content=\"https:\/\/www.inmsol.com\/wp-content\/uploads\/2026\/04\/Feria-del-Libro-Granada-2.png\" \/>\n\t<meta property=\"og:image:width\" content=\"800\" \/>\n\t<meta property=\"og:image:height\" content=\"600\" \/>\n\t<meta property=\"og:image:type\" content=\"image\/png\" \/>\n<meta name=\"author\" content=\"Rocio Mart\u00ednez\" \/>\n<meta name=\"twitter:label1\" content=\"Yazan:\" \/>\n\t<meta name=\"twitter:data1\" content=\"Rocio Mart\u00ednez\" \/>\n\t<meta name=\"twitter:label2\" content=\"Tahmini okuma s\u00fcresi\" \/>\n\t<meta name=\"twitter:data2\" content=\"3 dakika\" \/>\n<script type=\"application\/ld+json\" class=\"yoast-schema-graph\">{\"@context\":\"https:\\\/\\\/schema.org\",\"@graph\":[{\"@type\":\"Article\",\"@id\":\"https:\\\/\\\/www.inmsol.com\\\/tr\\\/sin-categoria-tr\\\/granada-book-fair-2026-your-must-attend-event\\\/#article\",\"isPartOf\":{\"@id\":\"https:\\\/\\\/www.inmsol.com\\\/tr\\\/sin-categoria-tr\\\/granada-book-fair-2026-your-must-attend-event\\\/\"},\"author\":{\"name\":\"Rocio Mart\u00ednez\",\"@id\":\"https:\\\/\\\/www.inmsol.com\\\/tr\\\/#\\\/schema\\\/person\\\/d041a9956283741a6ed56e0530eb28b5\"},\"headline\":\"Granada Book Fair 2026: Your Must-Attend Event!\",\"datePublished\":\"2026-04-28T13:24:02+00:00\",\"mainEntityOfPage\":{\"@id\":\"https:\\\/\\\/www.inmsol.com\\\/tr\\\/sin-categoria-tr\\\/granada-book-fair-2026-your-must-attend-event\\\/\"},\"wordCount\":591,\"commentCount\":0,\"publisher\":{\"@id\":\"https:\\\/\\\/www.inmsol.com\\\/tr\\\/#organization\"},\"image\":{\"@id\":\"https:\\\/\\\/www.inmsol.com\\\/tr\\\/sin-categoria-tr\\\/granada-book-fair-2026-your-must-attend-event\\\/#primaryimage\"},\"thumbnailUrl\":\"https:\\\/\\\/www.inmsol.com\\\/wp-content\\\/uploads\\\/2026\\\/04\\\/Feria-del-Libro-Granada-3.png\",\"articleSection\":[\"Blog\",\"Cultura, Literatura e Historia de Espa\u00f1a e Hispanoam\u00e9rica\",\"Events in Granada\",\"Events in Granada\",\"Language\",\"Learning Spanish\",\"Learning Spanish\",\"News\"],\"inLanguage\":\"tr\",\"potentialAction\":[{\"@type\":\"CommentAction\",\"name\":\"Comment\",\"target\":[\"https:\\\/\\\/www.inmsol.com\\\/tr\\\/sin-categoria-tr\\\/granada-book-fair-2026-your-must-attend-event\\\/#respond\"]}]},{\"@type\":\"WebPage\",\"@id\":\"https:\\\/\\\/www.inmsol.com\\\/tr\\\/sin-categoria-tr\\\/granada-book-fair-2026-your-must-attend-event\\\/\",\"url\":\"https:\\\/\\\/www.inmsol.com\\\/tr\\\/sin-categoria-tr\\\/granada-book-fair-2026-your-must-attend-event\\\/\",\"name\":\"Granada Book Fair 2026: Your Must-Attend Event! &#8226; iNMSOL\",\"isPartOf\":{\"@id\":\"https:\\\/\\\/www.inmsol.com\\\/tr\\\/#website\"},\"primaryImageOfPage\":{\"@id\":\"https:\\\/\\\/www.inmsol.com\\\/tr\\\/sin-categoria-tr\\\/granada-book-fair-2026-your-must-attend-event\\\/#primaryimage\"},\"image\":{\"@id\":\"https:\\\/\\\/www.inmsol.com\\\/tr\\\/sin-categoria-tr\\\/granada-book-fair-2026-your-must-attend-event\\\/#primaryimage\"},\"thumbnailUrl\":\"https:\\\/\\\/www.inmsol.com\\\/wp-content\\\/uploads\\\/2026\\\/04\\\/Feria-del-Libro-Granada-3.png\",\"datePublished\":\"2026-04-28T13:24:02+00:00\",\"description\":\"Granada 2026: the Book Fair awaits you. Dates, locations, and evening events for Spanish students to live the full Spanish experience!\",\"breadcrumb\":{\"@id\":\"https:\\\/\\\/www.inmsol.com\\\/tr\\\/sin-categoria-tr\\\/granada-book-fair-2026-your-must-attend-event\\\/#breadcrumb\"},\"inLanguage\":\"tr\",\"potentialAction\":[{\"@type\":\"ReadAction\",\"target\":[\"https:\\\/\\\/www.inmsol.com\\\/tr\\\/sin-categoria-tr\\\/granada-book-fair-2026-your-must-attend-event\\\/\"]}]},{\"@type\":\"ImageObject\",\"inLanguage\":\"tr\",\"@id\":\"https:\\\/\\\/www.inmsol.com\\\/tr\\\/sin-categoria-tr\\\/granada-book-fair-2026-your-must-attend-event\\\/#primaryimage\",\"url\":\"https:\\\/\\\/www.inmsol.com\\\/wp-content\\\/uploads\\\/2026\\\/04\\\/Feria-del-Libro-Granada-3.png\",\"contentUrl\":\"https:\\\/\\\/www.inmsol.com\\\/wp-content\\\/uploads\\\/2026\\\/04\\\/Feria-del-Libro-Granada-3.png\",\"width\":800,\"height\":600},{\"@type\":\"BreadcrumbList\",\"@id\":\"https:\\\/\\\/www.inmsol.com\\\/tr\\\/sin-categoria-tr\\\/granada-book-fair-2026-your-must-attend-event\\\/#breadcrumb\",\"itemListElement\":[{\"@type\":\"ListItem\",\"position\":1,\"name\":\"Accredited Center by Instituto Cervantes\",\"item\":\"https:\\\/\\\/www.inmsol.com\\\/tr\\\/pagina-ejemplo\\\/\"},{\"@type\":\"ListItem\",\"position\":2,\"name\":\"Blog\",\"item\":\"https:\\\/\\\/www.inmsol.com\\\/tr\\\/category\\\/sin-categoria-tr\\\/\"},{\"@type\":\"ListItem\",\"position\":3,\"name\":\"Granada Book Fair 2026: Your Must-Attend Event!\"}]},{\"@type\":\"WebSite\",\"@id\":\"https:\\\/\\\/www.inmsol.com\\\/tr\\\/#website\",\"url\":\"https:\\\/\\\/www.inmsol.com\\\/tr\\\/\",\"name\":\"iNMSOL\",\"description\":\"Learn Spanish with Us | Cervantes acredited Learning Centre\",\"publisher\":{\"@id\":\"https:\\\/\\\/www.inmsol.com\\\/tr\\\/#organization\"},\"potentialAction\":[{\"@type\":\"SearchAction\",\"target\":{\"@type\":\"EntryPoint\",\"urlTemplate\":\"https:\\\/\\\/www.inmsol.com\\\/tr\\\/?s={search_term_string}\"},\"query-input\":{\"@type\":\"PropertyValueSpecification\",\"valueRequired\":true,\"valueName\":\"search_term_string\"}}],\"inLanguage\":\"tr\"},{\"@type\":\"Organization\",\"@id\":\"https:\\\/\\\/www.inmsol.com\\\/tr\\\/#organization\",\"name\":\"Instituto Mediterr\u00e1neo Sol\",\"url\":\"https:\\\/\\\/www.inmsol.com\\\/tr\\\/\",\"logo\":{\"@type\":\"ImageObject\",\"inLanguage\":\"tr\",\"@id\":\"https:\\\/\\\/www.inmsol.com\\\/tr\\\/#\\\/schema\\\/logo\\\/image\\\/\",\"url\":\"https:\\\/\\\/www.inmsol.com\\\/wp-content\\\/uploads\\\/2023\\\/06\\\/logo-inmsol-1.png\",\"contentUrl\":\"https:\\\/\\\/www.inmsol.com\\\/wp-content\\\/uploads\\\/2023\\\/06\\\/logo-inmsol-1.png\",\"width\":136,\"height\":73,\"caption\":\"Instituto Mediterr\u00e1neo Sol\"},\"image\":{\"@id\":\"https:\\\/\\\/www.inmsol.com\\\/tr\\\/#\\\/schema\\\/logo\\\/image\\\/\"},\"sameAs\":[\"https:\\\/\\\/www.facebook.com\\\/spanishcourses\",\"https:\\\/\\\/x.com\\\/StudyInGranada\",\"http:\\\/\\\/instagram.com\\\/imsolgranada\",\"https:\\\/\\\/es.linkedin.com\\\/company\\\/imsol-granada\",\"https:\\\/\\\/www.pinterest.es\\\/inmsol\\\/\",\"https:\\\/\\\/www.youtube.com\\\/channel\\\/UChz-Qn_7coFMosY85iYMO4g\"]},{\"@type\":\"Person\",\"@id\":\"https:\\\/\\\/www.inmsol.com\\\/tr\\\/#\\\/schema\\\/person\\\/d041a9956283741a6ed56e0530eb28b5\",\"name\":\"Rocio Mart\u00ednez\",\"image\":{\"@type\":\"ImageObject\",\"inLanguage\":\"tr\",\"@id\":\"https:\\\/\\\/secure.gravatar.com\\\/avatar\\\/95b9b0d999ef55a048952ade325bea9ee664237dc576277e59c3cc8fc6ea1123?s=96&d=mm&r=g\",\"url\":\"https:\\\/\\\/secure.gravatar.com\\\/avatar\\\/95b9b0d999ef55a048952ade325bea9ee664237dc576277e59c3cc8fc6ea1123?s=96&d=mm&r=g\",\"contentUrl\":\"https:\\\/\\\/secure.gravatar.com\\\/avatar\\\/95b9b0d999ef55a048952ade325bea9ee664237dc576277e59c3cc8fc6ea1123?s=96&d=mm&r=g\",\"caption\":\"Rocio Mart\u00ednez\"},\"url\":\"https:\\\/\\\/www.inmsol.com\\\/tr\\\/author\\\/secretaria\\\/\"}]}<\/script>\n<!-- \/ Yoast SEO plugin. -->","yoast_head_json":{"title":"Granada Book Fair 2026: Your Must-Attend Event! &#8226; iNMSOL","description":"Granada 2026: the Book Fair awaits you. Dates, locations, and evening events for Spanish students to live the full Spanish experience!","robots":{"index":"index","follow":"follow","max-snippet":"max-snippet:-1","max-image-preview":"max-image-preview:large","max-video-preview":"max-video-preview:-1"},"canonical":"https:\/\/www.inmsol.com\/tr\/sin-categoria-tr\/granada-book-fair-2026-your-must-attend-event\/","og_locale":"tr_TR","og_type":"article","og_title":"Granada Book Fair 2026: Your Must-Attend Event! &#8226; iNMSOL","og_description":"Granada 2026: the Book Fair awaits you. Dates, locations, and evening events for Spanish students to live the full Spanish experience!","og_url":"https:\/\/www.inmsol.com\/tr\/sin-categoria-tr\/granada-book-fair-2026-your-must-attend-event\/","og_site_name":"iNMSOL","article_publisher":"https:\/\/www.facebook.com\/spanishcourses","article_published_time":"2026-04-28T13:24:02+00:00","og_image":[{"width":800,"height":600,"url":"https:\/\/www.inmsol.com\/wp-content\/uploads\/2026\/04\/Feria-del-Libro-Granada-2.png","type":"image\/png"}],"author":"Rocio Mart\u00ednez","twitter_misc":{"Yazan:":"Rocio Mart\u00ednez","Tahmini okuma s\u00fcresi":"3 dakika"},"schema":{"@context":"https:\/\/schema.org","@graph":[{"@type":"Article","@id":"https:\/\/www.inmsol.com\/tr\/sin-categoria-tr\/granada-book-fair-2026-your-must-attend-event\/#article","isPartOf":{"@id":"https:\/\/www.inmsol.com\/tr\/sin-categoria-tr\/granada-book-fair-2026-your-must-attend-event\/"},"author":{"name":"Rocio Mart\u00ednez","@id":"https:\/\/www.inmsol.com\/tr\/#\/schema\/person\/d041a9956283741a6ed56e0530eb28b5"},"headline":"Granada Book Fair 2026: Your Must-Attend Event!","datePublished":"2026-04-28T13:24:02+00:00","mainEntityOfPage":{"@id":"https:\/\/www.inmsol.com\/tr\/sin-categoria-tr\/granada-book-fair-2026-your-must-attend-event\/"},"wordCount":591,"commentCount":0,"publisher":{"@id":"https:\/\/www.inmsol.com\/tr\/#organization"},"image":{"@id":"https:\/\/www.inmsol.com\/tr\/sin-categoria-tr\/granada-book-fair-2026-your-must-attend-event\/#primaryimage"},"thumbnailUrl":"https:\/\/www.inmsol.com\/wp-content\/uploads\/2026\/04\/Feria-del-Libro-Granada-3.png","articleSection":["Blog","Cultura, Literatura e Historia de Espa\u00f1a e Hispanoam\u00e9rica","Events in Granada","Events in Granada","Language","Learning Spanish","Learning Spanish","News"],"inLanguage":"tr","potentialAction":[{"@type":"CommentAction","name":"Comment","target":["https:\/\/www.inmsol.com\/tr\/sin-categoria-tr\/granada-book-fair-2026-your-must-attend-event\/#respond"]}]},{"@type":"WebPage","@id":"https:\/\/www.inmsol.com\/tr\/sin-categoria-tr\/granada-book-fair-2026-your-must-attend-event\/","url":"https:\/\/www.inmsol.com\/tr\/sin-categoria-tr\/granada-book-fair-2026-your-must-attend-event\/","name":"Granada Book Fair 2026: Your Must-Attend Event! &#8226; iNMSOL","isPartOf":{"@id":"https:\/\/www.inmsol.com\/tr\/#website"},"primaryImageOfPage":{"@id":"https:\/\/www.inmsol.com\/tr\/sin-categoria-tr\/granada-book-fair-2026-your-must-attend-event\/#primaryimage"},"image":{"@id":"https:\/\/www.inmsol.com\/tr\/sin-categoria-tr\/granada-book-fair-2026-your-must-attend-event\/#primaryimage"},"thumbnailUrl":"https:\/\/www.inmsol.com\/wp-content\/uploads\/2026\/04\/Feria-del-Libro-Granada-3.png","datePublished":"2026-04-28T13:24:02+00:00","description":"Granada 2026: the Book Fair awaits you. Dates, locations, and evening events for Spanish students to live the full Spanish experience!","breadcrumb":{"@id":"https:\/\/www.inmsol.com\/tr\/sin-categoria-tr\/granada-book-fair-2026-your-must-attend-event\/#breadcrumb"},"inLanguage":"tr","potentialAction":[{"@type":"ReadAction","target":["https:\/\/www.inmsol.com\/tr\/sin-categoria-tr\/granada-book-fair-2026-your-must-attend-event\/"]}]},{"@type":"ImageObject","inLanguage":"tr","@id":"https:\/\/www.inmsol.com\/tr\/sin-categoria-tr\/granada-book-fair-2026-your-must-attend-event\/#primaryimage","url":"https:\/\/www.inmsol.com\/wp-content\/uploads\/2026\/04\/Feria-del-Libro-Granada-3.png","contentUrl":"https:\/\/www.inmsol.com\/wp-content\/uploads\/2026\/04\/Feria-del-Libro-Granada-3.png","width":800,"height":600},{"@type":"BreadcrumbList","@id":"https:\/\/www.inmsol.com\/tr\/sin-categoria-tr\/granada-book-fair-2026-your-must-attend-event\/#breadcrumb","itemListElement":[{"@type":"ListItem","position":1,"name":"Accredited Center by Instituto Cervantes","item":"https:\/\/www.inmsol.com\/tr\/pagina-ejemplo\/"},{"@type":"ListItem","position":2,"name":"Blog","item":"https:\/\/www.inmsol.com\/tr\/category\/sin-categoria-tr\/"},{"@type":"ListItem","position":3,"name":"Granada Book Fair 2026: Your Must-Attend Event!"}]},{"@type":"WebSite","@id":"https:\/\/www.inmsol.com\/tr\/#website","url":"https:\/\/www.inmsol.com\/tr\/","name":"iNMSOL","description":"Learn Spanish with Us | Cervantes acredited Learning Centre","publisher":{"@id":"https:\/\/www.inmsol.com\/tr\/#organization"},"potentialAction":[{"@type":"SearchAction","target":{"@type":"EntryPoint","urlTemplate":"https:\/\/www.inmsol.com\/tr\/?s={search_term_string}"},"query-input":{"@type":"PropertyValueSpecification","valueRequired":true,"valueName":"search_term_string"}}],"inLanguage":"tr"},{"@type":"Organization","@id":"https:\/\/www.inmsol.com\/tr\/#organization","name":"Instituto Mediterr\u00e1neo Sol","url":"https:\/\/www.inmsol.com\/tr\/","logo":{"@type":"ImageObject","inLanguage":"tr","@id":"https:\/\/www.inmsol.com\/tr\/#\/schema\/logo\/image\/","url":"https:\/\/www.inmsol.com\/wp-content\/uploads\/2023\/06\/logo-inmsol-1.png","contentUrl":"https:\/\/www.inmsol.com\/wp-content\/uploads\/2023\/06\/logo-inmsol-1.png","width":136,"height":73,"caption":"Instituto Mediterr\u00e1neo Sol"},"image":{"@id":"https:\/\/www.inmsol.com\/tr\/#\/schema\/logo\/image\/"},"sameAs":["https:\/\/www.facebook.com\/spanishcourses","https:\/\/x.com\/StudyInGranada","http:\/\/instagram.com\/imsolgranada","https:\/\/es.linkedin.com\/company\/imsol-granada","https:\/\/www.pinterest.es\/inmsol\/","https:\/\/www.youtube.com\/channel\/UChz-Qn_7coFMosY85iYMO4g"]},{"@type":"Person","@id":"https:\/\/www.inmsol.com\/tr\/#\/schema\/person\/d041a9956283741a6ed56e0530eb28b5","name":"Rocio Mart\u00ednez","image":{"@type":"ImageObject","inLanguage":"tr","@id":"https:\/\/secure.gravatar.com\/avatar\/95b9b0d999ef55a048952ade325bea9ee664237dc576277e59c3cc8fc6ea1123?s=96&d=mm&r=g","url":"https:\/\/secure.gravatar.com\/avatar\/95b9b0d999ef55a048952ade325bea9ee664237dc576277e59c3cc8fc6ea1123?s=96&d=mm&r=g","contentUrl":"https:\/\/secure.gravatar.com\/avatar\/95b9b0d999ef55a048952ade325bea9ee664237dc576277e59c3cc8fc6ea1123?s=96&d=mm&r=g","caption":"Rocio Mart\u00ednez"},"url":"https:\/\/www.inmsol.com\/tr\/author\/secretaria\/"}]}},"_links":{"self":[{"href":"https:\/\/www.inmsol.com\/tr\/wp-json\/wp\/v2\/posts\/91062","targetHints":{"allow":["GET"]}}],"collection":[{"href":"https:\/\/www.inmsol.com\/tr\/wp-json\/wp\/v2\/posts"}],"about":[{"href":"https:\/\/www.inmsol.com\/tr\/wp-json\/wp\/v2\/types\/post"}],"author":[{"embeddable":true,"href":"https:\/\/www.inmsol.com\/tr\/wp-json\/wp\/v2\/users\/31"}],"replies":[{"embeddable":true,"href":"https:\/\/www.inmsol.com\/tr\/wp-json\/wp\/v2\/comments?post=91062"}],"version-history":[{"count":1,"href":"https:\/\/www.inmsol.com\/tr\/wp-json\/wp\/v2\/posts\/91062\/revisions"}],"predecessor-version":[{"id":91065,"href":"https:\/\/www.inmsol.com\/tr\/wp-json\/wp\/v2\/posts\/91062\/revisions\/91065"}],"wp:featuredmedia":[{"embeddable":true,"href":"https:\/\/www.inmsol.com\/tr\/wp-json\/wp\/v2\/media\/91038"}],"wp:attachment":[{"href":"https:\/\/www.inmsol.com\/tr\/wp-json\/wp\/v2\/media?parent=91062"}],"wp:term":[{"taxonomy":"category","embeddable":true,"href":"https:\/\/www.inmsol.com\/tr\/wp-json\/wp\/v2\/categories?post=91062"},{"taxonomy":"post_tag","embeddable":true,"href":"https:\/\/www.inmsol.com\/tr\/wp-json\/wp\/v2\/tags?post=91062"}],"curies":[{"name":"wp","href":"https:\/\/api.w.org\/{rel}","templated":true}]}}